{"id":8984,"date":"2014-11-30T23:42:31","date_gmt":"2014-11-30T21:42:31","guid":{"rendered":"http:\/\/ryttarutbildning.se\/?p=8984"},"modified":"2014-11-30T23:50:39","modified_gmt":"2014-11-30T21:50:39","slug":"sihs-2014","status":"publish","type":"post","link":"https:\/\/ryttarutbildning.se\/?p=8984","title":{"rendered":"SIHS 2014"},"content":{"rendered":"<p><img decoding=\"async\" src=\"http:\/\/ishestnews.se\/wp\/wp-content\/uploads\/sihs_hastfest-660x400.jpg\" alt=\"\" \/><\/p>\n<p>Nu \u00e4r <strong>SIHS<\/strong> slut f\u00f6r denna g\u00e5ng, traditionsenligt f\u00f6rsta adventshelgen men p\u00e5 ny arena. Jag har varit d\u00e4r i fredags och idag.<\/p>\n<p>I \u00e5r h\u00f6lls clinicen av <strong>Ingrid Klimke,<\/strong> och temat var cavaletti. Jag anv\u00e4nder ganska ofta bommar \u00e4ven p\u00e5 dressyrlektionerna som ett komplement, och lite &#8221;lydnadskontroll&#8221;. Det \u00e4r ocks\u00e5 bra gymnastik f\u00f6r h\u00e4starna. Hade kanske hoppats p\u00e5 lite mer matnyttiga tips och nya id\u00e9er, men tyv\u00e4rr blev det v\u00e4ldigt basic. Jag undrar om clinic-tiden har kortats ner? Var det inte l\u00e4ngre f\u00f6rut? F\u00f6rra \u00e5ret var det ocks\u00e5 v\u00e4ldigt kort tid, 30 min. Man hinner liksom inte &#8221;komma ig\u00e5ng&#8221; riktigt. Ni kan l\u00e4sa ett mer utf\u00f6rligt referat <a href=\"http:\/\/www.hippson.se\/blogs\/sihs-kollen\/kavaletti-ger-hoga-benlyft-och-avslappnad.htm\">h\u00e4r, <\/a>fr\u00e5n Hippson. \u00d6nskar mer tid till clinicen n\u00e4sta g\u00e5ng! Jag tycker det ska vara &#8221;huvud-attraktionen&#8221; p\u00e5 fredagen, och nu har den n\u00e4stan hamnat lite i skymundan ist\u00e4llet tyv\u00e4rr.<br \/>\n<img loading=\"lazy\" decoding=\"async\" src=\"https:\/\/fbcdn-sphotos-a-a.akamaihd.net\/hphotos-ak-xaf1\/v\/t1.0-9\/10494731_10152944118607704_561329430005043688_n.jpg?oh=09b3a25490e7b5a9a65722dc15f1095e&amp;oe=551BA4A2&amp;__gda__=1428097813_c15da465bfbc209ff6615e6161e0887a\" alt=\"\" width=\"299\" height=\"299\" \/><\/p>\n<p>Idag har jag varit och tittat p\u00e5 k\u00fcren, och det var v\u00e4ldigt bra i \u00e5r tyckte jag. Ibland har startf\u00e4ltet varit ganska blandat med n\u00e5gra h\u00f6jdpunkter och n\u00e5gra d\u00e4r jag har k\u00e4nt mig besviken p\u00e5 niv\u00e5n. I \u00e5r tyckte jag det var m\u00e5nga fina h\u00e4star och bra ridning. Kul! <strong>Tinne<\/strong> var en v\u00e4rdig vinnare, men tyckte \u00e4nd\u00e5 att <strong>Minnas<\/strong> ritt var fantastisk och underh\u00e5llande! Hon red till julmusik, vilket kanske l\u00e5ter som om det skulle kunna bli katastrof, men det var superbra gjort och st\u00e4mde bra till ridningen. V\u00e4ldigt roligt att se, och halva l\u00e4ktaren stod upp och appl\u00e5derade efter\u00e5t &#8211; det \u00e4r inte ofta! Ridsport skriver bra om det <a href=\"http:\/\/www.tidningenridsport.se\/Tavling\/SIHS\/2014\/11\/Varldscupkur-pagar\/\">h\u00e4r.<\/a><\/p>\n<p>Plus med Friends Arena var att man kunde titta p\u00e5 framridningen och att m\u00e4ssan var luftigare med mer plats. (Och att det \u00e4r n\u00e4rmre till Solna \u00e4n Globen!). Jag tycker nog att Globen k\u00e4ndes lite mysigare, men det \u00e4r nog mest en vanesak. Det var inga stora skillnader egentligen, som \u00e5sk\u00e5dare. Det g\u00e4ller att l\u00e4ra sig hitta p\u00e5 ett nytt st\u00e4lle bara&#8230; Bra helg, som alltid roligt och gillar traditionen att b\u00f6rja advents- och jultiden p\u00e5 detta s\u00e4tt! Blev \u00e4ven lite shopping, kanske l\u00e4gger upp mina fynd under morgondagen. Nu: sova! N\u00e4sta vecka \u00e4r som vanligt fullsp\u00e4ckad.<br \/>\n<img loading=\"lazy\" decoding=\"async\" class=\"aligncenter\" src=\"https:\/\/fbcdn-sphotos-h-a.akamaihd.net\/hphotos-ak-xpf1\/v\/t1.0-9\/10514468_10153435422793636_2663120567899811544_n.jpg?oh=b8259aca292d94c47fde7bee3e45375e&amp;oe=550E53E9&amp;__gda__=1423105174_be7251ecc58a5f1f6d6950a0747ff247\" alt=\"\" width=\"247\" height=\"246\" \/><em>Usch, tr\u00e5kiga och suddiga mobilbilder! Borde tagit med en riktigt kamera idag till dressyren. Satt p\u00e5 rad 1, n\u00e4stan i kn\u00e4t p\u00e5 h\u00e4starna. N\u00e4sta g\u00e5ng&#8230;<\/em><\/p>\n","protected":false},"excerpt":{"rendered":"<p>Nu \u00e4r SIHS slut f\u00f6r denna g\u00e5ng, traditionsenligt f\u00f6rsta adventshelgen men p\u00e5 ny arena. Jag har varit d\u00e4r i fredags och idag. I \u00e5r h\u00f6lls clinicen av Ingrid Klimke, och temat var cavaletti. Jag anv\u00e4nder ganska ofta bommar \u00e4ven p\u00e5 dressyrlektionerna som ett komplement, och lite &#8221;lydnadskontroll&#8221;. Det \u00e4r ocks\u00e5 bra gymnastik f\u00f6r h\u00e4starna. Hade [&hellip;]<\/p>\n","protected":false},"author":1,"featured_media":0,"comment_status":"open","ping_status":"open","sticky":false,"template":"","format":"standard","meta":{"_exactmetrics_skip_tracking":false,"_exactmetrics_sitenote_active":false,"_exactmetrics_sitenote_note":"","_exactmetrics_sitenote_category":0,"footnotes":""},"categories":[1],"tags":[],"class_list":["post-8984","post","type-post","status-publish","format-standard","hentry","category-uncategorized"],"_links":{"self":[{"href":"https:\/\/ryttarutbildning.se\/index.php?rest_route=\/wp\/v2\/posts\/8984","targetHints":{"allow":["GET"]}}],"collection":[{"href":"https:\/\/ryttarutbildning.se\/index.php?rest_route=\/wp\/v2\/posts"}],"about":[{"href":"https:\/\/ryttarutbildning.se\/index.php?rest_route=\/wp\/v2\/types\/post"}],"author":[{"embeddable":true,"href":"https:\/\/ryttarutbildning.se\/index.php?rest_route=\/wp\/v2\/users\/1"}],"replies":[{"embeddable":true,"href":"https:\/\/ryttarutbildning.se\/index.php?rest_route=%2Fwp%2Fv2%2Fcomments&post=8984"}],"version-history":[{"count":0,"href":"https:\/\/ryttarutbildning.se\/index.php?rest_route=\/wp\/v2\/posts\/8984\/revisions"}],"wp:attachment":[{"href":"https:\/\/ryttarutbildning.se\/index.php?rest_route=%2Fwp%2Fv2%2Fmedia&parent=8984"}],"wp:term":[{"taxonomy":"category","embeddable":true,"href":"https:\/\/ryttarutbildning.se\/index.php?rest_route=%2Fwp%2Fv2%2Fcategories&post=8984"},{"taxonomy":"post_tag","embeddable":true,"href":"https:\/\/ryttarutbildning.se\/index.php?rest_route=%2Fwp%2Fv2%2Ftags&post=8984"}],"curies":[{"name":"wp","href":"https:\/\/api.w.org\/{rel}","templated":true}]}}