{"id":8559,"date":"2014-09-23T12:28:09","date_gmt":"2014-09-23T10:28:09","guid":{"rendered":"http:\/\/ryttarutbildning.se\/?p=8559"},"modified":"2014-09-23T12:28:09","modified_gmt":"2014-09-23T10:28:09","slug":"ordning-och-reda-2","status":"publish","type":"post","link":"https:\/\/ryttarutbildning.se\/?p=8559","title":{"rendered":"Ordning och reda"},"content":{"rendered":"<p>S\u00e5 sk\u00f6nt! Har hunnit st\u00e4da ur mina sk\u00e5p och kolla igenom utrustningen p\u00e5 sadlarna och lite annat som beh\u00f6ver fyllas p\u00e5. Blir galen n\u00e4r det inte \u00e4r ordning p\u00e5 grejerna, men det har varit sv\u00e5rt i sommar n\u00e4r vi har haft extra g\u00e4ster i stallet. Nu i eftermiddag ska jag passa p\u00e5 och \u00e5ka till H\u00f6\u00f6ks och Stockholm Ridsport och fylla p\u00e5 f\u00f6rr\u00e5den med s\u00e5dant som \u00e4r slut eller trasigt. Beh\u00f6ver ett par nya jobb-skor ocks\u00e5, det \u00e4r h\u00e5l rakt igenom nu och det kanske inte \u00e4r s\u00e5 bra n\u00e4r det b\u00f6rjar bli lerigt ute!<br \/>\n<a href=\"https:\/\/media.ryttarutbildning.se\/2014\/09\/DSC_8701.jpg\"><img loading=\"lazy\" decoding=\"async\" class=\"aligncenter size-large wp-image-8560\" src=\"https:\/\/media.ryttarutbildning.se\/2014\/09\/DSC_8701-1024x775.jpg\" alt=\"DSC_8701\" width=\"584\" height=\"441\" srcset=\"https:\/\/media.ryttarutbildning.se\/2014\/09\/DSC_8701-1024x775.jpg 1024w, https:\/\/media.ryttarutbildning.se\/2014\/09\/DSC_8701-300x227.jpg 300w, https:\/\/media.ryttarutbildning.se\/2014\/09\/DSC_8701-396x300.jpg 396w\" sizes=\"auto, (max-width: 584px) 100vw, 584px\" \/><\/a><em>Den h\u00e4r fina h\u00e4sten har varit h\u00e4r exakt ett \u00e5r nu! N\u00e4r vi skulle ta f\u00f6rsta bilderna p\u00e5 henne s\u00e5 var hon v\u00e4ldigt okoncentrerad och sprang i princip runt i tr\u00e4dg\u00e5rden&#8230; Det bl\u00e5ste lite den dagen ocks\u00e5, vilket inte gjorde saken b\u00e4ttre. Hon blir lite l\u00e4tt sp\u00e4nd &#8211; tyv\u00e4rr \u00e4ven p\u00e5 t\u00e4vlingen i s\u00f6ndags. Dels var det v\u00e4ldigt bl\u00f6tt p\u00e5 banan och s\u00e5 var det n\u00e5gra mystiska m\u00e4nniskor som stod p\u00e5 ridbanan och \u00f6ste ut vatten, och de var v\u00e4ldigt l\u00e4skiga. Men, nya tag bara och p\u00e5 det igen! Jenny och Caramelle har en t\u00e4vling kvar p\u00e5 h\u00f6stens planering.\u00a0<\/em><\/p>\n<p>&nbsp;<\/p>\n","protected":false},"excerpt":{"rendered":"<p>S\u00e5 sk\u00f6nt! Har hunnit st\u00e4da ur mina sk\u00e5p och kolla igenom utrustningen p\u00e5 sadlarna och lite annat som beh\u00f6ver fyllas p\u00e5. Blir galen n\u00e4r det inte \u00e4r ordning p\u00e5 grejerna, men det har varit sv\u00e5rt i sommar n\u00e4r vi har haft extra g\u00e4ster i stallet. Nu i eftermiddag ska jag passa p\u00e5 och \u00e5ka till [&hellip;]<\/p>\n","protected":false},"author":1,"featured_media":0,"comment_status":"open","ping_status":"open","sticky":false,"template":"","format":"standard","meta":{"_exactmetrics_skip_tracking":false,"_exactmetrics_sitenote_active":false,"_exactmetrics_sitenote_note":"","_exactmetrics_sitenote_category":0,"footnotes":""},"categories":[7,18],"tags":[],"class_list":["post-8559","post","type-post","status-publish","format-standard","hentry","category-hastarna","category-min-dag"],"_links":{"self":[{"href":"https:\/\/ryttarutbildning.se\/index.php?rest_route=\/wp\/v2\/posts\/8559","targetHints":{"allow":["GET"]}}],"collection":[{"href":"https:\/\/ryttarutbildning.se\/index.php?rest_route=\/wp\/v2\/posts"}],"about":[{"href":"https:\/\/ryttarutbildning.se\/index.php?rest_route=\/wp\/v2\/types\/post"}],"author":[{"embeddable":true,"href":"https:\/\/ryttarutbildning.se\/index.php?rest_route=\/wp\/v2\/users\/1"}],"replies":[{"embeddable":true,"href":"https:\/\/ryttarutbildning.se\/index.php?rest_route=%2Fwp%2Fv2%2Fcomments&post=8559"}],"version-history":[{"count":0,"href":"https:\/\/ryttarutbildning.se\/index.php?rest_route=\/wp\/v2\/posts\/8559\/revisions"}],"wp:attachment":[{"href":"https:\/\/ryttarutbildning.se\/index.php?rest_route=%2Fwp%2Fv2%2Fmedia&parent=8559"}],"wp:term":[{"taxonomy":"category","embeddable":true,"href":"https:\/\/ryttarutbildning.se\/index.php?rest_route=%2Fwp%2Fv2%2Fcategories&post=8559"},{"taxonomy":"post_tag","embeddable":true,"href":"https:\/\/ryttarutbildning.se\/index.php?rest_route=%2Fwp%2Fv2%2Ftags&post=8559"}],"curies":[{"name":"wp","href":"https:\/\/api.w.org\/{rel}","templated":true}]}}