{"id":7284,"date":"2014-03-31T13:35:56","date_gmt":"2014-03-31T11:35:56","guid":{"rendered":"http:\/\/ryttarutbildning.se\/?p=7284"},"modified":"2014-03-31T13:35:56","modified_gmt":"2014-03-31T11:35:56","slug":"om-mina-hastar-var-manniskor","status":"publish","type":"post","link":"https:\/\/ryttarutbildning.se\/?p=7284","title":{"rendered":"Om mina h\u00e4star var m\u00e4nniskor"},"content":{"rendered":"<p>Jag tycker inte man ska f\u00f6rm\u00e4nskliga h\u00e4starna, men hur det \u00e4n \u00e4r s\u00e5 har de verkligen olika personlighetsdrag, och det m\u00e4rks \u00e4nnu mer n\u00e4r de g\u00e5r tillsammans i flock kan jag tycka. (Jag har mini-flockar, men \u00e4nd\u00e5.) Om mina h\u00e4star var en skolklass s\u00e5 skulle det vara s\u00e5h\u00e4r ungef\u00e4r:<\/p>\n<p><strong>Anea<\/strong>,<strong> Iffi<\/strong> och <strong>Fantasi<\/strong> \u00e4r en grupp. <strong>Anea<\/strong> \u00e4r den som leder gruppen, vilket m\u00e4rks mer p\u00e5 bete. D\u00e5 \u00e4r det hon som har &#8221;koll&#8221; p\u00e5 eventuella faror och det \u00e4r hon som flyttar gruppen i hagen. Anea har mycket integritet och h\u00e5ller sig g\u00e4rna f\u00f6r sig sj\u00e4lv, hon \u00e4r lite den som \u00e4r &#8221;tuffast i klassen&#8221; men utan att mobba de andra &#8211; en naturlig ledare som inte beh\u00f6ver trycka till de andra. Hon \u00e4r den som de andra ser upp till kan man s\u00e4ga.<strong> Iffi<\/strong> vill g\u00e4rna ocks\u00e5 vara lite h\u00e4ftig (hon \u00e4r den d\u00e4r som tjuvr\u00f6ker bakom knuten, ungef\u00e4r), men hon \u00e4r bara kaxig s\u00e5 l\u00e4nge hon har en &#8221;b\u00e4stis&#8221; som h\u00e4nger henne i hasorna och h\u00e5ller henne om ryggen. Om hon \u00e4r sj\u00e4lv s\u00e5 \u00e4r hon inte s\u00e5 kaxig l\u00e4ngre.<strong> Fantasi<\/strong> \u00e4r den d\u00e4r b\u00e4stisen som bara h\u00e4nger efter de andra och v\u00e4nder kappan efter vinden. Hon \u00e4r lite f\u00f6r blyg f\u00f6r att ta plats och g\u00f6r bara som alla andra.<\/p>\n<p><strong>Mackan, Calle<\/strong> och <strong>Nogge<\/strong> (inte just nu dock) g\u00e5r tillsammans. D\u00e5 \u00e4r det <strong>Nogge<\/strong> som \u00e4r den coola och lite kaxiga. Han kan g\u00e4rna s\u00e4tta de andra lite p\u00e5 plats bara f\u00f6r att visa att det \u00e4r han som best\u00e4mmer. <strong>Mackan<\/strong> vill dock g\u00e4rna ta \u00f6ver den rollen, men han g\u00f6r det bara genom att mobba de andra som \u00e4r lite svagare \u00e4n han &#8211; och dem f\u00f6ser han g\u00e4rna runt. Om han var m\u00e4nniska skulle han vara en s\u00e5n som kastade sudd p\u00e5 lektionerna och sedan skyllde ifr\u00e5n sig. Han skulle be sina underhuggare g\u00f6ra honom massa tj\u00e4nster och lura dem att g\u00f6ra dumma saker som han sj\u00e4lv slipper ta p\u00e5 sig skulden f\u00f6r. <strong>Calle<\/strong> \u00e4r den som f\u00e5r utf\u00f6ra hans \u00e4renden och han \u00e4r klassens pluggh\u00e4st som \u00e4r lite f\u00f6r sn\u00e4ll f\u00f6r att s\u00e4ga ifr\u00e5n. Ibland f\u00f6rs\u00f6ker han lite tafatt men han f\u00e5r liksom inget geh\u00f6r f\u00f6r det.<\/p>\n<p><strong>Cicooria<\/strong> och <strong>Caramelle<\/strong> \u00e4r klassens divor. De kan inte umg\u00e5s med n\u00e5gra andra f\u00f6r de \u00e4r s\u00e5dana d\u00e4r tjejer som bara kan umg\u00e5s tv\u00e5 och tv\u00e5. Om det kommer en tredje i gruppen kommer den bli trakasserad. Men s\u00e5 l\u00e4nge det bara \u00e4r de tv\u00e5 g\u00e5r det bra. Det \u00e4r s\u00e5dana d\u00e4r b\u00e4stisar som tycker att de sj\u00e4lva \u00e4r skitsnygga och som passar p\u00e5 att sminka sig p\u00e5 rasterna och typ har ny-lockat h\u00e5r varje dag. Alla killar vill vara med dem f\u00f6r att de \u00e4r s\u00e5 s\u00f6ta. Men om man kommer f\u00f6r n\u00e4ra s\u00e5 kan man f\u00e5 sig en snyting om man inte passar sig!<br \/>\n<a href=\"https:\/\/media.ryttarutbildning.se\/2014\/03\/400823_526414050751528_1436165727_n.jpg\"><img loading=\"lazy\" decoding=\"async\" class=\"aligncenter size-full wp-image-7285\" title=\"\" src=\"https:\/\/media.ryttarutbildning.se\/2014\/03\/400823_526414050751528_1436165727_n.jpg\" alt=\"\" width=\"960\" height=\"544\" srcset=\"https:\/\/media.ryttarutbildning.se\/2014\/03\/400823_526414050751528_1436165727_n.jpg 960w, https:\/\/media.ryttarutbildning.se\/2014\/03\/400823_526414050751528_1436165727_n-300x170.jpg 300w, https:\/\/media.ryttarutbildning.se\/2014\/03\/400823_526414050751528_1436165727_n-500x283.jpg 500w\" sizes=\"auto, (max-width: 960px) 100vw, 960px\" \/><\/a><br \/>\n<em>Och s\u00e5 h\u00e4r ser det ut n\u00e4r h\u00e4starna tar studenten&#8230;<\/em><\/p>\n","protected":false},"excerpt":{"rendered":"<p>Jag tycker inte man ska f\u00f6rm\u00e4nskliga h\u00e4starna, men hur det \u00e4n \u00e4r s\u00e5 har de verkligen olika personlighetsdrag, och det m\u00e4rks \u00e4nnu mer n\u00e4r de g\u00e5r tillsammans i flock kan jag tycka. (Jag har mini-flockar, men \u00e4nd\u00e5.) Om mina h\u00e4star var en skolklass s\u00e5 skulle det vara s\u00e5h\u00e4r ungef\u00e4r: Anea, Iffi och Fantasi \u00e4r en [&hellip;]<\/p>\n","protected":false},"author":1,"featured_media":0,"comment_status":"open","ping_status":"open","sticky":false,"template":"","format":"standard","meta":{"_exactmetrics_skip_tracking":false,"_exactmetrics_sitenote_active":false,"_exactmetrics_sitenote_note":"","_exactmetrics_sitenote_category":0,"footnotes":""},"categories":[7],"tags":[],"class_list":["post-7284","post","type-post","status-publish","format-standard","hentry","category-hastarna"],"_links":{"self":[{"href":"https:\/\/ryttarutbildning.se\/index.php?rest_route=\/wp\/v2\/posts\/7284","targetHints":{"allow":["GET"]}}],"collection":[{"href":"https:\/\/ryttarutbildning.se\/index.php?rest_route=\/wp\/v2\/posts"}],"about":[{"href":"https:\/\/ryttarutbildning.se\/index.php?rest_route=\/wp\/v2\/types\/post"}],"author":[{"embeddable":true,"href":"https:\/\/ryttarutbildning.se\/index.php?rest_route=\/wp\/v2\/users\/1"}],"replies":[{"embeddable":true,"href":"https:\/\/ryttarutbildning.se\/index.php?rest_route=%2Fwp%2Fv2%2Fcomments&post=7284"}],"version-history":[{"count":0,"href":"https:\/\/ryttarutbildning.se\/index.php?rest_route=\/wp\/v2\/posts\/7284\/revisions"}],"wp:attachment":[{"href":"https:\/\/ryttarutbildning.se\/index.php?rest_route=%2Fwp%2Fv2%2Fmedia&parent=7284"}],"wp:term":[{"taxonomy":"category","embeddable":true,"href":"https:\/\/ryttarutbildning.se\/index.php?rest_route=%2Fwp%2Fv2%2Fcategories&post=7284"},{"taxonomy":"post_tag","embeddable":true,"href":"https:\/\/ryttarutbildning.se\/index.php?rest_route=%2Fwp%2Fv2%2Ftags&post=7284"}],"curies":[{"name":"wp","href":"https:\/\/api.w.org\/{rel}","templated":true}]}}