{"id":72,"date":"2010-05-22T22:39:32","date_gmt":"2010-05-22T20:39:32","guid":{"rendered":"http:\/\/ryttarutbildning.se\/?p=72"},"modified":"2010-05-22T22:40:01","modified_gmt":"2010-05-22T20:40:01","slug":"tavling-pa-kvarnnibble","status":"publish","type":"post","link":"https:\/\/ryttarutbildning.se\/?p=72","title":{"rendered":"T\u00e4vling p\u00e5 Kvarnnibble"},"content":{"rendered":"<p>\u00a0<\/p>\n<p><a href=\"https:\/\/media.ryttarutbildning.se\/2010\/05\/DSCN0937.jpg\"><img loading=\"lazy\" decoding=\"async\" class=\"aligncenter size-medium wp-image-73\" title=\"Anna och Little Arramiz p\u00e5 t\u00e4vling\" src=\"https:\/\/media.ryttarutbildning.se\/2010\/05\/DSCN0937-300x225.jpg\" alt=\"\" width=\"300\" height=\"225\" srcset=\"https:\/\/media.ryttarutbildning.se\/2010\/05\/DSCN0937-300x225.jpg 300w, https:\/\/media.ryttarutbildning.se\/2010\/05\/DSCN0937-1024x768.jpg 1024w\" sizes=\"auto, (max-width: 300px) 100vw, 300px\" \/><\/a><\/p>\n<p>Idag har Anna och Arramiz t\u00e4vlat p\u00e5 Kvarnnibble g\u00e5rd i Bro, allts\u00e5 min gamla arbetsplats n\u00e4r jag jobbade p\u00e5 M\u00e4lardalens ridskola. Det var roligt eftersom jag tr\u00e4ffade massa v\u00e4nner och bekanta, och Arramiz var riktigt fin idag\u00a0 i LA3, Anna red superbra! Tyv\u00e4rr bytte han galopp en g\u00e5ng och skyggade i ett h\u00f6rn, men p\u00e5 det stora hela var han stadig och balanserad och fin i formen.\u00a0<\/p>\n<p>Jag tog \u00e4ven med mig en h\u00e4st hem, som jag l\u00e5nar av M\u00e4rit Olofsson under sommaren, och om det fungerar s\u00e5 k\u00f6per jag henne f\u00f6rhoppningsvis. Zalvia heter det nya tillskottet, se film:<\/p>\n<p><a href=\"http:\/\/www.youtube.com\/watch?v=gI4msOiXwS8\">http:\/\/www.youtube.com\/watch?v=gI4msOiXwS8<\/a><\/p>\n<p>Annars har jag br\u00e4nt armarna fullst\u00e4ndigt och f\u00f6rmodligen pajat \u00e5rets solbr\u00e4nna helt med streck p\u00e5 armarna, och s\u00e5 har jag tappat r\u00f6sten. S\u00e5 lektionerna imorgon blir sp\u00e4nnande&#8230;<\/p>\n","protected":false},"excerpt":{"rendered":"<p>\u00a0 Idag har Anna och Arramiz t\u00e4vlat p\u00e5 Kvarnnibble g\u00e5rd i Bro, allts\u00e5 min gamla arbetsplats n\u00e4r jag jobbade p\u00e5 M\u00e4lardalens ridskola. Det var roligt eftersom jag tr\u00e4ffade massa v\u00e4nner och bekanta, och Arramiz var riktigt fin idag\u00a0 i LA3, Anna red superbra! Tyv\u00e4rr bytte han galopp en g\u00e5ng och skyggade i ett h\u00f6rn, men [&hellip;]<\/p>\n","protected":false},"author":1,"featured_media":0,"comment_status":"open","ping_status":"open","sticky":false,"template":"","format":"standard","meta":{"_exactmetrics_skip_tracking":false,"_exactmetrics_sitenote_active":false,"_exactmetrics_sitenote_note":"","_exactmetrics_sitenote_category":0,"footnotes":""},"categories":[1],"tags":[],"class_list":["post-72","post","type-post","status-publish","format-standard","hentry","category-uncategorized"],"_links":{"self":[{"href":"https:\/\/ryttarutbildning.se\/index.php?rest_route=\/wp\/v2\/posts\/72","targetHints":{"allow":["GET"]}}],"collection":[{"href":"https:\/\/ryttarutbildning.se\/index.php?rest_route=\/wp\/v2\/posts"}],"about":[{"href":"https:\/\/ryttarutbildning.se\/index.php?rest_route=\/wp\/v2\/types\/post"}],"author":[{"embeddable":true,"href":"https:\/\/ryttarutbildning.se\/index.php?rest_route=\/wp\/v2\/users\/1"}],"replies":[{"embeddable":true,"href":"https:\/\/ryttarutbildning.se\/index.php?rest_route=%2Fwp%2Fv2%2Fcomments&post=72"}],"version-history":[{"count":0,"href":"https:\/\/ryttarutbildning.se\/index.php?rest_route=\/wp\/v2\/posts\/72\/revisions"}],"wp:attachment":[{"href":"https:\/\/ryttarutbildning.se\/index.php?rest_route=%2Fwp%2Fv2%2Fmedia&parent=72"}],"wp:term":[{"taxonomy":"category","embeddable":true,"href":"https:\/\/ryttarutbildning.se\/index.php?rest_route=%2Fwp%2Fv2%2Fcategories&post=72"},{"taxonomy":"post_tag","embeddable":true,"href":"https:\/\/ryttarutbildning.se\/index.php?rest_route=%2Fwp%2Fv2%2Ftags&post=72"}],"curies":[{"name":"wp","href":"https:\/\/api.w.org\/{rel}","templated":true}]}}