{"id":4310,"date":"2013-02-20T07:56:47","date_gmt":"2013-02-20T05:56:47","guid":{"rendered":"http:\/\/ryttarutbildning.se\/?p=4310"},"modified":"2013-02-20T07:56:47","modified_gmt":"2013-02-20T05:56:47","slug":"en-positiv-spiral","status":"publish","type":"post","link":"https:\/\/ryttarutbildning.se\/?p=4310","title":{"rendered":"En positiv spiral"},"content":{"rendered":"<p>Det \u00e4r m\u00e4rkligt att det ofta k\u00e4nns som om allt g\u00e5r d\u00e5ligt samtidigt -men likv\u00e4l kan det vara \u00e5t andra h\u00e5llet, om en sak g\u00e5r bra s\u00e5 g\u00f6r n\u00e4sta sak ocks\u00e5 det. Det \u00e4r ju verkligen s\u00e5 att om man m\u00e5r d\u00e5ligt eller det h\u00e4nder en st\u00f6rre jobbig grej, s\u00e5 f\u00f6ljs det g\u00e4rna av flera d\u00e5liga saker p\u00e5 samma g\u00e5ng. F\u00f6rhoppningsvis kan man ha ett f\u00f6rh\u00e5llningss\u00e4tt till det som g\u00f6r att man kan v\u00e4nda det hela -men visst, en del kan man inte styra \u00f6ver.<\/p>\n<p>Jag \u00e4r stolt \u00f6ver att jag lyckades jobba p\u00e5 trots att f\u00f6rra \u00e5ret egentligen var fullt av sm\u00e5 och stora olyckor, allts\u00e5 tv\u00e5 d\u00f6da h\u00e4star p\u00e5 ett \u00e5r och flera sjuka tycker inte jag \u00e4r normal statistik. F\u00f6rut har jag haft mycket l\u00e4ttare att suga \u00e5t mig det negativa, men det \u00e4r bra att ha eget f\u00f6retag och egen g\u00e5rd f\u00f6r jag kan inte ge upp. N\u00e4r jag var yngre skulle jag &#8221;sluta rida&#8221; s\u00e4kert en g\u00e5ng i m\u00e5naden bara f\u00f6r att jag hade ett d\u00e5ligt ridpass. Fast samtidigt har jag varit s\u00e5dan att jag f\u00f6rst bryter ihop lite, men sedan v\u00e4nder jag det d\u00e5liga till att sporra mig sj\u00e4lv. Och konstigt nog s\u00e5 tror jag att jag skulle ha tr\u00f6ttnat om det hade varit f\u00f6r l\u00e4tt. Lite motg\u00e5ngar \u00e4r trots allt bra, d\u00e5 blir man tvungen att ta tag i saker.<\/p>\n<p>Det jag egentligen ville komma fram till var att en bra h\u00e4ndelse ofta ocks\u00e5 f\u00f6r med sig fler bra h\u00e4ndelser. Och det h\u00e4r \u00e5ret har faktiskt b\u00f6rjat med en positiv spiral f\u00f6r mig. Inget storslaget har h\u00e4nt, det \u00e4r bara en k\u00e4nsla. Eller att alla h\u00e4star \u00e4r friska just nu, och mer \u00e4n s\u00e5, de \u00e4r riktigt fina och n\u00e5gra av dem blir bara b\u00e4ttre! Jag har flera duktiga elever som ger mig energi, jag har trevliga inackorderingar i stallet och jag tycker att ridningen k\u00e4nns l\u00e4ttare, som att n\u00e5got har sl\u00e4ppt. Och det g\u00f6r att lektionerna g\u00e5r l\u00e4ttare ocks\u00e5 p\u00e5 n\u00e5got vis. K\u00e4nns som om jag har landat h\u00e4r \u00e4ntligen. \u00c4ven om det \u00e4r stressigt ibland s\u00e5 k\u00e4nner jag mig lugnare och \u00e4r mycket mer n\u00f6jd \u00e4n p\u00e5 v\u00e4ldigt l\u00e4nge. Och nu \u00e4r det \u00e4nd\u00e5 min hatm\u00e5nad p\u00e5 \u00e5ret, s\u00e5 jag f\u00f6ruts\u00e4tter att resten av \u00e5ret blir \u00e4nnu b\u00e4ttre! \ud83d\ude09<\/p>\n<p><a href=\"https:\/\/media.ryttarutbildning.se\/2013\/02\/DSC_4677.jpg\"><img loading=\"lazy\" decoding=\"async\" class=\"aligncenter size-medium wp-image-4311\" title=\"\" src=\"https:\/\/media.ryttarutbildning.se\/2013\/02\/DSC_4677-300x199.jpg\" alt=\"\" width=\"300\" height=\"199\" srcset=\"https:\/\/media.ryttarutbildning.se\/2013\/02\/DSC_4677-300x199.jpg 300w, https:\/\/media.ryttarutbildning.se\/2013\/02\/DSC_4677-1024x680.jpg 1024w\" sizes=\"auto, (max-width: 300px) 100vw, 300px\" \/><\/a><\/p>\n","protected":false},"excerpt":{"rendered":"<p>Det \u00e4r m\u00e4rkligt att det ofta k\u00e4nns som om allt g\u00e5r d\u00e5ligt samtidigt -men likv\u00e4l kan det vara \u00e5t andra h\u00e5llet, om en sak g\u00e5r bra s\u00e5 g\u00f6r n\u00e4sta sak ocks\u00e5 det. Det \u00e4r ju verkligen s\u00e5 att om man m\u00e5r d\u00e5ligt eller det h\u00e4nder en st\u00f6rre jobbig grej, s\u00e5 f\u00f6ljs det g\u00e4rna av flera [&hellip;]<\/p>\n","protected":false},"author":1,"featured_media":0,"comment_status":"open","ping_status":"open","sticky":false,"template":"","format":"standard","meta":{"_exactmetrics_skip_tracking":false,"_exactmetrics_sitenote_active":false,"_exactmetrics_sitenote_note":"","_exactmetrics_sitenote_category":0,"footnotes":""},"categories":[14],"tags":[],"class_list":["post-4310","post","type-post","status-publish","format-standard","hentry","category-asikter-och-tankar"],"_links":{"self":[{"href":"https:\/\/ryttarutbildning.se\/index.php?rest_route=\/wp\/v2\/posts\/4310","targetHints":{"allow":["GET"]}}],"collection":[{"href":"https:\/\/ryttarutbildning.se\/index.php?rest_route=\/wp\/v2\/posts"}],"about":[{"href":"https:\/\/ryttarutbildning.se\/index.php?rest_route=\/wp\/v2\/types\/post"}],"author":[{"embeddable":true,"href":"https:\/\/ryttarutbildning.se\/index.php?rest_route=\/wp\/v2\/users\/1"}],"replies":[{"embeddable":true,"href":"https:\/\/ryttarutbildning.se\/index.php?rest_route=%2Fwp%2Fv2%2Fcomments&post=4310"}],"version-history":[{"count":0,"href":"https:\/\/ryttarutbildning.se\/index.php?rest_route=\/wp\/v2\/posts\/4310\/revisions"}],"wp:attachment":[{"href":"https:\/\/ryttarutbildning.se\/index.php?rest_route=%2Fwp%2Fv2%2Fmedia&parent=4310"}],"wp:term":[{"taxonomy":"category","embeddable":true,"href":"https:\/\/ryttarutbildning.se\/index.php?rest_route=%2Fwp%2Fv2%2Fcategories&post=4310"},{"taxonomy":"post_tag","embeddable":true,"href":"https:\/\/ryttarutbildning.se\/index.php?rest_route=%2Fwp%2Fv2%2Ftags&post=4310"}],"curies":[{"name":"wp","href":"https:\/\/api.w.org\/{rel}","templated":true}]}}