{"id":4116,"date":"2013-01-29T13:57:49","date_gmt":"2013-01-29T11:57:49","guid":{"rendered":"http:\/\/ryttarutbildning.se\/?p=4116"},"modified":"2013-01-29T14:00:19","modified_gmt":"2013-01-29T12:00:19","slug":"veckans-ovning-33","status":"publish","type":"post","link":"https:\/\/ryttarutbildning.se\/?p=4116","title":{"rendered":"Veckans \u00f6vning"},"content":{"rendered":"<p>Den h\u00e4r veckan ligger fokus p\u00e5 att f\u00e5 h\u00e4starna att <strong>sp\u00e5ra. <\/strong>Att sp\u00e5ra inneb\u00e4r att fram-och bakdel g\u00e5r p\u00e5 samma sp\u00e5r. Detta \u00e4r viktigt f\u00f6r att vi vill att h\u00e4starna ska b\u00e4ra lika mycket vikt p\u00e5 b\u00e5da sina bakben.<\/p>\n<p><strong>H\u00e4sten ska sp\u00e5ra b\u00e5de p\u00e5 rakt och b\u00f6jt sp\u00e5r!<\/strong><br \/>\nOm bakdelen g\u00e5r innanf\u00f6r s\u00e5 brukar man f\u00f6rs\u00f6ka r\u00e4tta in framdelen p\u00e5 bakdelens sp\u00e5r, genom att rida bogen in.<\/p>\n<p>N\u00e4r h\u00e4sten \u00e4r <strong>rakriktad<\/strong>, s\u00e5 inneb\u00e4r det att den \u00e4r liksidig och jobbar lika mycket med b\u00e5da bakbenen, vilket ocks\u00e5 ger ryttaren j\u00e4mnt st\u00f6d p\u00e5 b\u00e5da tyglarna. Observera att n\u00e4r h\u00e4sten \u00e4r <strong>rakst\u00e4lld<\/strong> s\u00e5 \u00e4r den rak i halsen och g\u00e5r rakt fram. Men <strong>rakriktad <\/strong>kan den vara \u00e4ven p\u00e5 ett b\u00f6jt sp\u00e5r!<\/p>\n<p><img decoding=\"async\" class=\"alignright\" src=\"http:\/\/www.hippson.se\/cldocpart\/108917.gif\" alt=\"\" \/><br \/>\nVi kommer att g\u00f6ra en<br \/>\ndel\u00a0av denna \u00f6vning,<br \/>\nsom du kan hitta p\u00e5<br \/>\n<a href=\"http:\/\/www.hippson.se\/ridovningar\/hitta-ytterskankeln.htm\">Hippson<\/a>.<br \/>\nBilden \u00e4r l\u00e5nad d\u00e4rifr\u00e5n.<\/p>\n<p>Fokus p\u00e5 h\u00e4starna \u00e4r att de<br \/>\nsp\u00e5rar. Fokus p\u00e5 er ryttare<br \/>\nblir att ni sitter rakt \u00f6ver h\u00e4sten!<\/p>\n","protected":false},"excerpt":{"rendered":"<p>Den h\u00e4r veckan ligger fokus p\u00e5 att f\u00e5 h\u00e4starna att sp\u00e5ra. Att sp\u00e5ra inneb\u00e4r att fram-och bakdel g\u00e5r p\u00e5 samma sp\u00e5r. Detta \u00e4r viktigt f\u00f6r att vi vill att h\u00e4starna ska b\u00e4ra lika mycket vikt p\u00e5 b\u00e5da sina bakben. H\u00e4sten ska sp\u00e5ra b\u00e5de p\u00e5 rakt och b\u00f6jt sp\u00e5r! Om bakdelen g\u00e5r innanf\u00f6r s\u00e5 brukar man [&hellip;]<\/p>\n","protected":false},"author":1,"featured_media":0,"comment_status":"open","ping_status":"open","sticky":false,"template":"","format":"standard","meta":{"_exactmetrics_skip_tracking":false,"_exactmetrics_sitenote_active":false,"_exactmetrics_sitenote_note":"","_exactmetrics_sitenote_category":0,"footnotes":""},"categories":[3],"tags":[],"class_list":["post-4116","post","type-post","status-publish","format-standard","hentry","category-veckans-ovning"],"_links":{"self":[{"href":"https:\/\/ryttarutbildning.se\/index.php?rest_route=\/wp\/v2\/posts\/4116","targetHints":{"allow":["GET"]}}],"collection":[{"href":"https:\/\/ryttarutbildning.se\/index.php?rest_route=\/wp\/v2\/posts"}],"about":[{"href":"https:\/\/ryttarutbildning.se\/index.php?rest_route=\/wp\/v2\/types\/post"}],"author":[{"embeddable":true,"href":"https:\/\/ryttarutbildning.se\/index.php?rest_route=\/wp\/v2\/users\/1"}],"replies":[{"embeddable":true,"href":"https:\/\/ryttarutbildning.se\/index.php?rest_route=%2Fwp%2Fv2%2Fcomments&post=4116"}],"version-history":[{"count":0,"href":"https:\/\/ryttarutbildning.se\/index.php?rest_route=\/wp\/v2\/posts\/4116\/revisions"}],"wp:attachment":[{"href":"https:\/\/ryttarutbildning.se\/index.php?rest_route=%2Fwp%2Fv2%2Fmedia&parent=4116"}],"wp:term":[{"taxonomy":"category","embeddable":true,"href":"https:\/\/ryttarutbildning.se\/index.php?rest_route=%2Fwp%2Fv2%2Fcategories&post=4116"},{"taxonomy":"post_tag","embeddable":true,"href":"https:\/\/ryttarutbildning.se\/index.php?rest_route=%2Fwp%2Fv2%2Ftags&post=4116"}],"curies":[{"name":"wp","href":"https:\/\/api.w.org\/{rel}","templated":true}]}}