{"id":3777,"date":"2012-12-29T23:47:18","date_gmt":"2012-12-29T21:47:18","guid":{"rendered":"http:\/\/ryttarutbildning.se\/?p=3777"},"modified":"2012-12-29T23:48:52","modified_gmt":"2012-12-29T21:48:52","slug":"forsta-anmalan-gjord","status":"publish","type":"post","link":"https:\/\/ryttarutbildning.se\/?p=3777","title":{"rendered":"F\u00f6rsta anm\u00e4lan gjord"},"content":{"rendered":"<p><a href=\"https:\/\/media.ryttarutbildning.se\/2012\/12\/DSC_3745.jpg\"><img loading=\"lazy\" decoding=\"async\" class=\"aligncenter size-medium wp-image-3778\" title=\"\" src=\"https:\/\/media.ryttarutbildning.se\/2012\/12\/DSC_3745-300x238.jpg\" alt=\"\" width=\"300\" height=\"238\" srcset=\"https:\/\/media.ryttarutbildning.se\/2012\/12\/DSC_3745-300x238.jpg 300w, https:\/\/media.ryttarutbildning.se\/2012\/12\/DSC_3745-1024x814.jpg 1024w, https:\/\/media.ryttarutbildning.se\/2012\/12\/DSC_3745.jpg 1635w\" sizes=\"auto, (max-width: 300px) 100vw, 300px\" \/><\/a><br \/>\nNu \u00e4r det dags att b\u00f6rja bevaka T\u00e4vlingsdatabasen igen.. Man m\u00e5ste ha en himla koll p\u00e5 n\u00e4r t\u00e4vlingarna \u00e4r, och n\u00e4r anm\u00e4lans sl\u00e4pps, i alla fall n\u00e4r man t\u00e4vlar dressyr&#8230; Nu har jag anm\u00e4lt Calle till en MsvC i februari. Egentligen hade det varit smart att b\u00f6rja med en LA, men samtidigt k\u00e4nner jag inte att jag har s\u00e5 mycket tid, och jag vill komma ig\u00e5ng s\u00e5 fort jag kan. Kruxet \u00e4r att det \u00e4r en kurs den helgen, s\u00e5 jag hoppas jag lyckas pussla ihop det tidsm\u00e4ssigt. S\u00e5, nu \u00e4r det h\u00f6g tid att s\u00e4tta fart p\u00e5 gubben och se om han orkar f\u00e5 ig\u00e5ng sina bakben.<\/p>\n<p>Anm\u00e4lan sl\u00e4pptes 18.00, och klassen var full tre minuter senare. Man f\u00e5r liksom adrenalinp\u00e5slag redan vid anm\u00e4lan till t\u00e4vlingen&#8230;<\/p>\n","protected":false},"excerpt":{"rendered":"<p>Nu \u00e4r det dags att b\u00f6rja bevaka T\u00e4vlingsdatabasen igen.. Man m\u00e5ste ha en himla koll p\u00e5 n\u00e4r t\u00e4vlingarna \u00e4r, och n\u00e4r anm\u00e4lans sl\u00e4pps, i alla fall n\u00e4r man t\u00e4vlar dressyr&#8230; Nu har jag anm\u00e4lt Calle till en MsvC i februari. Egentligen hade det varit smart att b\u00f6rja med en LA, men samtidigt k\u00e4nner jag inte [&hellip;]<\/p>\n","protected":false},"author":1,"featured_media":0,"comment_status":"open","ping_status":"open","sticky":false,"template":"","format":"standard","meta":{"_exactmetrics_skip_tracking":false,"_exactmetrics_sitenote_active":false,"_exactmetrics_sitenote_note":"","_exactmetrics_sitenote_category":0,"footnotes":""},"categories":[5],"tags":[],"class_list":["post-3777","post","type-post","status-publish","format-standard","hentry","category-traning-och-tavling"],"_links":{"self":[{"href":"https:\/\/ryttarutbildning.se\/index.php?rest_route=\/wp\/v2\/posts\/3777","targetHints":{"allow":["GET"]}}],"collection":[{"href":"https:\/\/ryttarutbildning.se\/index.php?rest_route=\/wp\/v2\/posts"}],"about":[{"href":"https:\/\/ryttarutbildning.se\/index.php?rest_route=\/wp\/v2\/types\/post"}],"author":[{"embeddable":true,"href":"https:\/\/ryttarutbildning.se\/index.php?rest_route=\/wp\/v2\/users\/1"}],"replies":[{"embeddable":true,"href":"https:\/\/ryttarutbildning.se\/index.php?rest_route=%2Fwp%2Fv2%2Fcomments&post=3777"}],"version-history":[{"count":0,"href":"https:\/\/ryttarutbildning.se\/index.php?rest_route=\/wp\/v2\/posts\/3777\/revisions"}],"wp:attachment":[{"href":"https:\/\/ryttarutbildning.se\/index.php?rest_route=%2Fwp%2Fv2%2Fmedia&parent=3777"}],"wp:term":[{"taxonomy":"category","embeddable":true,"href":"https:\/\/ryttarutbildning.se\/index.php?rest_route=%2Fwp%2Fv2%2Fcategories&post=3777"},{"taxonomy":"post_tag","embeddable":true,"href":"https:\/\/ryttarutbildning.se\/index.php?rest_route=%2Fwp%2Fv2%2Ftags&post=3777"}],"curies":[{"name":"wp","href":"https:\/\/api.w.org\/{rel}","templated":true}]}}