{"id":3754,"date":"2012-12-28T12:27:12","date_gmt":"2012-12-28T10:27:12","guid":{"rendered":"http:\/\/ryttarutbildning.se\/?p=3754"},"modified":"2012-12-28T12:29:23","modified_gmt":"2012-12-28T10:29:23","slug":"lite-ledigt-2","status":"publish","type":"post","link":"https:\/\/ryttarutbildning.se\/?p=3754","title":{"rendered":"Lite ledigt"},"content":{"rendered":"<p>Den h\u00e4r veckan mellan jul och ny\u00e5r f\u00f6rs\u00f6ker jag vara\u00a0 ledig s\u00e5 mycket jag kan. Inga lektioner, och sj\u00e4lv har jag inte ens ridit. Lektionsh\u00e4starna rids ut lite varannan dag ungef\u00e4r s\u00e5 att de inte stelnar till. Tycker det \u00e4r bra med en liten vintervila eftersom jag inte brukar ge dem s\u00e5 l\u00e5ngt bete, och jag tror det \u00e4r b\u00e4ttre att dela upp viloperioderna p\u00e5 flera kortare ist\u00e4llet f\u00f6r en j\u00e4ttel\u00e5ng. Nu p\u00e5 vintern n\u00e4r det \u00e4r kallt \u00e4r det \u00e4nd\u00e5 bra om de r\u00f6r p\u00e5 sig, s\u00e5 de rids ut eller longeras varvat med helt lediga dagar. Lektionsh\u00e4starna g\u00e5r ju ocks\u00e5 en hel del i ridhuset s\u00e5 det k\u00e4nns viktigt att de f\u00e5r variation, \u00e4ven om vi rider ut dem \u00e4ven under terminerna, men kanske inte i samma omfattning. Variation \u00e4r bra b\u00e5de f\u00f6r huvudet och kroppen!<\/p>\n<p><a href=\"https:\/\/media.ryttarutbildning.se\/2012\/12\/Bild-138.jpg\"><img loading=\"lazy\" decoding=\"async\" title=\"\" src=\"https:\/\/media.ryttarutbildning.se\/2012\/12\/Bild-138-300x198.jpg\" alt=\"\" width=\"300\" height=\"198\" \/><\/a><\/p>\n<p>Sj\u00e4lv b\u00f6rjar jag v\u00e4nja mig vid att kunna ta det lite lugnt, och m\u00e5ste erk\u00e4nna att det \u00e4r v\u00e4ldigt sk\u00f6nt! Ibland k\u00e4nns det som om man kan jobba hur mycket som helst, men det funkar ju inte i l\u00e4ngden att h\u00e5lla p\u00e5 s\u00e5. Tror att h\u00e4stm\u00e4nniskor \u00e4r experter p\u00e5 att bara k\u00f6ra p\u00e5, och s\u00e5 fort man \u00e4r ledig har man d\u00e5ligt samvete. Men jag vill orka h\u00e5lla p\u00e5 med det h\u00e4r i m\u00e5nga \u00e5r till, och d\u00e5 beh\u00f6ver kroppen f\u00e5 en paus. Och \u00e4ven huvudet.. Det \u00e4r l\u00e4tt att bli hemmablind och tappa lite inspiration om man aldrig pausar. Hoppas att jag ska f\u00e5 lite nya, fr\u00e4scha id\u00e9er nu inf\u00f6r 2013.<\/p>\n","protected":false},"excerpt":{"rendered":"<p>Den h\u00e4r veckan mellan jul och ny\u00e5r f\u00f6rs\u00f6ker jag vara\u00a0 ledig s\u00e5 mycket jag kan. Inga lektioner, och sj\u00e4lv har jag inte ens ridit. Lektionsh\u00e4starna rids ut lite varannan dag ungef\u00e4r s\u00e5 att de inte stelnar till. Tycker det \u00e4r bra med en liten vintervila eftersom jag inte brukar ge dem s\u00e5 l\u00e5ngt bete, och [&hellip;]<\/p>\n","protected":false},"author":1,"featured_media":0,"comment_status":"open","ping_status":"open","sticky":false,"template":"","format":"standard","meta":{"_exactmetrics_skip_tracking":false,"_exactmetrics_sitenote_active":false,"_exactmetrics_sitenote_note":"","_exactmetrics_sitenote_category":0,"footnotes":""},"categories":[8],"tags":[],"class_list":["post-3754","post","type-post","status-publish","format-standard","hentry","category-privat-ovrigt"],"_links":{"self":[{"href":"https:\/\/ryttarutbildning.se\/index.php?rest_route=\/wp\/v2\/posts\/3754","targetHints":{"allow":["GET"]}}],"collection":[{"href":"https:\/\/ryttarutbildning.se\/index.php?rest_route=\/wp\/v2\/posts"}],"about":[{"href":"https:\/\/ryttarutbildning.se\/index.php?rest_route=\/wp\/v2\/types\/post"}],"author":[{"embeddable":true,"href":"https:\/\/ryttarutbildning.se\/index.php?rest_route=\/wp\/v2\/users\/1"}],"replies":[{"embeddable":true,"href":"https:\/\/ryttarutbildning.se\/index.php?rest_route=%2Fwp%2Fv2%2Fcomments&post=3754"}],"version-history":[{"count":0,"href":"https:\/\/ryttarutbildning.se\/index.php?rest_route=\/wp\/v2\/posts\/3754\/revisions"}],"wp:attachment":[{"href":"https:\/\/ryttarutbildning.se\/index.php?rest_route=%2Fwp%2Fv2%2Fmedia&parent=3754"}],"wp:term":[{"taxonomy":"category","embeddable":true,"href":"https:\/\/ryttarutbildning.se\/index.php?rest_route=%2Fwp%2Fv2%2Fcategories&post=3754"},{"taxonomy":"post_tag","embeddable":true,"href":"https:\/\/ryttarutbildning.se\/index.php?rest_route=%2Fwp%2Fv2%2Ftags&post=3754"}],"curies":[{"name":"wp","href":"https:\/\/api.w.org\/{rel}","templated":true}]}}