{"id":3682,"date":"2012-12-20T23:54:32","date_gmt":"2012-12-20T21:54:32","guid":{"rendered":"http:\/\/ryttarutbildning.se\/?p=3682"},"modified":"2012-12-20T23:54:32","modified_gmt":"2012-12-20T21:54:32","slug":"presentation-av-hastarna-calle","status":"publish","type":"post","link":"https:\/\/ryttarutbildning.se\/?p=3682","title":{"rendered":"Presentation av h\u00e4starna &#8211; Calle"},"content":{"rendered":"<p><strong><a href=\"https:\/\/media.ryttarutbildning.se\/2012\/12\/DSCN2706.jpg\"><img loading=\"lazy\" decoding=\"async\" class=\"aligncenter size-large wp-image-3683\" title=\"\" src=\"https:\/\/media.ryttarutbildning.se\/2012\/12\/DSCN2706-948x1024.jpg\" alt=\"\" width=\"450\" height=\"486\" srcset=\"https:\/\/media.ryttarutbildning.se\/2012\/12\/DSCN2706-948x1024.jpg 948w, https:\/\/media.ryttarutbildning.se\/2012\/12\/DSCN2706-277x300.jpg 277w\" sizes=\"auto, (max-width: 450px) 100vw, 450px\" \/><\/a><\/strong><\/p>\n<p><strong>Calle <\/strong>heter egentligen <strong>Calero<\/strong>. Han \u00e4r f\u00f6dd <strong>1998 och e. Carolus &#8211; Lord.<br \/>\n<\/strong>Fr\u00e5n b\u00f6rjan\u00a0var han hopph\u00e4st, men han fungerar precis lika bra som dressyrh\u00e4st \u00e5t mina elever. Personligen tycker jag ocks\u00e5 v\u00e4ldigt mycket om att rida honom. Trots att han har lite raka bakben och \u00e4r lite f\u00f6r l\u00e5ngsam i sitt r\u00f6relsem\u00f6nster s\u00e5 kan man hitta en j\u00e4ttebra k\u00e4nsla p\u00e5 honom, och d\u00e5 k\u00e4nns han riktigt pampig och flott!<\/p>\n<p><a href=\"https:\/\/media.ryttarutbildning.se\/2012\/12\/DSC_3603.jpg\"><img loading=\"lazy\" decoding=\"async\" class=\"aligncenter size-medium wp-image-3684\" title=\"\" src=\"https:\/\/media.ryttarutbildning.se\/2012\/12\/DSC_3603-300x235.jpg\" alt=\"\" width=\"300\" height=\"235\" srcset=\"https:\/\/media.ryttarutbildning.se\/2012\/12\/DSC_3603-300x235.jpg 300w, https:\/\/media.ryttarutbildning.se\/2012\/12\/DSC_3603-1024x803.jpg 1024w\" sizes=\"auto, (max-width: 300px) 100vw, 300px\" \/><\/a><\/p>\n<p>Jag l\u00e5nade Calle under f\u00f6rra vintern ett par m\u00e5nader. I februari n\u00e5n g\u00e5ng (tror jag) s\u00e5 blev han s\u00e5ld. Hade g\u00e4rna k\u00f6pt honom sj\u00e4lv, men d\u00e5 var det inte alls l\u00e4ge.<\/p>\n<p><a href=\"https:\/\/media.ryttarutbildning.se\/2012\/12\/DSC_0018.jpg\"><img loading=\"lazy\" decoding=\"async\" class=\"aligncenter size-medium wp-image-3685\" title=\"\" src=\"https:\/\/media.ryttarutbildning.se\/2012\/12\/DSC_0018-225x300.jpg\" alt=\"\" width=\"225\" height=\"300\" srcset=\"https:\/\/media.ryttarutbildning.se\/2012\/12\/DSC_0018-225x300.jpg 225w, https:\/\/media.ryttarutbildning.se\/2012\/12\/DSC_0018-768x1024.jpg 768w, https:\/\/media.ryttarutbildning.se\/2012\/12\/DSC_0018.jpg 1944w\" sizes=\"auto, (max-width: 225px) 100vw, 225px\" \/><\/a><br \/>\nN\u00e5gra m\u00e5nader senare (juni kanske?) h\u00f6rde f\u00f6rra \u00e4garen av sig och undrade om jag beh\u00f6vde h\u00e4st. D\u00e5 visade det sig att de som hade k\u00f6pt honom hade best\u00e4mt sig f\u00f6r att flytta utomlands och ville l\u00e4mna tillbaka honom.\u00a0Just den h\u00e4r dagen n\u00e4r hon h\u00f6rde av sig, hade jag TV\u00c5 halta h\u00e4star samma dag och hade g\u00e5tt hem fr\u00e5n jobbet med hj\u00e4rtattack light eftersom jag inte visste vad jag skulle g\u00f6ra! Det m\u00e5ste ju vara \u00f6det, eller?<\/p>\n<p><a href=\"https:\/\/media.ryttarutbildning.se\/2012\/12\/DSC_3591.jpg\"><img loading=\"lazy\" decoding=\"async\" class=\"aligncenter size-medium wp-image-3686\" title=\"\" src=\"https:\/\/media.ryttarutbildning.se\/2012\/12\/DSC_3591-236x300.jpg\" alt=\"\" width=\"236\" height=\"300\" srcset=\"https:\/\/media.ryttarutbildning.se\/2012\/12\/DSC_3591-236x300.jpg 236w, https:\/\/media.ryttarutbildning.se\/2012\/12\/DSC_3591-807x1024.jpg 807w, https:\/\/media.ryttarutbildning.se\/2012\/12\/DSC_3591.jpg 1051w\" sizes=\"auto, (max-width: 236px) 100vw, 236px\" \/><\/a><\/p>\n<p>S\u00e5 sagt och gjort, k\u00f6pte honom p\u00e5 studs. Har inte \u00e5ngrat mig en sekund. Calle \u00e4r en s\u00e5n h\u00e4st som &#8221;alla&#8221; kan rida. Han \u00e4r supersn\u00e4ll, och om man inte \u00e4r van ryttare s\u00e5 blir han seg och lite tr\u00e5kig kanske, men han g\u00f6r allt man ber honom om. Om man \u00e4r rutinerad s\u00e5 kan man l\u00e4ra sig massor bara man &#8221;snurrar ig\u00e5ng&#8221; honom. Bytena \u00e4r stens\u00e4kra, och han kan \u00e4ven byta i serier samt g\u00f6ra stora piruetter. Galoppen \u00e4r hans starka sida &#8211; inte s\u00e5 konstigt om man har varit hopph\u00e4st. Traven b\u00f6rjar dock utvecklas ocks\u00e5.<\/p>\n<p><a href=\"https:\/\/media.ryttarutbildning.se\/2012\/12\/DSC_3790.jpg\"><img loading=\"lazy\" decoding=\"async\" class=\"aligncenter size-medium wp-image-3687\" title=\"\" src=\"https:\/\/media.ryttarutbildning.se\/2012\/12\/DSC_3790-296x300.jpg\" alt=\"\" width=\"296\" height=\"300\" srcset=\"https:\/\/media.ryttarutbildning.se\/2012\/12\/DSC_3790-296x300.jpg 296w, https:\/\/media.ryttarutbildning.se\/2012\/12\/DSC_3790-1010x1024.jpg 1010w, https:\/\/media.ryttarutbildning.se\/2012\/12\/DSC_3790.jpg 1240w\" sizes=\"auto, (max-width: 296px) 100vw, 296px\" \/><\/a><\/p>\n<p>Sedan jag k\u00f6pte honom tycker jag att han har blivit starkare och r\u00f6r sig mycket b\u00e4ttre. Kom just hem fr\u00e5n lektionerna ikv\u00e4ll d\u00e4r han var en fr\u00f6jd att titta p\u00e5. \ud83d\ude42<\/p>\n<p><a href=\"https:\/\/media.ryttarutbildning.se\/2012\/12\/DSC_3774.jpg\"><img loading=\"lazy\" decoding=\"async\" class=\"aligncenter size-medium wp-image-3688\" title=\"\" src=\"https:\/\/media.ryttarutbildning.se\/2012\/12\/DSC_3774-300x267.jpg\" alt=\"\" width=\"300\" height=\"267\" srcset=\"https:\/\/media.ryttarutbildning.se\/2012\/12\/DSC_3774-300x267.jpg 300w, https:\/\/media.ryttarutbildning.se\/2012\/12\/DSC_3774-1024x912.jpg 1024w, https:\/\/media.ryttarutbildning.se\/2012\/12\/DSC_3774.jpg 1075w\" sizes=\"auto, (max-width: 300px) 100vw, 300px\" \/><\/a><br \/>\nHan har f\u00e5tt g\u00f6ra n\u00e5gra dressyrstarter i LA och MsvC under h\u00f6sten. Egentligen hade jag t\u00e4nkt v\u00e4nta till v\u00e5ren men kunde inte l\u00e5ta bli. Tyv\u00e4rr har han kanske inte gjort n\u00e5gra lysande resultat d\u00e5 han blir seg inne p\u00e5 banan och &#8221;d\u00f6r&#8221;. Tror att det har en del med rutin och styrka att g\u00f6ra ocks\u00e5. F\u00f6rhoppningsvis kan jag f\u00e5 honom lite starkare och d\u00e4rmed kvickare i benen s\u00e5 att jag kan pressa honom mer i t\u00e4vlingssammanhang. T\u00e4nker inte ge mig riktigt \u00e4nnu utan siktar p\u00e5 att komma ut n\u00e5gra g\u00e5nger till n\u00e4sta \u00e5r. Sedan \u00e4r min f\u00f6rhoppning att n\u00e5n elev vill t\u00e4vla honom lite, eftersom han \u00e4r s\u00e5 himla sn\u00e4ll s\u00e5 \u00e4r han en perfekt l\u00e4rom\u00e4stare f\u00f6r det \u00e4ndam\u00e5let.<\/p>\n<p><a href=\"https:\/\/media.ryttarutbildning.se\/2012\/12\/DSC_3756.jpg\"><img loading=\"lazy\" decoding=\"async\" class=\"aligncenter size-medium wp-image-3689\" title=\"\" src=\"https:\/\/media.ryttarutbildning.se\/2012\/12\/DSC_3756-300x185.jpg\" alt=\"\" width=\"300\" height=\"185\" srcset=\"https:\/\/media.ryttarutbildning.se\/2012\/12\/DSC_3756-300x185.jpg 300w, https:\/\/media.ryttarutbildning.se\/2012\/12\/DSC_3756-1024x631.jpg 1024w, https:\/\/media.ryttarutbildning.se\/2012\/12\/DSC_3756.jpg 1740w\" sizes=\"auto, (max-width: 300px) 100vw, 300px\" \/><\/a><\/p>\n<p>Calle \u00e4r en s\u00e5n h\u00e4st som man vill klona. D\u00e5 skulle jag kunna s\u00e4lja hans kopior till alla som letar efter &#8221;v\u00e4lutbildad l\u00e4rom\u00e4stare&#8221; och tj\u00e4na en hacka. Men originalet kommer jag aldrig s\u00e4lja!<\/p>\n","protected":false},"excerpt":{"rendered":"<p>Calle heter egentligen Calero. Han \u00e4r f\u00f6dd 1998 och e. Carolus &#8211; Lord. Fr\u00e5n b\u00f6rjan\u00a0var han hopph\u00e4st, men han fungerar precis lika bra som dressyrh\u00e4st \u00e5t mina elever. Personligen tycker jag ocks\u00e5 v\u00e4ldigt mycket om att rida honom. Trots att han har lite raka bakben och \u00e4r lite f\u00f6r l\u00e5ngsam i sitt r\u00f6relsem\u00f6nster s\u00e5 kan [&hellip;]<\/p>\n","protected":false},"author":1,"featured_media":0,"comment_status":"open","ping_status":"open","sticky":false,"template":"","format":"standard","meta":{"_exactmetrics_skip_tracking":false,"_exactmetrics_sitenote_active":false,"_exactmetrics_sitenote_note":"","_exactmetrics_sitenote_category":0,"footnotes":""},"categories":[1],"tags":[],"class_list":["post-3682","post","type-post","status-publish","format-standard","hentry","category-uncategorized"],"_links":{"self":[{"href":"https:\/\/ryttarutbildning.se\/index.php?rest_route=\/wp\/v2\/posts\/3682","targetHints":{"allow":["GET"]}}],"collection":[{"href":"https:\/\/ryttarutbildning.se\/index.php?rest_route=\/wp\/v2\/posts"}],"about":[{"href":"https:\/\/ryttarutbildning.se\/index.php?rest_route=\/wp\/v2\/types\/post"}],"author":[{"embeddable":true,"href":"https:\/\/ryttarutbildning.se\/index.php?rest_route=\/wp\/v2\/users\/1"}],"replies":[{"embeddable":true,"href":"https:\/\/ryttarutbildning.se\/index.php?rest_route=%2Fwp%2Fv2%2Fcomments&post=3682"}],"version-history":[{"count":0,"href":"https:\/\/ryttarutbildning.se\/index.php?rest_route=\/wp\/v2\/posts\/3682\/revisions"}],"wp:attachment":[{"href":"https:\/\/ryttarutbildning.se\/index.php?rest_route=%2Fwp%2Fv2%2Fmedia&parent=3682"}],"wp:term":[{"taxonomy":"category","embeddable":true,"href":"https:\/\/ryttarutbildning.se\/index.php?rest_route=%2Fwp%2Fv2%2Fcategories&post=3682"},{"taxonomy":"post_tag","embeddable":true,"href":"https:\/\/ryttarutbildning.se\/index.php?rest_route=%2Fwp%2Fv2%2Ftags&post=3682"}],"curies":[{"name":"wp","href":"https:\/\/api.w.org\/{rel}","templated":true}]}}