{"id":3641,"date":"2012-12-14T22:54:39","date_gmt":"2012-12-14T20:54:39","guid":{"rendered":"http:\/\/ryttarutbildning.se\/?p=3641"},"modified":"2012-12-14T22:54:39","modified_gmt":"2012-12-14T20:54:39","slug":"hippologernas-dag-pa-stromsholm","status":"publish","type":"post","link":"https:\/\/ryttarutbildning.se\/?p=3641","title":{"rendered":"Hippologernas dag p\u00e5 Str\u00f6msholm"},"content":{"rendered":"<p><img loading=\"lazy\" decoding=\"async\" title=\"Kyra Kyrklund 011\" src=\"http:\/\/www.stromsholm.com\/wp-content\/blogs.dir\/2\/files\/2012\/12\/Kyra-Kyrklund-011-520x345.jpg\" alt=\"Kyra Kyrklund 011\" width=\"520\" height=\"345\" \/><\/p>\n<p>Idag har vi hippologer f\u00e5tt en alldeles egen clinic med Kyra Kyrklund p\u00e5 Str\u00f6msholm. Det kan man kalla kvalitativ fortbildning faktiskt! Till att b\u00f6rja med h\u00f6ll hon en ca tv\u00e5 timmar l\u00e5ng clinic med tre h\u00e4star, och efter lunchpausen fick vi \u00e4ven en fr\u00e5gestund p\u00e5 en timme. S\u00e5dant f\u00e5r man ju inte tillf\u00e4lle till s\u00e5 ofta, och det var roligt d\u00e5 det blir lite mer &#8221;personligt&#8221;.<\/p>\n<p>Jag \u00e4r inte s\u00e5 l\u00e4tt-impad men Kyra \u00e4r verkligen en f\u00f6rebild, f\u00f6r hon k\u00e4nns s\u00e5 jordn\u00e4ra och bjuder p\u00e5 sig sj\u00e4lv. Man f\u00e5r ocks\u00e5 en k\u00e4nsla av att hon verkligen ser h\u00e4sten som en individ tycker jag. Fr\u00e5n mig f\u00e5r hon \u00e4ven pluspo\u00e4ng d\u00e5 hon fick fr\u00e5gan vad som kr\u00e4vs f\u00f6r att n\u00e5 framg\u00e5ng och svaret \u00e4r (n\u00e5got f\u00f6renklat) &#8221;finsk sisu&#8221;. Haha, d\u00e5 kanske det finns hopp d\u00e5?!<\/p>\n<p>Ni kan l\u00e4sa mer om clinicen p\u00e5 RS hemsida:<br \/>\n<a href=\"http:\/\/www.stromsholm.com\/blog\/2012\/12\/14\/kyra-kyrklund-one-of-a-kind\/\">http:\/\/www.stromsholm.com\/blog\/2012\/12\/14\/kyra-kyrklund-one-of-a-kind\/<\/a><br \/>\nL\u00e5nat bilden d\u00e4rifr\u00e5n ocks\u00e5.<br \/>\nOm ni g\u00e5r till huvudsidan och scrollar ner s\u00e5 finns \u00e4ven info om en kommande clinic 6 januari som \u00e4r \u00f6ppen f\u00f6r allm\u00e4nheten.<\/p>\n","protected":false},"excerpt":{"rendered":"<p>Idag har vi hippologer f\u00e5tt en alldeles egen clinic med Kyra Kyrklund p\u00e5 Str\u00f6msholm. Det kan man kalla kvalitativ fortbildning faktiskt! Till att b\u00f6rja med h\u00f6ll hon en ca tv\u00e5 timmar l\u00e5ng clinic med tre h\u00e4star, och efter lunchpausen fick vi \u00e4ven en fr\u00e5gestund p\u00e5 en timme. S\u00e5dant f\u00e5r man ju inte tillf\u00e4lle till s\u00e5 [&hellip;]<\/p>\n","protected":false},"author":1,"featured_media":0,"comment_status":"open","ping_status":"open","sticky":false,"template":"","format":"standard","meta":{"_exactmetrics_skip_tracking":false,"_exactmetrics_sitenote_active":false,"_exactmetrics_sitenote_note":"","_exactmetrics_sitenote_category":0,"footnotes":""},"categories":[1],"tags":[],"class_list":["post-3641","post","type-post","status-publish","format-standard","hentry","category-uncategorized"],"_links":{"self":[{"href":"https:\/\/ryttarutbildning.se\/index.php?rest_route=\/wp\/v2\/posts\/3641","targetHints":{"allow":["GET"]}}],"collection":[{"href":"https:\/\/ryttarutbildning.se\/index.php?rest_route=\/wp\/v2\/posts"}],"about":[{"href":"https:\/\/ryttarutbildning.se\/index.php?rest_route=\/wp\/v2\/types\/post"}],"author":[{"embeddable":true,"href":"https:\/\/ryttarutbildning.se\/index.php?rest_route=\/wp\/v2\/users\/1"}],"replies":[{"embeddable":true,"href":"https:\/\/ryttarutbildning.se\/index.php?rest_route=%2Fwp%2Fv2%2Fcomments&post=3641"}],"version-history":[{"count":0,"href":"https:\/\/ryttarutbildning.se\/index.php?rest_route=\/wp\/v2\/posts\/3641\/revisions"}],"wp:attachment":[{"href":"https:\/\/ryttarutbildning.se\/index.php?rest_route=%2Fwp%2Fv2%2Fmedia&parent=3641"}],"wp:term":[{"taxonomy":"category","embeddable":true,"href":"https:\/\/ryttarutbildning.se\/index.php?rest_route=%2Fwp%2Fv2%2Fcategories&post=3641"},{"taxonomy":"post_tag","embeddable":true,"href":"https:\/\/ryttarutbildning.se\/index.php?rest_route=%2Fwp%2Fv2%2Ftags&post=3641"}],"curies":[{"name":"wp","href":"https:\/\/api.w.org\/{rel}","templated":true}]}}