{"id":3562,"date":"2012-12-07T15:10:50","date_gmt":"2012-12-07T13:10:50","guid":{"rendered":"http:\/\/ryttarutbildning.se\/?p=3562"},"modified":"2012-12-07T19:02:02","modified_gmt":"2012-12-07T17:02:02","slug":"3562","status":"publish","type":"post","link":"https:\/\/ryttarutbildning.se\/?p=3562","title":{"rendered":"Presentation av h\u00e4starna &#8211; Iffi"},"content":{"rendered":"<p>&#8221;Iffi&#8221; heter egentligen <strong>Ifigenia<\/strong>. Hon \u00e4r f\u00f6dd <strong>1996<\/strong> och e. <strong>Vivaldi-Flamingo<\/strong>.<br \/>\n<a href=\"https:\/\/media.ryttarutbildning.se\/2012\/12\/DSC_2059.jpg\"><img loading=\"lazy\" decoding=\"async\" class=\"aligncenter size-medium wp-image-3563\" title=\"\" src=\"https:\/\/media.ryttarutbildning.se\/2012\/12\/DSC_2059-300x199.jpg\" alt=\"\" width=\"300\" height=\"199\" srcset=\"https:\/\/media.ryttarutbildning.se\/2012\/12\/DSC_2059-300x199.jpg 300w, https:\/\/media.ryttarutbildning.se\/2012\/12\/DSC_2059-1024x680.jpg 1024w\" sizes=\"auto, (max-width: 300px) 100vw, 300px\" \/><\/a><br \/>\nIffi var den tredje h\u00e4sten jag k\u00f6pte, och henne hittade jag i Sk\u00e5ne via en bekant som hade henne till f\u00f6rs\u00e4ljning. Tyckte hon var fin, elegant och r\u00f6rde sig trevligt. Bortsett fr\u00e5n att hon ibland tog bettet och sprang s\u00e5 fick jag himla bra k\u00e4nsla, och t\u00e4nkte att det andra var en styrkefr\u00e5ga som bara var att jobba p\u00e5.<\/p>\n<p><a href=\"https:\/\/media.ryttarutbildning.se\/2012\/12\/DSCN1041.jpg\"><img loading=\"lazy\" decoding=\"async\" class=\"aligncenter size-medium wp-image-3564\" title=\"\" src=\"https:\/\/media.ryttarutbildning.se\/2012\/12\/DSCN1041-300x290.jpg\" alt=\"\" width=\"300\" height=\"290\" srcset=\"https:\/\/media.ryttarutbildning.se\/2012\/12\/DSCN1041-300x290.jpg 300w, https:\/\/media.ryttarutbildning.se\/2012\/12\/DSCN1041-1024x989.jpg 1024w\" sizes=\"auto, (max-width: 300px) 100vw, 300px\" \/><\/a><\/p>\n<p>Till att b\u00f6rja med gick det ganska bra med ridningen, men n\u00e4r jag h\u00f6jde kraven s\u00e5 hade hon v\u00e4ldigt mycket \u00e5sikter. Hon var v\u00e4ldigt oliksidig och n\u00e4r jag fick henne rakare blev hon \u00f6veranstr\u00e4ngd. Hon hade en hel del problem med galoppen, s\u00e4rskilt med eleverna. D\u00e5 kunde hon bli j\u00e4ttetjafsig i fattningarna. (Nu \u00e4r det hennes b\u00e4sta gren.)<\/p>\n<p><a href=\"https:\/\/media.ryttarutbildning.se\/2012\/12\/IMG_8363.jpg\"><img loading=\"lazy\" decoding=\"async\" class=\"aligncenter size-medium wp-image-3565\" title=\"\" src=\"https:\/\/media.ryttarutbildning.se\/2012\/12\/IMG_8363-300x200.jpg\" alt=\"\" width=\"300\" height=\"200\" srcset=\"https:\/\/media.ryttarutbildning.se\/2012\/12\/IMG_8363-300x200.jpg 300w, https:\/\/media.ryttarutbildning.se\/2012\/12\/IMG_8363.jpg 448w\" sizes=\"auto, (max-width: 300px) 100vw, 300px\" \/><\/a><\/p>\n<p>Till slut gick det inte alls och jag \u00e5kte till veterin\u00e4r. L\u00e5ng historia kort s\u00e5 var jag hos tv\u00e5 olika. Man hittade en del sekund\u00e4ra problem, men inte grundorsaken. En g\u00e5ng blev jag hemskickad att rida p\u00e5 &#8221;butta&#8221; (sm\u00e4rtstillande) &#8211; och ja, h\u00e4sten blev b\u00e4ttre, men vad hj\u00e4lpte det? Jag provade olika sadlar men det hj\u00e4lpte inte. Blev i princip &#8221;dumf\u00f6rklarad&#8221; ev veterin\u00e4r\/testryttare som bara tyckte att hon var &#8221;orastad&#8221; n\u00e4r hon kastade upp huvudet, s\u00e4nkte ryggen och gjorde allt f\u00f6r att slippa fatta galopp korrekt. S\u00e5 g\u00f6r en h\u00e4st som &#8221;flyr&#8221; ett problem, enligt mig.<\/p>\n<p><a href=\"https:\/\/media.ryttarutbildning.se\/2012\/12\/DSC_1389.jpg\"><img loading=\"lazy\" decoding=\"async\" class=\"aligncenter size-medium wp-image-3566\" title=\"\" src=\"https:\/\/media.ryttarutbildning.se\/2012\/12\/DSC_1389-300x200.jpg\" alt=\"\" width=\"300\" height=\"200\" srcset=\"https:\/\/media.ryttarutbildning.se\/2012\/12\/DSC_1389-300x200.jpg 300w, https:\/\/media.ryttarutbildning.se\/2012\/12\/DSC_1389-1024x685.jpg 1024w\" sizes=\"auto, (max-width: 300px) 100vw, 300px\" \/><\/a><\/p>\n<p>N\u00e4r hon stod som konvalescent under vintern blev hon odr\u00e4glig i stallet, eftersom hon var uttr\u00e5kad. S\u00e5 fort jag stack in n\u00e4san sparkade hon n\u00e4stan s\u00f6nder boxen. H\u00f6ll p\u00e5 att f\u00e5 panik, hade precis startat eget och hade bara fem h\u00e4star, varav en inte fungerade n\u00e4stan hela f\u00f6rsta \u00e5ret f\u00f6rutom sporadiskt. Dessutom gick hon mig p\u00e5 nerverna med sitt sparkande!<\/p>\n<p>Till sommaren var taket p\u00e5 f\u00f6rs\u00e4kringen n\u00e5tt. T\u00e4nkte i princip ge bort h\u00e4sten men sl\u00e4ppte henne p\u00e5 bete. D\u00e4r var det en klantskalle som lovade att se till henne, men n\u00e4r jag \u00e5kte dit f\u00f6r att kolla till henne s\u00e5 hade de inte vatten, hon var smal, och hade dessutom ett varigt, flera dagar gammalt s\u00e5r i karleden?!! S\u00e5 d\u00e5 tog jag hem henne och l\u00e4t min praktikant rida kravl\u00f6st. Ville inte sitta upp sj\u00e4lv f\u00f6r jag ville inte s\u00e4tta f\u00f6r h\u00f6ga krav p\u00e5 henne.<\/p>\n<p><a href=\"https:\/\/media.ryttarutbildning.se\/2012\/12\/DSCN1059.jpg\"><img loading=\"lazy\" decoding=\"async\" class=\"aligncenter size-medium wp-image-3567\" title=\"\" src=\"https:\/\/media.ryttarutbildning.se\/2012\/12\/DSCN1059-300x225.jpg\" alt=\"\" width=\"300\" height=\"225\" srcset=\"https:\/\/media.ryttarutbildning.se\/2012\/12\/DSCN1059-300x225.jpg 300w, https:\/\/media.ryttarutbildning.se\/2012\/12\/DSCN1059-1024x768.jpg 1024w\" sizes=\"auto, (max-width: 300px) 100vw, 300px\" \/><\/a><\/p>\n<p>Till slut tog jag in henne p\u00e5 lektion igen och det fungerade ett tag, men sedan blev det ny v\u00e4nda till veterin\u00e4ren, denna g\u00e5ng till Brunm\u00e5la, och d\u00e4r fick jag hj\u00e4lp till slut. De behandlade ryggen och blistrade bakkn\u00e4na (skriver ett inl\u00e4gg om det vid tillf\u00e4lle..) &#8211; och efter ig\u00e5ngs\u00e4ttning s\u00e5 var hon som ny! Hur enkelt som helst. Och\u00a0d\u00e5 hade jag sl\u00f6sat tid och energi ca 1\u00bd \u00e5r med fel veterin\u00e4rer.<\/p>\n<p><a href=\"https:\/\/media.ryttarutbildning.se\/2012\/12\/DSC_0126.jpg\"><img loading=\"lazy\" decoding=\"async\" class=\"aligncenter size-medium wp-image-3568\" title=\"\" src=\"https:\/\/media.ryttarutbildning.se\/2012\/12\/DSC_0126-300x200.jpg\" alt=\"\" width=\"300\" height=\"200\" srcset=\"https:\/\/media.ryttarutbildning.se\/2012\/12\/DSC_0126-300x200.jpg 300w, https:\/\/media.ryttarutbildning.se\/2012\/12\/DSC_0126-1024x685.jpg 1024w\" sizes=\"auto, (max-width: 300px) 100vw, 300px\" \/><\/a><\/p>\n<p>Efter det red jag henne mycket sj\u00e4lv, och t\u00e4nkte fortfarande s\u00e4lja henne. Men eftersom jag aldrig skulle kunna s\u00e4lja en h\u00e4st som inte var tillr\u00e4ckligt fin s\u00e5 lade jag massa jobb p\u00e5 henne &#8211; och helt pl\u00f6tsligt var hon s\u00e5 fin att jag ville beh\u00e5lla henne trots allt, haha.<\/p>\n<p>Och nu \u00e4r hon en av mina stadigaste och sn\u00e4llaste lektionsh\u00e4star, som jag hoppas ska h\u00e5lla m\u00e5nga \u00e5r till. Hon \u00e4r supersn\u00e4ll i all hantering (utom att hon tr\u00e4nger sig ut ur hagen om man inte tar henne f\u00f6rst) &#8211; st\u00e5r som ett ljus vid all sk\u00f6tsel, och nu sparkar hon bara i boxen om hon tror att grannen ska sno hennes mat. Massor av elever har f\u00e5tt j\u00e4ttemycket gl\u00e4dje av att rida henne och f\u00e5r massa &#8221;a-ha&#8221;-upplevelser p\u00e5 hennes rygg. S\u00e5 det var v\u00e4rt m\u00f6dan. Men jag har varit himla n\u00e4ra att ge upp.<\/p>\n<p>Man blir ganska besviken p\u00e5 veterin\u00e4rer ibland. Jag VET att de inte \u00e4r &#8221;gud&#8221; eller kan trolla, men jag k\u00e4nde att jag blev dumf\u00f6rklarad och att de trodde att det bara handlade om d\u00e5lig ridning. Jag fattar att m\u00e5nga \u00e5ker in med h\u00e4sten och tror att det \u00e4r fel p\u00e5 den n\u00e4r det egentligen \u00e4r fel p\u00e5 en sj\u00e4lv, men alla h\u00e4star jag har k\u00e4nt att det har varit n\u00e5got lurt med har haft problem, \u00e4ven om det inte \u00e4r en tydlig h\u00e4lta. Att \u00e5ka hem och rida p\u00e5 sm\u00e4rtstillande \u00e4r ju bara att skjuta problemet fram\u00e5t och ingen diagnos. Det kommer jag aldrig mer st\u00e4lla upp p\u00e5. Men vid det h\u00e4r laget har jag l\u00e4rt mig mycket mer om diffusa h\u00e4ltor\/r\u00f6relsest\u00f6rningar och annat, s\u00e5 nu kan jag st\u00e5 p\u00e5 mig mer. MEN kruxet \u00e4r att f\u00f6r att f\u00e5 r\u00e4tt hj\u00e4lp av veterin\u00e4ren m\u00e5ste man kunna en himla massa sj\u00e4lv. Det viktigaste \u00e4r nog \u00e4nd\u00e5 att lita p\u00e5 sin magk\u00e4nsla, f\u00f6r oftast \u00e4r den r\u00e4tt.<\/p>\n<p><a href=\"https:\/\/media.ryttarutbildning.se\/2012\/12\/DSC_1545.jpg\"><img loading=\"lazy\" decoding=\"async\" class=\"aligncenter size-medium wp-image-3569\" title=\"\" src=\"https:\/\/media.ryttarutbildning.se\/2012\/12\/DSC_1545-200x300.jpg\" alt=\"\" width=\"200\" height=\"300\" srcset=\"https:\/\/media.ryttarutbildning.se\/2012\/12\/DSC_1545-200x300.jpg 200w, https:\/\/media.ryttarutbildning.se\/2012\/12\/DSC_1545-685x1024.jpg 685w\" sizes=\"auto, (max-width: 200px) 100vw, 200px\" \/><\/a><\/p>\n<p>Hur som helst &#8211; efter mycket slit s\u00e5 \u00e4r Iffi en kanonh\u00e4st. Hon trivs bra h\u00e4r, \u00e4r social och verkar tycka att lektionslivet \u00e4r bra &#8211; det passar henne lagom. Vi har nu en \u00f6verrenskommelse och den \u00e4r att s\u00e5 l\u00e4nge hon g\u00e5r bra p\u00e5 lektion s\u00e5 st\u00e4ller jag inte heller alltf\u00f6r h\u00f6ga krav p\u00e5 henne. Jag hade nog hoppats p\u00e5 att trimma till henne mer fr\u00e5n b\u00f6rjan &#8211; men hon var 13 \u00e5r n\u00e4r jag k\u00f6pte henne och hade g\u00e5tt p\u00e5 ett visst s\u00e4tt fram tills dess. N\u00e4r jag d\u00e5 \u00f6kade kraven och b\u00f6rjade &#8221;modellera om&#8221; henne s\u00e5 blev det en krock. Nu har vi m\u00f6tts halvv\u00e4gs och b\u00e5da \u00e4r n\u00f6jda!<\/p>\n<p>&nbsp;<\/p>\n","protected":false},"excerpt":{"rendered":"<p>&#8221;Iffi&#8221; heter egentligen Ifigenia. Hon \u00e4r f\u00f6dd 1996 och e. Vivaldi-Flamingo. Iffi var den tredje h\u00e4sten jag k\u00f6pte, och henne hittade jag i Sk\u00e5ne via en bekant som hade henne till f\u00f6rs\u00e4ljning. Tyckte hon var fin, elegant och r\u00f6rde sig trevligt. Bortsett fr\u00e5n att hon ibland tog bettet och sprang s\u00e5 fick jag himla bra [&hellip;]<\/p>\n","protected":false},"author":1,"featured_media":0,"comment_status":"open","ping_status":"open","sticky":false,"template":"","format":"standard","meta":{"_exactmetrics_skip_tracking":false,"_exactmetrics_sitenote_active":false,"_exactmetrics_sitenote_note":"","_exactmetrics_sitenote_category":0,"footnotes":""},"categories":[1],"tags":[],"class_list":["post-3562","post","type-post","status-publish","format-standard","hentry","category-uncategorized"],"_links":{"self":[{"href":"https:\/\/ryttarutbildning.se\/index.php?rest_route=\/wp\/v2\/posts\/3562","targetHints":{"allow":["GET"]}}],"collection":[{"href":"https:\/\/ryttarutbildning.se\/index.php?rest_route=\/wp\/v2\/posts"}],"about":[{"href":"https:\/\/ryttarutbildning.se\/index.php?rest_route=\/wp\/v2\/types\/post"}],"author":[{"embeddable":true,"href":"https:\/\/ryttarutbildning.se\/index.php?rest_route=\/wp\/v2\/users\/1"}],"replies":[{"embeddable":true,"href":"https:\/\/ryttarutbildning.se\/index.php?rest_route=%2Fwp%2Fv2%2Fcomments&post=3562"}],"version-history":[{"count":0,"href":"https:\/\/ryttarutbildning.se\/index.php?rest_route=\/wp\/v2\/posts\/3562\/revisions"}],"wp:attachment":[{"href":"https:\/\/ryttarutbildning.se\/index.php?rest_route=%2Fwp%2Fv2%2Fmedia&parent=3562"}],"wp:term":[{"taxonomy":"category","embeddable":true,"href":"https:\/\/ryttarutbildning.se\/index.php?rest_route=%2Fwp%2Fv2%2Fcategories&post=3562"},{"taxonomy":"post_tag","embeddable":true,"href":"https:\/\/ryttarutbildning.se\/index.php?rest_route=%2Fwp%2Fv2%2Ftags&post=3562"}],"curies":[{"name":"wp","href":"https:\/\/api.w.org\/{rel}","templated":true}]}}