{"id":2740,"date":"2012-07-15T18:06:26","date_gmt":"2012-07-15T16:06:26","guid":{"rendered":"http:\/\/ryttarutbildning.se\/?p=2740"},"modified":"2012-07-15T18:07:09","modified_gmt":"2012-07-15T16:07:09","slug":"sista-semesterdagen","status":"publish","type":"post","link":"https:\/\/ryttarutbildning.se\/?p=2740","title":{"rendered":"Sista semesterdagen"},"content":{"rendered":"<p>Kom hem ifr\u00e5n Gotland i onsdags, men har dragit p\u00e5 ledigheten n\u00e5gra dagar till. Visserligen sv\u00e5rt att vara helt ledig n\u00e4r man \u00e4r hemma, men har i alla fall tagit det ganska lugnt. I morgon b\u00f6rjar jag jobba &#8221;p\u00e5 riktigt&#8221; igen. Det betyder att jag m\u00e5ste ta tag i massa saker, s\u00e5som fakturor som jag drar mig f\u00f6r att g\u00f6ra, samt <strong>LETA H\u00c4ST<\/strong>. Om du har tips p\u00e5 h\u00e4st till salu eller utl\u00e5ning som det tror kan passa i verksamheten s\u00e5 f\u00e5r du g\u00e4rna h\u00f6ra av dig!<\/p>\n<p>Inom kort b\u00f6rjar jag \u00e4ven l\u00e4gga upp datum inf\u00f6r h\u00f6stens kurser och dagl\u00e4ger &#8211; h\u00e5ll \u00f6gonen \u00f6ppna!<\/p>\n<p><a href=\"https:\/\/media.ryttarutbildning.se\/2012\/07\/DSCN2786.jpg\"><img loading=\"lazy\" decoding=\"async\" class=\"aligncenter size-medium wp-image-2741\" src=\"https:\/\/media.ryttarutbildning.se\/2012\/07\/DSCN2786-300x191.jpg\" alt=\"\" width=\"300\" height=\"191\" srcset=\"https:\/\/media.ryttarutbildning.se\/2012\/07\/DSCN2786-300x191.jpg 300w, https:\/\/media.ryttarutbildning.se\/2012\/07\/DSCN2786-1024x655.jpg 1024w\" sizes=\"auto, (max-width: 300px) 100vw, 300px\" \/><\/a><\/p>\n<p><a href=\"https:\/\/media.ryttarutbildning.se\/2012\/07\/DSCN2836.jpg\"><img loading=\"lazy\" decoding=\"async\" class=\"aligncenter size-medium wp-image-2742\" src=\"https:\/\/media.ryttarutbildning.se\/2012\/07\/DSCN2836-225x300.jpg\" alt=\"\" width=\"225\" height=\"300\" srcset=\"https:\/\/media.ryttarutbildning.se\/2012\/07\/DSCN2836-225x300.jpg 225w, https:\/\/media.ryttarutbildning.se\/2012\/07\/DSCN2836-768x1024.jpg 768w\" sizes=\"auto, (max-width: 225px) 100vw, 225px\" \/><\/a><\/p>\n<p><a href=\"https:\/\/media.ryttarutbildning.se\/2012\/07\/DSCN2860.jpg\"><img loading=\"lazy\" decoding=\"async\" class=\"aligncenter size-medium wp-image-2743\" src=\"https:\/\/media.ryttarutbildning.se\/2012\/07\/DSCN2860-300x225.jpg\" alt=\"\" width=\"300\" height=\"225\" srcset=\"https:\/\/media.ryttarutbildning.se\/2012\/07\/DSCN2860-300x225.jpg 300w, https:\/\/media.ryttarutbildning.se\/2012\/07\/DSCN2860-1024x768.jpg 1024w\" sizes=\"auto, (max-width: 300px) 100vw, 300px\" \/><\/a><\/p>\n<p style=\"text-align: center;\"><a href=\"https:\/\/media.ryttarutbildning.se\/2012\/07\/DSCN2879.jpg\"><img loading=\"lazy\" decoding=\"async\" class=\"aligncenter size-medium wp-image-2744\" src=\"https:\/\/media.ryttarutbildning.se\/2012\/07\/DSCN2879-300x225.jpg\" alt=\"\" width=\"300\" height=\"225\" srcset=\"https:\/\/media.ryttarutbildning.se\/2012\/07\/DSCN2879-300x225.jpg 300w, https:\/\/media.ryttarutbildning.se\/2012\/07\/DSCN2879-1024x768.jpg 1024w\" sizes=\"auto, (max-width: 300px) 100vw, 300px\" \/><\/a><br \/>\n<em>Gullig liten skylt som satt i Krusmyntag\u00e5rden.<br \/>\nSkulle nog beh\u00f6va ha en s\u00e5n h\u00e4r p\u00e5minnelse lite oftare&#8230;<\/em><\/p>\n<p style=\"text-align: center;\"><a href=\"https:\/\/media.ryttarutbildning.se\/2012\/07\/DSCN2902.jpg\"><img loading=\"lazy\" decoding=\"async\" class=\"aligncenter size-medium wp-image-2745\" src=\"https:\/\/media.ryttarutbildning.se\/2012\/07\/DSCN2902-300x225.jpg\" alt=\"\" width=\"300\" height=\"225\" srcset=\"https:\/\/media.ryttarutbildning.se\/2012\/07\/DSCN2902-300x225.jpg 300w, https:\/\/media.ryttarutbildning.se\/2012\/07\/DSCN2902-1024x768.jpg 1024w\" sizes=\"auto, (max-width: 300px) 100vw, 300px\" \/><\/a><\/p>\n<p style=\"text-align: center;\"><em>Extra god mat \u00e4r ett m\u00e5ste p\u00e5 semestern.<br \/>\nTur att man inte har s\u00e5 m\u00e5nga veckors ledighet!<\/em><\/p>\n","protected":false},"excerpt":{"rendered":"<p>Kom hem ifr\u00e5n Gotland i onsdags, men har dragit p\u00e5 ledigheten n\u00e5gra dagar till. Visserligen sv\u00e5rt att vara helt ledig n\u00e4r man \u00e4r hemma, men har i alla fall tagit det ganska lugnt. I morgon b\u00f6rjar jag jobba &#8221;p\u00e5 riktigt&#8221; igen. Det betyder att jag m\u00e5ste ta tag i massa saker, s\u00e5som fakturor som jag [&hellip;]<\/p>\n","protected":false},"author":1,"featured_media":0,"comment_status":"open","ping_status":"open","sticky":false,"template":"","format":"standard","meta":{"_exactmetrics_skip_tracking":false,"_exactmetrics_sitenote_active":false,"_exactmetrics_sitenote_note":"","_exactmetrics_sitenote_category":0,"footnotes":""},"categories":[1],"tags":[],"class_list":["post-2740","post","type-post","status-publish","format-standard","hentry","category-uncategorized"],"_links":{"self":[{"href":"https:\/\/ryttarutbildning.se\/index.php?rest_route=\/wp\/v2\/posts\/2740","targetHints":{"allow":["GET"]}}],"collection":[{"href":"https:\/\/ryttarutbildning.se\/index.php?rest_route=\/wp\/v2\/posts"}],"about":[{"href":"https:\/\/ryttarutbildning.se\/index.php?rest_route=\/wp\/v2\/types\/post"}],"author":[{"embeddable":true,"href":"https:\/\/ryttarutbildning.se\/index.php?rest_route=\/wp\/v2\/users\/1"}],"replies":[{"embeddable":true,"href":"https:\/\/ryttarutbildning.se\/index.php?rest_route=%2Fwp%2Fv2%2Fcomments&post=2740"}],"version-history":[{"count":0,"href":"https:\/\/ryttarutbildning.se\/index.php?rest_route=\/wp\/v2\/posts\/2740\/revisions"}],"wp:attachment":[{"href":"https:\/\/ryttarutbildning.se\/index.php?rest_route=%2Fwp%2Fv2%2Fmedia&parent=2740"}],"wp:term":[{"taxonomy":"category","embeddable":true,"href":"https:\/\/ryttarutbildning.se\/index.php?rest_route=%2Fwp%2Fv2%2Fcategories&post=2740"},{"taxonomy":"post_tag","embeddable":true,"href":"https:\/\/ryttarutbildning.se\/index.php?rest_route=%2Fwp%2Fv2%2Ftags&post=2740"}],"curies":[{"name":"wp","href":"https:\/\/api.w.org\/{rel}","templated":true}]}}