{"id":2733,"date":"2012-07-10T15:24:10","date_gmt":"2012-07-10T13:24:10","guid":{"rendered":"http:\/\/ryttarutbildning.se\/?p=2733"},"modified":"2012-07-10T15:28:39","modified_gmt":"2012-07-10T13:28:39","slug":"2733","status":"publish","type":"post","link":"https:\/\/ryttarutbildning.se\/?p=2733","title":{"rendered":"Wirja"},"content":{"rendered":"<p>\u00a0<\/p>\n<p><img loading=\"lazy\" decoding=\"async\" src=\"http:\/\/a3.sphotos.ak.fbcdn.net\/hphotos-ak-ash3\/38146_452743872703_5478839_n.jpg\" alt=\"\" width=\"481\" height=\"720\" \/><\/p>\n<p><img loading=\"lazy\" decoding=\"async\" src=\"https:\/\/media.ryttarutbildning.se\/2012\/06\/DSCN2694-225x300.jpg\" alt=\"\" width=\"225\" height=\"300\" \/><\/p>\n<p>Jag \u00e4r p\u00e5 Gotland till i morgon och semestern har varit bra &#8211; tills nu. Ig\u00e5r fick jag besked att Wirja stod i hagen med ett brutet ben. Veterin\u00e4r tillkallades och hon togs bort omedelbart. Jag vet inte vart jag ska ta v\u00e4gen, det \u00e4r s\u00e5 obegripligt och hemskt! Visserligen hade jag p\u00e5 n\u00e5got vis b\u00f6rjat t\u00e4nka att dagarna kanske b\u00f6rjade bli r\u00e4knade s\u00e5 sm\u00e5ningom eftersom hon b\u00f6rjade bli gammal, men jag hade sj\u00e4lvklart f\u00f6rhoppningen om att hon skulle kunna bli 25, s\u00e5nt h\u00e4nder ju&#8230; Sista tiden nu hade hon dessutom varit s\u00e5 fin!<\/p>\n<p>P\u00e5 ett s\u00e4tt \u00e4r jag glad att jag slapp se det h\u00e4r, men samtidigt s\u00e5 hade jag nog velat s\u00e4ga hejd\u00e5. Det kanske \u00e4r l\u00f6jligt f\u00f6r det \u00e4r ju &#8221;bara&#8221; en h\u00e4st men hon var min v\u00e4n och &#8221;kollega&#8221; och en stor st\u00f6ttepelare i mitt f\u00f6retag. Det \u00e4r s\u00e5 m\u00e5nga g\u00e5nger jag har t\u00e4nkt att jag inte hade klarat allt utan den h\u00e4r h\u00e4sten som alltid st\u00e4llde upp f\u00f6r vilken ryttare som helst och som har varit s\u00e5 stabil och bussig. F\u00f6r mig var hon dessutom en stor personlighet och jag blev alltid glad av att rida henne, \u00e4ven om hon kanske inte var en &#8221;super-dressyrh\u00e4st&#8221; med flashiga g\u00e5ngarter eller s\u00e5. Hon var dock verkligen en p\u00e5 tusen och jag tror inte jag kommer hitta en likadan.<\/p>\n<p>Enda tr\u00f6sten \u00e4r att hon trots allt var gammal, och att hon fick somna in i en fantastisk sommarhage p\u00e5 bete med sina kompisar. Men jag kommer sakna henne massor, jag \u00e4lskade henne s\u00e5 mycket och det g\u00f6r s\u00e5 himla ont. Hade velat kunna s\u00e4ga till henne hur otroligt tacksam jag \u00e4r f\u00f6r att ha f\u00e5tt ha henne de h\u00e4r \u00e5ren, min \u00e4lskade h\u00e4st!<\/p>\n<p><img loading=\"lazy\" decoding=\"async\" src=\"http:\/\/a2.sphotos.ak.fbcdn.net\/hphotos-ak-snc6\/7929_153104982703_7822567_n.jpg\" alt=\"\" width=\"325\" height=\"212\" \/><\/p>\n","protected":false},"excerpt":{"rendered":"<p>\u00a0 Jag \u00e4r p\u00e5 Gotland till i morgon och semestern har varit bra &#8211; tills nu. Ig\u00e5r fick jag besked att Wirja stod i hagen med ett brutet ben. Veterin\u00e4r tillkallades och hon togs bort omedelbart. Jag vet inte vart jag ska ta v\u00e4gen, det \u00e4r s\u00e5 obegripligt och hemskt! Visserligen hade jag p\u00e5 n\u00e5got [&hellip;]<\/p>\n","protected":false},"author":1,"featured_media":0,"comment_status":"open","ping_status":"open","sticky":false,"template":"","format":"standard","meta":{"_exactmetrics_skip_tracking":false,"_exactmetrics_sitenote_active":false,"_exactmetrics_sitenote_note":"","_exactmetrics_sitenote_category":0,"footnotes":""},"categories":[1],"tags":[],"class_list":["post-2733","post","type-post","status-publish","format-standard","hentry","category-uncategorized"],"_links":{"self":[{"href":"https:\/\/ryttarutbildning.se\/index.php?rest_route=\/wp\/v2\/posts\/2733","targetHints":{"allow":["GET"]}}],"collection":[{"href":"https:\/\/ryttarutbildning.se\/index.php?rest_route=\/wp\/v2\/posts"}],"about":[{"href":"https:\/\/ryttarutbildning.se\/index.php?rest_route=\/wp\/v2\/types\/post"}],"author":[{"embeddable":true,"href":"https:\/\/ryttarutbildning.se\/index.php?rest_route=\/wp\/v2\/users\/1"}],"replies":[{"embeddable":true,"href":"https:\/\/ryttarutbildning.se\/index.php?rest_route=%2Fwp%2Fv2%2Fcomments&post=2733"}],"version-history":[{"count":0,"href":"https:\/\/ryttarutbildning.se\/index.php?rest_route=\/wp\/v2\/posts\/2733\/revisions"}],"wp:attachment":[{"href":"https:\/\/ryttarutbildning.se\/index.php?rest_route=%2Fwp%2Fv2%2Fmedia&parent=2733"}],"wp:term":[{"taxonomy":"category","embeddable":true,"href":"https:\/\/ryttarutbildning.se\/index.php?rest_route=%2Fwp%2Fv2%2Fcategories&post=2733"},{"taxonomy":"post_tag","embeddable":true,"href":"https:\/\/ryttarutbildning.se\/index.php?rest_route=%2Fwp%2Fv2%2Ftags&post=2733"}],"curies":[{"name":"wp","href":"https:\/\/api.w.org\/{rel}","templated":true}]}}