{"id":2711,"date":"2012-06-27T23:51:26","date_gmt":"2012-06-27T21:51:26","guid":{"rendered":"http:\/\/ryttarutbildning.se\/?p=2711"},"modified":"2012-06-27T23:52:54","modified_gmt":"2012-06-27T21:52:54","slug":"kursdag-tva","status":"publish","type":"post","link":"https:\/\/ryttarutbildning.se\/?p=2711","title":{"rendered":"Kursdag tv\u00e5"},"content":{"rendered":"<p><a href=\"https:\/\/media.ryttarutbildning.se\/2012\/06\/DSCN2752.jpg\"><img loading=\"lazy\" decoding=\"async\" class=\"alignright size-thumbnail wp-image-2712\" src=\"https:\/\/media.ryttarutbildning.se\/2012\/06\/DSCN2752-150x150.jpg\" alt=\"\" width=\"150\" height=\"150\" \/><\/a>Idag har vi ridit tv\u00e5 pass. F\u00f6rsta passet med fokus p\u00e5 \u00f6verg\u00e5ngar och <strong>tempov\u00e4xlingar<\/strong>. Tempov\u00e4xlingar och halvhalter \u00e4r s\u00e5 himla viktigt men ocks\u00e5 l\u00e4tt att slarva med. Det beh\u00f6ver inte vara &#8221;v\u00e4rsta \u00f6kningen&#8221; eller supermycket samling utan det viktiga \u00e4r <strong>variation <\/strong>och<strong> reaktion <\/strong>&#8211; h\u00e4sten ska vara vaken f\u00f6r dina hj\u00e4lper. Lika viktigt som att den svarar fram\u00e5t \u00e4r att du kan korta upp steget igen. T\u00e4nk hellre &#8221;l\u00e5nga steg &#8211; korta steg&#8221; \u00e4n &#8221;gasa-bromsa&#8221;. Det blir alldeles f\u00f6r l\u00e4tt att h\u00e4sten springer iv\u00e4g och bara \u00f6kar tempot, eller att det blir &#8221;stoppigt&#8221; n\u00e4r man ska minska. H\u00e4sten ska bibeh\u00e5lla energi n\u00e4r du kortar steget!!<\/p>\n<p>Andra passet jobbade vi med sk\u00e4nkelvikningar till och fr\u00e5n sp\u00e5ret. Tacksamt med flerdagarskurs, man hinner mer fokusera p\u00e5 detaljer och f\u00e5 ihop en helhet, ist\u00e4llet f\u00f6r att man g\u00e4rna vill &#8221;trolla&#8221; p\u00e5 ett eller tv\u00e5 ridpass med nya elever.<\/p>\n<p>Kv\u00e4llen har vi avslutat med trer\u00e4ttermiddag och vin. Lyxigt att ha kurs s\u00e5 f\u00e5r jag sj\u00e4lv \u00e4ta godare mat \u00e4n vanligt! Ingen youghurt och sm\u00f6rg\u00e5s-middag nu inte&#8230;<\/p>\n","protected":false},"excerpt":{"rendered":"<p>Idag har vi ridit tv\u00e5 pass. F\u00f6rsta passet med fokus p\u00e5 \u00f6verg\u00e5ngar och tempov\u00e4xlingar. Tempov\u00e4xlingar och halvhalter \u00e4r s\u00e5 himla viktigt men ocks\u00e5 l\u00e4tt att slarva med. Det beh\u00f6ver inte vara &#8221;v\u00e4rsta \u00f6kningen&#8221; eller supermycket samling utan det viktiga \u00e4r variation och reaktion &#8211; h\u00e4sten ska vara vaken f\u00f6r dina hj\u00e4lper. Lika viktigt som att [&hellip;]<\/p>\n","protected":false},"author":1,"featured_media":0,"comment_status":"open","ping_status":"open","sticky":false,"template":"","format":"standard","meta":{"_exactmetrics_skip_tracking":false,"_exactmetrics_sitenote_active":false,"_exactmetrics_sitenote_note":"","_exactmetrics_sitenote_category":0,"footnotes":""},"categories":[1],"tags":[],"class_list":["post-2711","post","type-post","status-publish","format-standard","hentry","category-uncategorized"],"_links":{"self":[{"href":"https:\/\/ryttarutbildning.se\/index.php?rest_route=\/wp\/v2\/posts\/2711","targetHints":{"allow":["GET"]}}],"collection":[{"href":"https:\/\/ryttarutbildning.se\/index.php?rest_route=\/wp\/v2\/posts"}],"about":[{"href":"https:\/\/ryttarutbildning.se\/index.php?rest_route=\/wp\/v2\/types\/post"}],"author":[{"embeddable":true,"href":"https:\/\/ryttarutbildning.se\/index.php?rest_route=\/wp\/v2\/users\/1"}],"replies":[{"embeddable":true,"href":"https:\/\/ryttarutbildning.se\/index.php?rest_route=%2Fwp%2Fv2%2Fcomments&post=2711"}],"version-history":[{"count":0,"href":"https:\/\/ryttarutbildning.se\/index.php?rest_route=\/wp\/v2\/posts\/2711\/revisions"}],"wp:attachment":[{"href":"https:\/\/ryttarutbildning.se\/index.php?rest_route=%2Fwp%2Fv2%2Fmedia&parent=2711"}],"wp:term":[{"taxonomy":"category","embeddable":true,"href":"https:\/\/ryttarutbildning.se\/index.php?rest_route=%2Fwp%2Fv2%2Fcategories&post=2711"},{"taxonomy":"post_tag","embeddable":true,"href":"https:\/\/ryttarutbildning.se\/index.php?rest_route=%2Fwp%2Fv2%2Ftags&post=2711"}],"curies":[{"name":"wp","href":"https:\/\/api.w.org\/{rel}","templated":true}]}}