{"id":2701,"date":"2012-06-25T22:08:39","date_gmt":"2012-06-25T20:08:39","guid":{"rendered":"http:\/\/ryttarutbildning.se\/?p=2701"},"modified":"2012-06-25T22:09:16","modified_gmt":"2012-06-25T20:09:16","slug":"sommargaster","status":"publish","type":"post","link":"https:\/\/ryttarutbildning.se\/?p=2701","title":{"rendered":"Sommarg\u00e4ster"},"content":{"rendered":"<p><a href=\"https:\/\/media.ryttarutbildning.se\/2012\/06\/DSCN2743.jpg\"><\/a>H\u00e4r \u00e4r n\u00e5gra nyinflyttade sommarg\u00e4ster som ska vara h\u00e4r under juli.<br \/>\n<strong>V\u00e4lkomna!<\/strong><\/p>\n<p><a href=\"https:\/\/media.ryttarutbildning.se\/2012\/06\/DSCN2741.jpg\"><img loading=\"lazy\" decoding=\"async\" class=\"aligncenter size-medium wp-image-2702\" src=\"https:\/\/media.ryttarutbildning.se\/2012\/06\/DSCN2741-300x225.jpg\" alt=\"\" width=\"300\" height=\"225\" srcset=\"https:\/\/media.ryttarutbildning.se\/2012\/06\/DSCN2741-300x225.jpg 300w, https:\/\/media.ryttarutbildning.se\/2012\/06\/DSCN2741-1024x768.jpg 1024w\" sizes=\"auto, (max-width: 300px) 100vw, 300px\" \/><\/a><\/p>\n<p style=\"text-align: center;\"><em>Chill Out<\/em><\/p>\n<p><img loading=\"lazy\" decoding=\"async\" src=\"https:\/\/media.ryttarutbildning.se\/2012\/06\/DSCN2743-300x225.jpg\" alt=\"\" width=\"300\" height=\"225\" \/><\/p>\n<p style=\"text-align: center;\"><em>Salvito<\/em><\/p>\n<p style=\"text-align: center;\"><em><a href=\"https:\/\/media.ryttarutbildning.se\/2012\/06\/DSCN2746.jpg\"><img loading=\"lazy\" decoding=\"async\" class=\"aligncenter size-medium wp-image-2704\" src=\"https:\/\/media.ryttarutbildning.se\/2012\/06\/DSCN2746-300x225.jpg\" alt=\"\" width=\"300\" height=\"225\" srcset=\"https:\/\/media.ryttarutbildning.se\/2012\/06\/DSCN2746-300x225.jpg 300w, https:\/\/media.ryttarutbildning.se\/2012\/06\/DSCN2746-1024x768.jpg 1024w\" sizes=\"auto, (max-width: 300px) 100vw, 300px\" \/><\/a><br \/>\nOch en tr\u00f6tt Anea (som bor h\u00e4r permanent!).<br \/>\nI natt sover vi inne&#8230; Det verkar inte bli n\u00e5n sommar i \u00e5r.<\/em><\/p>\n","protected":false},"excerpt":{"rendered":"<p>H\u00e4r \u00e4r n\u00e5gra nyinflyttade sommarg\u00e4ster som ska vara h\u00e4r under juli. V\u00e4lkomna! Chill Out Salvito Och en tr\u00f6tt Anea (som bor h\u00e4r permanent!). I natt sover vi inne&#8230; Det verkar inte bli n\u00e5n sommar i \u00e5r.<\/p>\n","protected":false},"author":1,"featured_media":0,"comment_status":"open","ping_status":"open","sticky":false,"template":"","format":"standard","meta":{"_exactmetrics_skip_tracking":false,"_exactmetrics_sitenote_active":false,"_exactmetrics_sitenote_note":"","_exactmetrics_sitenote_category":0,"footnotes":""},"categories":[1],"tags":[],"class_list":["post-2701","post","type-post","status-publish","format-standard","hentry","category-uncategorized"],"_links":{"self":[{"href":"https:\/\/ryttarutbildning.se\/index.php?rest_route=\/wp\/v2\/posts\/2701","targetHints":{"allow":["GET"]}}],"collection":[{"href":"https:\/\/ryttarutbildning.se\/index.php?rest_route=\/wp\/v2\/posts"}],"about":[{"href":"https:\/\/ryttarutbildning.se\/index.php?rest_route=\/wp\/v2\/types\/post"}],"author":[{"embeddable":true,"href":"https:\/\/ryttarutbildning.se\/index.php?rest_route=\/wp\/v2\/users\/1"}],"replies":[{"embeddable":true,"href":"https:\/\/ryttarutbildning.se\/index.php?rest_route=%2Fwp%2Fv2%2Fcomments&post=2701"}],"version-history":[{"count":0,"href":"https:\/\/ryttarutbildning.se\/index.php?rest_route=\/wp\/v2\/posts\/2701\/revisions"}],"wp:attachment":[{"href":"https:\/\/ryttarutbildning.se\/index.php?rest_route=%2Fwp%2Fv2%2Fmedia&parent=2701"}],"wp:term":[{"taxonomy":"category","embeddable":true,"href":"https:\/\/ryttarutbildning.se\/index.php?rest_route=%2Fwp%2Fv2%2Fcategories&post=2701"},{"taxonomy":"post_tag","embeddable":true,"href":"https:\/\/ryttarutbildning.se\/index.php?rest_route=%2Fwp%2Fv2%2Ftags&post=2701"}],"curies":[{"name":"wp","href":"https:\/\/api.w.org\/{rel}","templated":true}]}}