{"id":25369,"date":"2025-05-06T14:25:38","date_gmt":"2025-05-06T12:25:38","guid":{"rendered":"https:\/\/ryttarutbildning.se\/?p=25369"},"modified":"2025-05-06T14:26:03","modified_gmt":"2025-05-06T12:26:03","slug":"en-liten-uppdatering","status":"publish","type":"post","link":"https:\/\/ryttarutbildning.se\/?p=25369","title":{"rendered":"En liten uppdatering"},"content":{"rendered":"\n<p>Bloggen har verkligen legat p\u00e5 is sedan instagram tagit en st\u00f6rre del ist\u00e4llet. Jag vet inte heller om n\u00e5gon l\u00e4ser bloggar l\u00e4ngre (l\u00e4mna g\u00e4rna en kommentar om du l\u00e4ser detta!). <\/p>\n\n\n\n<p>Vintern var ganska jobbig f\u00f6r mig b\u00e5de fysiskt och \u00e4ven lite mentalt &#8211; mycket jobb, och jag har k\u00e4nt mig mer tr\u00f6tt \u00e4n vanligt. Kanske b\u00f6rjar bli gammal, eller s\u00e5 \u00e4r det bara s\u00e5 i perioder? \ud83d\ude09<br>Nu \u00e4r det i alla fall lite l\u00e4ttare n\u00e4r ljuset \u00e4r tillbaka, kv\u00e4llarna l\u00e4ngre, och f\u00f6rhoppningsvis varmare snart! April var v\u00e4ldigt varmt men maj \u00e4r hittills v\u00e4ldigt kyligt m\u00e5ste jag s\u00e4ga&#8230;<br><br>H\u00e4starna \u00e4r \u00f6verlag v\u00e4ldigt fina nu, b\u00e5de mina egna samt lektionsh\u00e4starna. Jag hoppas n\u00e5gra elever kommer ut och t\u00e4vlar lite i \u00e5r (det \u00e4r iaf planen). Jag t\u00e4vlar sj\u00e4lv i den m\u00e5n jag hinner, s\u00e5 ganska sparsamt, men regelbundet kan man v\u00e4l s\u00e4ga. M\u00e5let \u00e4r att komma upp i klasserna lite till, i synnerhet med Soya, men vi f\u00e5r se vad hon h\u00e5ller f\u00f6r. Hon \u00e4r egentligen ink\u00f6pt som lektionsh\u00e4st, s\u00e5 hon har redan presterat v\u00e4l \u00f6ver f\u00f6rv\u00e4ntan med att nu ligga p\u00e5 StGeorges-niv\u00e5!<\/p>\n\n\n\n<p>I \u00e5r har vi \u00e4n s\u00e5 l\u00e4nge gjort 2 starter, en 2:a plats i MsvA p\u00e5 67% och nu senast 2:a i helgen i StGeorges p\u00e5 65%. I \u00e5r kommer jag ocks\u00e5 att utbilda mig vidare som domare, s\u00e5 att jag sj\u00e4lv kommer kunna d\u00f6ma dessa klasser s\u00e5 sm\u00e5ningom, s\u00e5 det sker en viss utveckling h\u00e4r hela tiden, sakta man s\u00e4kert..!<\/p>\n\n\n\n<p>Fram\u00f6ver nu \u00e4r \u00e5rets mest intensiva period, med t\u00e4vlingar, d\u00f6ma, kurser och allt som beh\u00f6ver fixas p\u00e5 en g\u00e5rd n\u00e4r det b\u00f6rjar v\u00e4xa, blomma och bli mer att g\u00f6ra i tr\u00e4dg\u00e5rd och med hagar etc. En underbar, men ganska stressig tid f\u00f6r m\u00e5nga av oss. Vi f\u00e5r se om jag kikar in h\u00e4r snart igen eller om det blir om ett halv\u00e5r igen? N\u00e4stan dagliga uppdateringar hittar ni p\u00e5 Instagram om ni vill h\u00e4nga med i allt som h\u00e4nder!<br><\/p>\n\n\n\n<figure class=\"wp-block-image size-large\"><img loading=\"lazy\" decoding=\"async\" width=\"822\" height=\"1024\" src=\"https:\/\/media.ryttarutbildning.se\/2025\/05\/IMG_20250503_161739_756-1-822x1024.webp\" alt=\"\" class=\"wp-image-25381\" srcset=\"https:\/\/media.ryttarutbildning.se\/2025\/05\/IMG_20250503_161739_756-1-822x1024.webp 822w, https:\/\/media.ryttarutbildning.se\/2025\/05\/IMG_20250503_161739_756-1-241x300.webp 241w, https:\/\/media.ryttarutbildning.se\/2025\/05\/IMG_20250503_161739_756-1-768x956.webp 768w, https:\/\/media.ryttarutbildning.se\/2025\/05\/IMG_20250503_161739_756-1-1234x1536.webp 1234w, https:\/\/media.ryttarutbildning.se\/2025\/05\/IMG_20250503_161739_756-1.webp 1440w\" sizes=\"auto, (max-width: 822px) 100vw, 822px\" \/><\/figure>\n","protected":false},"excerpt":{"rendered":"<p>Bloggen har verkligen legat p\u00e5 is sedan instagram tagit en st\u00f6rre del ist\u00e4llet. Jag vet inte heller om n\u00e5gon l\u00e4ser bloggar l\u00e4ngre (l\u00e4mna g\u00e4rna en kommentar om du l\u00e4ser detta!). Vintern var ganska jobbig f\u00f6r mig b\u00e5de fysiskt och \u00e4ven lite mentalt &#8211; mycket jobb, och jag har k\u00e4nt mig mer tr\u00f6tt \u00e4n vanligt. Kanske [&hellip;]<\/p>\n","protected":false},"author":1,"featured_media":25380,"comment_status":"open","ping_status":"open","sticky":false,"template":"","format":"standard","meta":{"_exactmetrics_skip_tracking":false,"_exactmetrics_sitenote_active":false,"_exactmetrics_sitenote_note":"","_exactmetrics_sitenote_category":0,"footnotes":""},"categories":[1],"tags":[],"class_list":["post-25369","post","type-post","status-publish","format-standard","has-post-thumbnail","hentry","category-uncategorized"],"_links":{"self":[{"href":"https:\/\/ryttarutbildning.se\/index.php?rest_route=\/wp\/v2\/posts\/25369","targetHints":{"allow":["GET"]}}],"collection":[{"href":"https:\/\/ryttarutbildning.se\/index.php?rest_route=\/wp\/v2\/posts"}],"about":[{"href":"https:\/\/ryttarutbildning.se\/index.php?rest_route=\/wp\/v2\/types\/post"}],"author":[{"embeddable":true,"href":"https:\/\/ryttarutbildning.se\/index.php?rest_route=\/wp\/v2\/users\/1"}],"replies":[{"embeddable":true,"href":"https:\/\/ryttarutbildning.se\/index.php?rest_route=%2Fwp%2Fv2%2Fcomments&post=25369"}],"version-history":[{"count":0,"href":"https:\/\/ryttarutbildning.se\/index.php?rest_route=\/wp\/v2\/posts\/25369\/revisions"}],"wp:featuredmedia":[{"embeddable":true,"href":"https:\/\/ryttarutbildning.se\/index.php?rest_route=\/wp\/v2\/media\/25380"}],"wp:attachment":[{"href":"https:\/\/ryttarutbildning.se\/index.php?rest_route=%2Fwp%2Fv2%2Fmedia&parent=25369"}],"wp:term":[{"taxonomy":"category","embeddable":true,"href":"https:\/\/ryttarutbildning.se\/index.php?rest_route=%2Fwp%2Fv2%2Fcategories&post=25369"},{"taxonomy":"post_tag","embeddable":true,"href":"https:\/\/ryttarutbildning.se\/index.php?rest_route=%2Fwp%2Fv2%2Ftags&post=25369"}],"curies":[{"name":"wp","href":"https:\/\/api.w.org\/{rel}","templated":true}]}}