{"id":24171,"date":"2023-07-07T21:27:07","date_gmt":"2023-07-07T19:27:07","guid":{"rendered":"https:\/\/ryttarutbildning.se\/?p=24171"},"modified":"2023-07-07T21:27:07","modified_gmt":"2023-07-07T19:27:07","slug":"vykort-fran-gotland-2","status":"publish","type":"post","link":"https:\/\/ryttarutbildning.se\/?p=24171","title":{"rendered":"Vykort fr\u00e5n Gotland"},"content":{"rendered":"\n<p>Som vanligt har jag semester p\u00e5 Gotland, d\u00e4r vi (mina f\u00f6r\u00e4ldrar egentligen) har sommarstuga. Jag har varit h\u00e4r varje \u00e5r sedan jag f\u00f6ddes. <br>Det \u00e4r verkligen lyxigt att ha ett eget st\u00e4lle att \u00e5terv\u00e4nda till, och d\u00e4r tiden &#8221;st\u00e5r stilla&#8221; mer eller mindre. Ibland k\u00e4nns det n\u00e4stan lite upprepande, men samtidigt tror jag att det \u00e4r bra &#8211; det g\u00f6r att det blir l\u00e4ttare att faktiskt vila p\u00e5 den korta semester jag har &#8211; f\u00e5 nya intryck, h\u00f6g igenk\u00e4nning och i princip noll krav. Jag sover som en sten (oftast g\u00f6r jag det \u00e4ven hemma, men den senaste tiden har jag varit v\u00e4ldigt stressad och det har \u00e4ven g\u00e5tt ut \u00f6ver s\u00f6mnen). Men det b\u00e4sta med semester \u00e4r att det blir \u00e4nnu mer till\u00e5tet att ta en powernap \u00e4ven dagtid&#8230; \ud83d\ude09<\/p>\n\n\n\n<p>Jag \u00e4lskar mitt jobb, men jag vet att jag verkligen skulle beh\u00f6va kunna vara ledig mer &#8211; framf\u00f6rallt \u00e4r min kropp i behov av \u00e5terh\u00e4mtning! Men &#8211; jag har i alla fall haft energi \u00f6ver till att springa lite h\u00e4r &#8211; och det har varit sk\u00f6nt, f\u00f6r jag har inte tr\u00e4nat avsuttet p\u00e5 MYCKET l\u00e4nge, och det \u00e4r ju n\u00e5got jag egentligen tycker att vi ryttare beh\u00f6ver prioritera. Ibland fattar jag bara inte hur man ska kunna balansera mycket (roligt) jobb mot att hinna vara ledig, och att ha ett fysiskt kr\u00e4vande jobb samtidigt som man ska ha tid att tr\u00e4na p\u00e5 &#8221;fritiden&#8221;? Det g\u00e5r inte riktigt ihop faktiskt. D\u00e4r \u00e4r yogan ett bra komplement, men \u00e4ven det ska hinnas med.<br>(Tips: ny kurs med yoga \u00e4r planerad i november! Bara tv\u00e5 platser kvar.)<\/p>\n\n\n\n<p>Det sv\u00e5raste av allt med att vara egenf\u00f6retagare \u00e4r verkligen balansen mellan jobb och annat &#8211; s\u00e4rskilt n\u00e4r marginalerna \u00e4r sm\u00e5 och det faktiskt kr\u00e4vs \/ \u00e4r n\u00f6dv\u00e4ndigt att jobba mycket f\u00f6r att f\u00e5 det att g\u00e5 ihop. Nu ser det i alla fall ut som om jag kommer att ha lite mer hj\u00e4lp i stallet i h\u00f6st, och det \u00e4r bra, f\u00f6r jag kommer sannolikt ocks\u00e5 ha m\u00e5nga h\u00e4star att rida. <\/p>\n\n\n\n<p>Det har varit v\u00e4ldigt sk\u00f6nt att komma hemifr\u00e5n lite och &#8221;rensa hj\u00e4rnan&#8221; &#8211; milj\u00f6ombyte \u00e4r faktiskt oerh\u00f6rt viktigt!<br><br>(Lite har jag dock tjuvjobbat h\u00e4r, s\u00e5klart &#8211; ett par tr\u00e4ningar f\u00f6r n\u00e5gra privatryttare, samt provridning av en h\u00e4st &#8211; men jag lovar att jag mest har semestrat!)<\/p>\n\n\n\n<p>N\u00e4sta vecka \u00e4r jag hemma igen, men inga kurser eller lektioner i princip &#8211; utan fokus p\u00e5 egentid p\u00e5 g\u00e5rden, och b\u00f6rja r\u00f6ra lite p\u00e5 n\u00e5gra av h\u00e4starna, men utan tidspress eller alltf\u00f6r mycket stalljobb. Jag ser framf\u00f6r mig en &#8221;mjukstart&#8221; innan kurserna drar ig\u00e5ng. Vi f\u00e5r se om jag klarar det. \ud83d\ude09<\/p>\n\n\n\n<p>Mycket tacksam \u00f6ver hj\u00e4lpen p\u00e5 hemmaplan, och tur att jag har duktiga stalltjejer ocks\u00e5 som ser till att allt fungerar n\u00e4r jag \u00e4r borta! <\/p>\n\n\n\n<figure class=\"wp-block-image size-large\"><a href=\"https:\/\/media.ryttarutbildning.se\/2023\/07\/20230706_212928-scaled.jpg\"><img loading=\"lazy\" decoding=\"async\" width=\"768\" height=\"1024\" src=\"https:\/\/media.ryttarutbildning.se\/2023\/07\/20230706_212928-768x1024.jpg\" alt=\"\" class=\"wp-image-24169\" srcset=\"https:\/\/media.ryttarutbildning.se\/2023\/07\/20230706_212928-768x1024.jpg 768w, https:\/\/media.ryttarutbildning.se\/2023\/07\/20230706_212928-225x300.jpg 225w, https:\/\/media.ryttarutbildning.se\/2023\/07\/20230706_212928-1152x1536.jpg 1152w, https:\/\/media.ryttarutbildning.se\/2023\/07\/20230706_212928-1536x2048.jpg 1536w, https:\/\/media.ryttarutbildning.se\/2023\/07\/20230706_212928-scaled.jpg 1920w\" sizes=\"auto, (max-width: 768px) 100vw, 768px\" \/><\/a><\/figure>\n\n\n\n<figure class=\"wp-block-image size-large\"><a href=\"https:\/\/media.ryttarutbildning.se\/2023\/07\/20230706_212920-1-scaled.jpg\"><img loading=\"lazy\" decoding=\"async\" width=\"768\" height=\"1024\" src=\"https:\/\/media.ryttarutbildning.se\/2023\/07\/20230706_212920-1-768x1024.jpg\" alt=\"\" class=\"wp-image-24177\" srcset=\"https:\/\/media.ryttarutbildning.se\/2023\/07\/20230706_212920-1-768x1024.jpg 768w, https:\/\/media.ryttarutbildning.se\/2023\/07\/20230706_212920-1-225x300.jpg 225w, https:\/\/media.ryttarutbildning.se\/2023\/07\/20230706_212920-1-1152x1536.jpg 1152w, https:\/\/media.ryttarutbildning.se\/2023\/07\/20230706_212920-1-1536x2048.jpg 1536w, https:\/\/media.ryttarutbildning.se\/2023\/07\/20230706_212920-1-scaled.jpg 1920w\" sizes=\"auto, (max-width: 768px) 100vw, 768px\" \/><\/a><\/figure>\n","protected":false},"excerpt":{"rendered":"<p>Som vanligt har jag semester p\u00e5 Gotland, d\u00e4r vi (mina f\u00f6r\u00e4ldrar egentligen) har sommarstuga. Jag har varit h\u00e4r varje \u00e5r sedan jag f\u00f6ddes. Det \u00e4r verkligen lyxigt att ha ett eget st\u00e4lle att \u00e5terv\u00e4nda till, och d\u00e4r tiden &#8221;st\u00e5r stilla&#8221; mer eller mindre. Ibland k\u00e4nns det n\u00e4stan lite upprepande, men samtidigt tror jag att det [&hellip;]<\/p>\n","protected":false},"author":1,"featured_media":0,"comment_status":"open","ping_status":"open","sticky":false,"template":"","format":"standard","meta":{"_exactmetrics_skip_tracking":false,"_exactmetrics_sitenote_active":false,"_exactmetrics_sitenote_note":"","_exactmetrics_sitenote_category":0,"footnotes":""},"categories":[1],"tags":[],"class_list":["post-24171","post","type-post","status-publish","format-standard","hentry","category-uncategorized"],"_links":{"self":[{"href":"https:\/\/ryttarutbildning.se\/index.php?rest_route=\/wp\/v2\/posts\/24171","targetHints":{"allow":["GET"]}}],"collection":[{"href":"https:\/\/ryttarutbildning.se\/index.php?rest_route=\/wp\/v2\/posts"}],"about":[{"href":"https:\/\/ryttarutbildning.se\/index.php?rest_route=\/wp\/v2\/types\/post"}],"author":[{"embeddable":true,"href":"https:\/\/ryttarutbildning.se\/index.php?rest_route=\/wp\/v2\/users\/1"}],"replies":[{"embeddable":true,"href":"https:\/\/ryttarutbildning.se\/index.php?rest_route=%2Fwp%2Fv2%2Fcomments&post=24171"}],"version-history":[{"count":0,"href":"https:\/\/ryttarutbildning.se\/index.php?rest_route=\/wp\/v2\/posts\/24171\/revisions"}],"wp:attachment":[{"href":"https:\/\/ryttarutbildning.se\/index.php?rest_route=%2Fwp%2Fv2%2Fmedia&parent=24171"}],"wp:term":[{"taxonomy":"category","embeddable":true,"href":"https:\/\/ryttarutbildning.se\/index.php?rest_route=%2Fwp%2Fv2%2Fcategories&post=24171"},{"taxonomy":"post_tag","embeddable":true,"href":"https:\/\/ryttarutbildning.se\/index.php?rest_route=%2Fwp%2Fv2%2Ftags&post=24171"}],"curies":[{"name":"wp","href":"https:\/\/api.w.org\/{rel}","templated":true}]}}