{"id":2389,"date":"2012-04-03T21:38:18","date_gmt":"2012-04-03T19:38:18","guid":{"rendered":"http:\/\/ryttarutbildning.se\/?p=2389"},"modified":"2012-04-03T21:38:18","modified_gmt":"2012-04-03T19:38:18","slug":"dagens-projekt-2","status":"publish","type":"post","link":"https:\/\/ryttarutbildning.se\/?p=2389","title":{"rendered":"Dagens projekt"},"content":{"rendered":"<p><a href=\"https:\/\/media.ryttarutbildning.se\/2012\/04\/DSCN2464.jpg\"><img loading=\"lazy\" decoding=\"async\" class=\"alignleft size-thumbnail wp-image-2388\" src=\"https:\/\/media.ryttarutbildning.se\/2012\/04\/DSCN2464-150x150.jpg\" alt=\"\" width=\"150\" height=\"150\" \/><\/a>Det h\u00e4r b\u00f6rjar visst bli mer och mer en husmors-blogg ist\u00e4llet f\u00f6r en h\u00e4stblogg. Dagens projekt var att k\u00f6pa blommor och fixa utanf\u00f6r stallet. Hoppas inte r\u00e5djuren uppt\u00e4cker det innan p\u00e5sk \u00e5tminstone!<\/p>\n<p>Just nu \u00e4r jag i \u00e4rlighetens namn inte s\u00e5 motiverad att rida. Anea har jag skrittat ut p\u00e5, hon m\u00e5ste orka med tr\u00e4ningen i morgon och t\u00e4vlingarna i helgen. Men jag \u00e4r inte s\u00e4rskilt taggad att t\u00e4vla just nu &#8211; \u00e4ven om hon k\u00e4nns fin. Jag m\u00e5r inte s\u00e4rskilt bra faktiskt, \u00e4r j\u00e4ttetr\u00f6tt och har ingen inspiration, ont i kroppen och varje kv\u00e4ll k\u00e4nns det som om jag ska svimma. (\u00c4r p\u00e5 v\u00e4g mot s\u00e4ngen nu, jag lovar!). Man skulle nog kunna dra slutsatsen att jag har jobbat f\u00f6r mycket. Tyv\u00e4rr ser det inte ut att lugna ner sig n\u00e4mnv\u00e4rt s\u00e5 det \u00e4r v\u00e4l bara att jobba p\u00e5. Det brukar ju vara lite upp och ner med det mesta&#8230;<\/p>\n","protected":false},"excerpt":{"rendered":"<p>Det h\u00e4r b\u00f6rjar visst bli mer och mer en husmors-blogg ist\u00e4llet f\u00f6r en h\u00e4stblogg. Dagens projekt var att k\u00f6pa blommor och fixa utanf\u00f6r stallet. Hoppas inte r\u00e5djuren uppt\u00e4cker det innan p\u00e5sk \u00e5tminstone! Just nu \u00e4r jag i \u00e4rlighetens namn inte s\u00e5 motiverad att rida. Anea har jag skrittat ut p\u00e5, hon m\u00e5ste orka med tr\u00e4ningen [&hellip;]<\/p>\n","protected":false},"author":1,"featured_media":0,"comment_status":"open","ping_status":"open","sticky":false,"template":"","format":"standard","meta":{"_exactmetrics_skip_tracking":false,"_exactmetrics_sitenote_active":false,"_exactmetrics_sitenote_note":"","_exactmetrics_sitenote_category":0,"footnotes":""},"categories":[1],"tags":[],"class_list":["post-2389","post","type-post","status-publish","format-standard","hentry","category-uncategorized"],"_links":{"self":[{"href":"https:\/\/ryttarutbildning.se\/index.php?rest_route=\/wp\/v2\/posts\/2389","targetHints":{"allow":["GET"]}}],"collection":[{"href":"https:\/\/ryttarutbildning.se\/index.php?rest_route=\/wp\/v2\/posts"}],"about":[{"href":"https:\/\/ryttarutbildning.se\/index.php?rest_route=\/wp\/v2\/types\/post"}],"author":[{"embeddable":true,"href":"https:\/\/ryttarutbildning.se\/index.php?rest_route=\/wp\/v2\/users\/1"}],"replies":[{"embeddable":true,"href":"https:\/\/ryttarutbildning.se\/index.php?rest_route=%2Fwp%2Fv2%2Fcomments&post=2389"}],"version-history":[{"count":0,"href":"https:\/\/ryttarutbildning.se\/index.php?rest_route=\/wp\/v2\/posts\/2389\/revisions"}],"wp:attachment":[{"href":"https:\/\/ryttarutbildning.se\/index.php?rest_route=%2Fwp%2Fv2%2Fmedia&parent=2389"}],"wp:term":[{"taxonomy":"category","embeddable":true,"href":"https:\/\/ryttarutbildning.se\/index.php?rest_route=%2Fwp%2Fv2%2Fcategories&post=2389"},{"taxonomy":"post_tag","embeddable":true,"href":"https:\/\/ryttarutbildning.se\/index.php?rest_route=%2Fwp%2Fv2%2Ftags&post=2389"}],"curies":[{"name":"wp","href":"https:\/\/api.w.org\/{rel}","templated":true}]}}