{"id":23249,"date":"2022-05-23T13:00:04","date_gmt":"2022-05-23T11:00:04","guid":{"rendered":"https:\/\/ryttarutbildning.se\/?p=23249"},"modified":"2022-05-23T13:00:06","modified_gmt":"2022-05-23T11:00:06","slug":"tavling-pa-soderby","status":"publish","type":"post","link":"https:\/\/ryttarutbildning.se\/?p=23249","title":{"rendered":"T\u00e4vling p\u00e5 S\u00f6derby"},"content":{"rendered":"\n<p>I helgen blev det start f\u00f6r Anna Barck och <strong>Ture<\/strong> i LB3 och mig och <strong>Soya<\/strong> i MsvB1.<br><br>Anna var j\u00e4tteduktig och red fokuserat, men Ture d\u00e4remot tappade lite koncentration denna g\u00e5ng och b\u00f6rjade prata med h\u00e4starna utanf\u00f6r. \ud83d\ude09 <br><br>Det blir fler starter till h\u00f6sten f\u00f6r detta ekipage, om allt g\u00e5r enligt plan. Anna har f\u00e5tt blodad tand!<\/p>\n\n\n\n<figure class=\"wp-block-image size-large\"><a href=\"https:\/\/media.ryttarutbildning.se\/2022\/05\/FB_IMG_1653252825368.jpg\"><img loading=\"lazy\" decoding=\"async\" width=\"1024\" height=\"768\" src=\"https:\/\/media.ryttarutbildning.se\/2022\/05\/FB_IMG_1653252825368-1024x768.jpg\" alt=\"\" class=\"wp-image-23250\" srcset=\"https:\/\/media.ryttarutbildning.se\/2022\/05\/FB_IMG_1653252825368-1024x768.jpg 1024w, https:\/\/media.ryttarutbildning.se\/2022\/05\/FB_IMG_1653252825368-300x225.jpg 300w, https:\/\/media.ryttarutbildning.se\/2022\/05\/FB_IMG_1653252825368-768x576.jpg 768w, https:\/\/media.ryttarutbildning.se\/2022\/05\/FB_IMG_1653252825368-400x300.jpg 400w, https:\/\/media.ryttarutbildning.se\/2022\/05\/FB_IMG_1653252825368.jpg 1080w\" sizes=\"auto, (max-width: 1024px) 100vw, 1024px\" \/><\/a><\/figure>\n\n\n\n<p><\/p>\n\n\n\n<p>Soya och jag gjorde v\u00e5r andra start ihop ig\u00e5r. Hon var j\u00e4ttefin p\u00e5 framridningen, men jag lyckas inte riktigt h\u00e5lla ihop det p\u00e5 banan d\u00e4r hon blir lite f\u00f6r l\u00e5ng f\u00f6r den h\u00e4r niv\u00e5n. Det blev galopp i en trav\u00f6kning och lite annat sm\u00e5tt, men vi satte bytena (f\u00f6rra g\u00e5ngen var det ena orent) och hon har v\u00e4ldigt mycket kvalit\u00e9er i sig tycker jag &#8211; s\u00e5 med mer styrka kan det nog bli superbra. Hon \u00e4r faktiskt helt exemplarisk p\u00e5 t\u00e4vlingsplatsen &#8211; f\u00f6rutom att hon sedan inte vill l\u00e4mna den, vilket \u00e4r ett huvudbry, och ocks\u00e5 sv\u00e5rt att tr\u00e4na p\u00e5 annat \u00e4n under f\u00f6rnedrande former p\u00e5 bortaplan &#8211; hemma g\u00e5r hon n\u00e4mligen in i sl\u00e4pet direkt&#8230; \ud83d\ude09<br><br>Jag f\u00f6rl\u00e5ter henne dock f\u00f6r det eftersom hon \u00e4r s\u00e5 kul att rida och vi fick dessutom en fj\u00e4rde placering p\u00e5 66,4% s\u00e5 jag \u00e4r j\u00e4tten\u00f6jd!<\/p>\n\n\n\n<figure class=\"wp-block-image size-large\"><a href=\"https:\/\/media.ryttarutbildning.se\/2022\/05\/IMG_20220522_201637_147.jpg\"><img loading=\"lazy\" decoding=\"async\" width=\"1024\" height=\"1024\" src=\"https:\/\/media.ryttarutbildning.se\/2022\/05\/IMG_20220522_201637_147-1024x1024.jpg\" alt=\"\" class=\"wp-image-23251\" srcset=\"https:\/\/media.ryttarutbildning.se\/2022\/05\/IMG_20220522_201637_147-1024x1024.jpg 1024w, https:\/\/media.ryttarutbildning.se\/2022\/05\/IMG_20220522_201637_147-300x300.jpg 300w, https:\/\/media.ryttarutbildning.se\/2022\/05\/IMG_20220522_201637_147-150x150.jpg 150w, https:\/\/media.ryttarutbildning.se\/2022\/05\/IMG_20220522_201637_147-768x768.jpg 768w, https:\/\/media.ryttarutbildning.se\/2022\/05\/IMG_20220522_201637_147-1536x1536.jpg 1536w, https:\/\/media.ryttarutbildning.se\/2022\/05\/IMG_20220522_201637_147.jpg 1564w\" sizes=\"auto, (max-width: 1024px) 100vw, 1024px\" \/><\/a><\/figure>\n\n\n\n<p><\/p>\n","protected":false},"excerpt":{"rendered":"<p>I helgen blev det start f\u00f6r Anna Barck och Ture i LB3 och mig och Soya i MsvB1. Anna var j\u00e4tteduktig och red fokuserat, men Ture d\u00e4remot tappade lite koncentration denna g\u00e5ng och b\u00f6rjade prata med h\u00e4starna utanf\u00f6r. \ud83d\ude09 Det blir fler starter till h\u00f6sten f\u00f6r detta ekipage, om allt g\u00e5r enligt plan. Anna har [&hellip;]<\/p>\n","protected":false},"author":1,"featured_media":0,"comment_status":"open","ping_status":"open","sticky":false,"template":"","format":"standard","meta":{"_exactmetrics_skip_tracking":false,"_exactmetrics_sitenote_active":false,"_exactmetrics_sitenote_note":"","_exactmetrics_sitenote_category":0,"footnotes":""},"categories":[1],"tags":[],"class_list":["post-23249","post","type-post","status-publish","format-standard","hentry","category-uncategorized"],"_links":{"self":[{"href":"https:\/\/ryttarutbildning.se\/index.php?rest_route=\/wp\/v2\/posts\/23249","targetHints":{"allow":["GET"]}}],"collection":[{"href":"https:\/\/ryttarutbildning.se\/index.php?rest_route=\/wp\/v2\/posts"}],"about":[{"href":"https:\/\/ryttarutbildning.se\/index.php?rest_route=\/wp\/v2\/types\/post"}],"author":[{"embeddable":true,"href":"https:\/\/ryttarutbildning.se\/index.php?rest_route=\/wp\/v2\/users\/1"}],"replies":[{"embeddable":true,"href":"https:\/\/ryttarutbildning.se\/index.php?rest_route=%2Fwp%2Fv2%2Fcomments&post=23249"}],"version-history":[{"count":0,"href":"https:\/\/ryttarutbildning.se\/index.php?rest_route=\/wp\/v2\/posts\/23249\/revisions"}],"wp:attachment":[{"href":"https:\/\/ryttarutbildning.se\/index.php?rest_route=%2Fwp%2Fv2%2Fmedia&parent=23249"}],"wp:term":[{"taxonomy":"category","embeddable":true,"href":"https:\/\/ryttarutbildning.se\/index.php?rest_route=%2Fwp%2Fv2%2Fcategories&post=23249"},{"taxonomy":"post_tag","embeddable":true,"href":"https:\/\/ryttarutbildning.se\/index.php?rest_route=%2Fwp%2Fv2%2Ftags&post=23249"}],"curies":[{"name":"wp","href":"https:\/\/api.w.org\/{rel}","templated":true}]}}