{"id":22632,"date":"2021-05-02T11:39:51","date_gmt":"2021-05-02T09:39:51","guid":{"rendered":"http:\/\/ryttarutbildning.se\/?p=22632"},"modified":"2021-05-02T11:39:52","modified_gmt":"2021-05-02T09:39:52","slug":"sondags-summering","status":"publish","type":"post","link":"https:\/\/ryttarutbildning.se\/?p=22632","title":{"rendered":"S\u00f6ndags-summering"},"content":{"rendered":"\n<p>Det h\u00e4r blev en ganska produktiv vecka faktiskt. Utan att jag har k\u00e4nt mig stressad! Dagarna \u00e4r l\u00e4ngre och energin b\u00f6rjar sakta \u00e5terv\u00e4nda (men det f\u00e5r g\u00e4rna bli varmare nu f\u00f6r h\u00e4starna vill ha mer bete i hagarna&#8230;).<br><br>Under veckan som gick har jag hunnit med tv\u00e5 tr\u00e4ningar, en med <strong>Grodan<\/strong> h\u00e4r hemma och en med <strong>Dolle<\/strong> p\u00e5 bortaplan. B\u00e5da var duktiga! Grodan fick en lugn helg nu som bel\u00f6ning, eftersom jag tror att hon har jobbat p\u00e5 lite h\u00e5rdare \/ mer korrekt ett tag. Lika bra att f\u00f6rekomma \u00e4n f\u00f6rekommas&#8230; <br><br>Vi har hunnit med en hel del st\u00e4d och fix i stallet sista tiden och ig\u00e5r hj\u00e4lpte min bror mig att piffa upp sadelkammaren lite s\u00e5 att k\u00f6ksdelen \u00e4r lite snyggare. Det blev j\u00e4ttefint, det kommer ni se n\u00e4r ni kommer n\u00e4sta g\u00e5ng! Jag skulle beh\u00f6va byta ut micron ocks\u00e5, men vill og\u00e4rna k\u00f6pa en ny, s\u00e5 om n\u00e5gon har en ca 43 cm bred att avvara f\u00e5r ni g\u00e4rna s\u00e4ga till.<\/p>\n\n\n\n<p>Jag har hunnit st\u00e4da ur v\u00e4xthuset inf\u00f6r ny s\u00e4song och alla rabatter runt huset har f\u00e5tt en f\u00f6rsta rensning (av ca 100 kommande&#8230;). <br><br>Dessutom har jag b\u00f6rjat ta tag i att m\u00e5la m\u00f6bler igen och f\u00f6rst p\u00e5 tur blev tv\u00e5 s\u00e4ngbord till ett av \u00f6vernattningsrummen. Jag visar n\u00e4r de \u00e4r helt klara. <br><br>Under veckan blev jag ocks\u00e5 intervjuad till en tidning, och idag har jag varit p\u00e5 mitt f\u00f6rsta domaruppdrag f\u00f6r i \u00e5r. En snabb v\u00e4nda med bara 10 starter men \u00e4nd\u00e5&#8230; Klasserna blir ju inte s\u00e5 stora nu n\u00e4r t\u00e4vlandet \u00e4r begr\u00e4nsat. <\/p>\n\n\n\n<p>En ny h\u00e4st \u00e4r installerad i stallet ocks\u00e5 som ni s\u00e5g i f\u00f6rra inl\u00e4gget!<br><br>Jag har ingen kurs den h\u00e4r helgen men i eftermiddag blir det ett g\u00e4ng privatlektioner, plus att jag ska rida lite sj\u00e4lv. N\u00e4sta helg k\u00f6r vi d\u00e4remot en tv\u00e5dagarskurs med yoga, det var ett tag sedan sist s\u00e5 det ska bli kul!<\/p>\n\n\n\n<figure class=\"wp-block-image size-large\"><img loading=\"lazy\" decoding=\"async\" width=\"961\" height=\"738\" src=\"https:\/\/media.ryttarutbildning.se\/2021\/04\/received_143889207742507.jpeg\" alt=\"\" class=\"wp-image-22623\" srcset=\"https:\/\/media.ryttarutbildning.se\/2021\/04\/received_143889207742507.jpeg 961w, https:\/\/media.ryttarutbildning.se\/2021\/04\/received_143889207742507-300x230.jpeg 300w, https:\/\/media.ryttarutbildning.se\/2021\/04\/received_143889207742507-768x590.jpeg 768w, https:\/\/media.ryttarutbildning.se\/2021\/04\/received_143889207742507-391x300.jpeg 391w\" sizes=\"auto, (max-width: 961px) 100vw, 961px\" \/><\/figure>\n","protected":false},"excerpt":{"rendered":"<p>Det h\u00e4r blev en ganska produktiv vecka faktiskt. Utan att jag har k\u00e4nt mig stressad! Dagarna \u00e4r l\u00e4ngre och energin b\u00f6rjar sakta \u00e5terv\u00e4nda (men det f\u00e5r g\u00e4rna bli varmare nu f\u00f6r h\u00e4starna vill ha mer bete i hagarna&#8230;). Under veckan som gick har jag hunnit med tv\u00e5 tr\u00e4ningar, en med Grodan h\u00e4r hemma och en [&hellip;]<\/p>\n","protected":false},"author":1,"featured_media":0,"comment_status":"open","ping_status":"open","sticky":false,"template":"","format":"standard","meta":{"_exactmetrics_skip_tracking":false,"_exactmetrics_sitenote_active":false,"_exactmetrics_sitenote_note":"","_exactmetrics_sitenote_category":0,"footnotes":""},"categories":[18,8],"tags":[],"class_list":["post-22632","post","type-post","status-publish","format-standard","hentry","category-min-dag","category-privat-ovrigt"],"_links":{"self":[{"href":"https:\/\/ryttarutbildning.se\/index.php?rest_route=\/wp\/v2\/posts\/22632","targetHints":{"allow":["GET"]}}],"collection":[{"href":"https:\/\/ryttarutbildning.se\/index.php?rest_route=\/wp\/v2\/posts"}],"about":[{"href":"https:\/\/ryttarutbildning.se\/index.php?rest_route=\/wp\/v2\/types\/post"}],"author":[{"embeddable":true,"href":"https:\/\/ryttarutbildning.se\/index.php?rest_route=\/wp\/v2\/users\/1"}],"replies":[{"embeddable":true,"href":"https:\/\/ryttarutbildning.se\/index.php?rest_route=%2Fwp%2Fv2%2Fcomments&post=22632"}],"version-history":[{"count":0,"href":"https:\/\/ryttarutbildning.se\/index.php?rest_route=\/wp\/v2\/posts\/22632\/revisions"}],"wp:attachment":[{"href":"https:\/\/ryttarutbildning.se\/index.php?rest_route=%2Fwp%2Fv2%2Fmedia&parent=22632"}],"wp:term":[{"taxonomy":"category","embeddable":true,"href":"https:\/\/ryttarutbildning.se\/index.php?rest_route=%2Fwp%2Fv2%2Fcategories&post=22632"},{"taxonomy":"post_tag","embeddable":true,"href":"https:\/\/ryttarutbildning.se\/index.php?rest_route=%2Fwp%2Fv2%2Ftags&post=22632"}],"curies":[{"name":"wp","href":"https:\/\/api.w.org\/{rel}","templated":true}]}}