{"id":22616,"date":"2021-04-27T10:00:00","date_gmt":"2021-04-27T08:00:00","guid":{"rendered":"http:\/\/ryttarutbildning.se\/?p=22616"},"modified":"2021-04-26T19:04:18","modified_gmt":"2021-04-26T17:04:18","slug":"sa-haller-jag-lektionshastarna-motiverade-2","status":"publish","type":"post","link":"https:\/\/ryttarutbildning.se\/?p=22616","title":{"rendered":"S\u00e5 h\u00e5ller jag lektionsh\u00e4starna motiverade"},"content":{"rendered":"\n<p><em>(Inl\u00e4gget \u00e4r publicerat 2018, men vissa saker man man \u00e5teranv\u00e4nda!)<\/em><\/p>\n\n\n\n<p>F\u00f6r att f\u00e5 glada och h\u00e5llbara h\u00e4star s\u00e5 kr\u00e4vs det variation i arbetet, och g\u00e4rna ridning p\u00e5 olika typer av underlag. Med en egen h\u00e4st \u00e4r det l\u00e4ttare att planera veckans ridpass, men jag f\u00f6rs\u00f6ker att ha det h\u00e4r i bakhuvudet \u00e4ven med mina lektionsh\u00e4star. Nu har ju jag lyxen att driva min egen verksamhet och det inneb\u00e4r att jag sj\u00e4lv v\u00e4ljer om jag vill maxa int\u00e4kterna och l\u00e5ta h\u00e4starna g\u00e5 mer, eller om jag prioriterar att de ska g\u00e5 \u201dlagom\u201d och m\u00e5 bra. Jag h\u00e5ller generellt ett lite h\u00f6gre tempo p\u00e5 lektionerna (och med h\u00f6gre krav) \u00e4n p\u00e5 en ridskola, s\u00e5 de kan inte g\u00e5 lika mycket av den anledningen. Mina h\u00e4star \u201dsparar\u201d sig s\u00e4llan p\u00e5 lektionerna genom att t.ex. g\u00e5 med nyb\u00f6rjare. Men bortsett fr\u00e5n den fysiska belastningen att g\u00e5 flera pass om dagen s\u00e5 tycker jag att den psykiska faktorn \u00e4r minst lika viktig \u2013 och den pratar man inte lika mycket om tycker jag. Att g\u00e5 flera pass om dagen i ridhus med olika ryttare tror jag g\u00f6r att m\u00e5nga h\u00e4star st\u00e4nger av lite, och jag vill inte ha avst\u00e4ngda h\u00e4star!<\/p>\n\n\n\n<p>D\u00e4rf\u00f6r f\u00f6rs\u00f6ker jag variera arbetet s\u00e5 mycket som m\u00f6jligt. M\u00e5nga ridpass b\u00f6rjar eller slutar ute n\u00e4r v\u00e4dret till\u00e5ter. Sv\u00e5rt p\u00e5 vintern f\u00f6rst\u00e5s, men annars skrittar vi n\u00e4stan alltid fram eller av ute. D\u00e5 f\u00e5r h\u00e4starna b\u00e4ttre bjudning och variation p\u00e5 underlaget, samt att de blir tryggare n\u00e4r de rids i olika milj\u00f6er. Jag f\u00f6rs\u00f6ker ocks\u00e5 f\u00e5 in ca en uteritt varje vecka, i den m\u00e5n jag kan. N\u00e5gra elever rider ut ibland, och jag kan ocks\u00e5 v\u00e4lja att g\u00f6ra n\u00e5gra pass ute ist\u00e4llet f\u00f6r att \u201drida igenom\u201d h\u00e4starna inomhus.<\/p>\n\n\n\n<p>En annan viktig faktor f\u00f6r mig \u00e4r att g\u00e4rna ha n\u00e5gon ryttare p\u00e5 varje h\u00e4st som rider den h\u00e4sten lite mer regelbundet (i den m\u00e5n det g\u00e5r) \u2013 s\u00e5 att h\u00e4st och ryttare l\u00e4r k\u00e4nna varandra. Jag rider \u00e4ven alla h\u00e4star sj\u00e4lv (med m\u00e5let ca en g\u00e5ng i veckan \u2013 ibland blir det mer, ibland mindre). Dels vill jag k\u00e4nna status p\u00e5 h\u00e4starna, men jag kan ocks\u00e5 jobba loss en del sp\u00e4nningar och snedheter innan de blir bef\u00e4sta. H\u00e4star som g\u00e5r med mycket sp\u00e4nningar \u00e4r s\u00e4llan glada h\u00e4star. Ibland tycker jag att det blir f\u00f6r m\u00e5nga ridpass om jag ska rida ut\u00f6ver veckans lektioner, och d\u00e5 v\u00e4ljer jag kanske att t\u00f6mk\u00f6ra eller arbete vid hand som ett komplement. D\u00e5 blir det variation och h\u00e4sten slipper \u00e4ven sadel den dagen.<\/p>\n\n\n\n<p>Jag f\u00f6rs\u00f6ker ocks\u00e5 g\u00f6ra olika typer av \u00f6vningar (men med en r\u00f6d tr\u00e5d), och avsluta n\u00e4r h\u00e4starna har gjort n\u00e5got bra ist\u00e4llet f\u00f6r att n\u00f6ta l\u00e4nge. Ibland l\u00e4gger jag in markarbete f\u00f6r att f\u00e5 mer variation i dressyrjobbet. (Jag vet \u2013 den h\u00e4r terminen har jag varit d\u00e5lig p\u00e5 det s\u00e5h\u00e4r l\u00e5ngt.. Det kommer!)<\/p>\n\n\n\n<p>Andra viktiga saker f\u00f6r att h\u00e5lla h\u00e4starna glada \u00e4r att utrustningen passar, och att de vid behov f\u00e5r hj\u00e4lp av veterin\u00e4r, kiropraktor etc. Jag st\u00e4mmer hellre i b\u00e4cken \u00e4n att jag v\u00e4ntar p\u00e5 att det ska bli \u201dkatastrof\u201d. Jag f\u00f6rs\u00f6ker ocks\u00e5 vara noga med att f\u00f6rdela arbetet under veckan hyfsat j\u00e4mnt. Ibland blir det lite sv\u00e5rt, och i vissa fall har jag faktiskt hellre flyttat elever till andra tider, vilket kan betyda att n\u00e5gon rider privat p\u00e5 dagtid ist\u00e4llet f\u00f6r sin tid i grupp. Det \u00e4r inte alltf\u00f6r ofta, och det g\u00f6r att jag sj\u00e4lv f\u00e5r jobba lite extra, men jag g\u00f6r hellre det om det passar i h\u00e4stens vecko-schema. Och jag \u00e4r v\u00e4ldigt tacksam \u00f6ver att jag har flexibla elever som har f\u00f6rst\u00e5else f\u00f6r detta. Det ger trots allt mer kvalitet \u00e5t alla i slut\u00e4ndan!<\/p>\n\n\n\n<figure class=\"wp-block-image size-large\"><img loading=\"lazy\" decoding=\"async\" width=\"777\" height=\"518\" src=\"https:\/\/media.ryttarutbildning.se\/2021\/04\/7J6A4523.jpg\" alt=\"\" class=\"wp-image-22617\" srcset=\"https:\/\/media.ryttarutbildning.se\/2021\/04\/7J6A4523.jpg 777w, https:\/\/media.ryttarutbildning.se\/2021\/04\/7J6A4523-300x200.jpg 300w, https:\/\/media.ryttarutbildning.se\/2021\/04\/7J6A4523-768x512.jpg 768w, https:\/\/media.ryttarutbildning.se\/2021\/04\/7J6A4523-450x300.jpg 450w\" sizes=\"auto, (max-width: 777px) 100vw, 777px\" \/><\/figure>\n","protected":false},"excerpt":{"rendered":"<p>(Inl\u00e4gget \u00e4r publicerat 2018, men vissa saker man man \u00e5teranv\u00e4nda!) F\u00f6r att f\u00e5 glada och h\u00e5llbara h\u00e4star s\u00e5 kr\u00e4vs det variation i arbetet, och g\u00e4rna ridning p\u00e5 olika typer av underlag. Med en egen h\u00e4st \u00e4r det l\u00e4ttare att planera veckans ridpass, men jag f\u00f6rs\u00f6ker att ha det h\u00e4r i bakhuvudet \u00e4ven med mina lektionsh\u00e4star. [&hellip;]<\/p>\n","protected":false},"author":1,"featured_media":0,"comment_status":"open","ping_status":"open","sticky":false,"template":"","format":"standard","meta":{"_exactmetrics_skip_tracking":false,"_exactmetrics_sitenote_active":false,"_exactmetrics_sitenote_note":"","_exactmetrics_sitenote_category":0,"footnotes":""},"categories":[14,7],"tags":[],"class_list":["post-22616","post","type-post","status-publish","format-standard","hentry","category-asikter-och-tankar","category-hastarna"],"_links":{"self":[{"href":"https:\/\/ryttarutbildning.se\/index.php?rest_route=\/wp\/v2\/posts\/22616","targetHints":{"allow":["GET"]}}],"collection":[{"href":"https:\/\/ryttarutbildning.se\/index.php?rest_route=\/wp\/v2\/posts"}],"about":[{"href":"https:\/\/ryttarutbildning.se\/index.php?rest_route=\/wp\/v2\/types\/post"}],"author":[{"embeddable":true,"href":"https:\/\/ryttarutbildning.se\/index.php?rest_route=\/wp\/v2\/users\/1"}],"replies":[{"embeddable":true,"href":"https:\/\/ryttarutbildning.se\/index.php?rest_route=%2Fwp%2Fv2%2Fcomments&post=22616"}],"version-history":[{"count":0,"href":"https:\/\/ryttarutbildning.se\/index.php?rest_route=\/wp\/v2\/posts\/22616\/revisions"}],"wp:attachment":[{"href":"https:\/\/ryttarutbildning.se\/index.php?rest_route=%2Fwp%2Fv2%2Fmedia&parent=22616"}],"wp:term":[{"taxonomy":"category","embeddable":true,"href":"https:\/\/ryttarutbildning.se\/index.php?rest_route=%2Fwp%2Fv2%2Fcategories&post=22616"},{"taxonomy":"post_tag","embeddable":true,"href":"https:\/\/ryttarutbildning.se\/index.php?rest_route=%2Fwp%2Fv2%2Ftags&post=22616"}],"curies":[{"name":"wp","href":"https:\/\/api.w.org\/{rel}","templated":true}]}}