{"id":22606,"date":"2021-04-26T08:19:59","date_gmt":"2021-04-26T06:19:59","guid":{"rendered":"http:\/\/ryttarutbildning.se\/?p=22606"},"modified":"2021-04-26T08:20:00","modified_gmt":"2021-04-26T06:20:00","slug":"langsam-var","status":"publish","type":"post","link":"https:\/\/ryttarutbildning.se\/?p=22606","title":{"rendered":"L\u00e5ngsam v\u00e5r"},"content":{"rendered":"\n<p>V\u00e5ren b\u00f6rjade tidigt men g\u00e5r inte s\u00e4rskilt fort. Jag tycker i och f\u00f6r sig att det \u00e4r ganska bra, f\u00f6r det \u00e4r sk\u00f6nt att f\u00e5 dra ut p\u00e5 det lite. F\u00f6rr eller senare sm\u00e4ller det till \u00e4nd\u00e5 och sedan \u00e4r v\u00e5ren \u00f6ver. \ud83d\ude09 Jag skulle dock vilja att det b\u00f6rjade v\u00e4xa lite mer gr\u00e4s snart, s\u00e5 att det kommer mer bete till h\u00e4starna. <\/p>\n\n\n\n<p>Jag har haft lyxen att ha tv\u00e5 praktikanter fr\u00e5n Berga h\u00e4r i tv\u00e5 veckor. Det \u00e4r perfekt, s\u00e5 man hinner lite extra uppgifter som alltid finns s\u00e5h\u00e4r \u00e5rs. De har s\u00e5klart hj\u00e4lpt till med h\u00e4star, stall, longering, titta p\u00e5 lektioner etc, men vi har ocks\u00e5 hunnit med att b\u00f6rja skura boxar, mocka hagar och andra st\u00e4duppgifter. Sofia \u00e4r snart klar med att tv\u00e4tta ridhusf\u00f6nstren. Tyv\u00e4rr \u00e4r ett trasigt, men det \u00e4r inte hennes fel, utan en f\u00e5gel som fl\u00f6g rakt igenom. Glaset i de d\u00e4r f\u00f6nstren \u00e4r r\u00e4tt tunt, s\u00e5 egentligen \u00e4r det konstigt att det inte har h\u00e4nt tidigare&#8230;<br>Mitt m\u00e5l under sommaren \u00e4r att m\u00e5la f\u00f6nster i stall och ridhus, men det kanske bara blir det ena, vi f\u00e5r se&#8230; Jag b\u00f6rjar med stallet eftersom jag inte gillar att kl\u00e4ttra p\u00e5 stegar! \ud83d\ude09<\/p>\n\n\n\n<p><strong>Ni med inackorderingar: forts\u00e4tt h\u00e5ll efter mockningen i hagarna \u00e4r ni sn\u00e4lla<\/strong>, s\u00e5 vi h\u00e5ller parasittrycket nere. Det verkar som om vi har varit bra p\u00e5 det hittills, f\u00e5 h\u00e4star ser ut att beh\u00f6va avmaskas, och det \u00e4r ju j\u00e4ttebra!<br><br>Nu p\u00e5 l\u00f6rdag (1 maj) har jag f\u00f6r avsikt att vara ledig och fokusera p\u00e5 g\u00e5rden och tr\u00e4dg\u00e5rden. S\u00f6ndag d\u00f6mer jag en t\u00e4vling, men har f\u00f6r ovanlighetens skull lite plats f\u00f6r n\u00e5gon mer <strong>privatlektion p\u00e5 em (endast fasta elever).<\/strong> Skicka sms om du vill rida! Har ingen kurs denna helg.<\/p>\n\n\n\n<figure class=\"wp-block-image size-large\"><img loading=\"lazy\" decoding=\"async\" width=\"1024\" height=\"1024\" src=\"https:\/\/media.ryttarutbildning.se\/2021\/04\/IMG_20210417_175204_842-1024x1024.jpg\" alt=\"\" class=\"wp-image-22608\" srcset=\"https:\/\/media.ryttarutbildning.se\/2021\/04\/IMG_20210417_175204_842-1024x1024.jpg 1024w, https:\/\/media.ryttarutbildning.se\/2021\/04\/IMG_20210417_175204_842-300x300.jpg 300w, https:\/\/media.ryttarutbildning.se\/2021\/04\/IMG_20210417_175204_842-150x150.jpg 150w, https:\/\/media.ryttarutbildning.se\/2021\/04\/IMG_20210417_175204_842-768x768.jpg 768w, https:\/\/media.ryttarutbildning.se\/2021\/04\/IMG_20210417_175204_842-1536x1536.jpg 1536w, https:\/\/media.ryttarutbildning.se\/2021\/04\/IMG_20210417_175204_842-2048x2048.jpg 2048w\" sizes=\"auto, (max-width: 1024px) 100vw, 1024px\" \/><\/figure>\n\n\n\n<p><br><\/p>\n","protected":false},"excerpt":{"rendered":"<p>V\u00e5ren b\u00f6rjade tidigt men g\u00e5r inte s\u00e4rskilt fort. Jag tycker i och f\u00f6r sig att det \u00e4r ganska bra, f\u00f6r det \u00e4r sk\u00f6nt att f\u00e5 dra ut p\u00e5 det lite. F\u00f6rr eller senare sm\u00e4ller det till \u00e4nd\u00e5 och sedan \u00e4r v\u00e5ren \u00f6ver. \ud83d\ude09 Jag skulle dock vilja att det b\u00f6rjade v\u00e4xa lite mer gr\u00e4s snart, [&hellip;]<\/p>\n","protected":false},"author":1,"featured_media":0,"comment_status":"open","ping_status":"open","sticky":false,"template":"","format":"standard","meta":{"_exactmetrics_skip_tracking":false,"_exactmetrics_sitenote_active":false,"_exactmetrics_sitenote_note":"","_exactmetrics_sitenote_category":0,"footnotes":""},"categories":[1],"tags":[],"class_list":["post-22606","post","type-post","status-publish","format-standard","hentry","category-uncategorized"],"_links":{"self":[{"href":"https:\/\/ryttarutbildning.se\/index.php?rest_route=\/wp\/v2\/posts\/22606","targetHints":{"allow":["GET"]}}],"collection":[{"href":"https:\/\/ryttarutbildning.se\/index.php?rest_route=\/wp\/v2\/posts"}],"about":[{"href":"https:\/\/ryttarutbildning.se\/index.php?rest_route=\/wp\/v2\/types\/post"}],"author":[{"embeddable":true,"href":"https:\/\/ryttarutbildning.se\/index.php?rest_route=\/wp\/v2\/users\/1"}],"replies":[{"embeddable":true,"href":"https:\/\/ryttarutbildning.se\/index.php?rest_route=%2Fwp%2Fv2%2Fcomments&post=22606"}],"version-history":[{"count":0,"href":"https:\/\/ryttarutbildning.se\/index.php?rest_route=\/wp\/v2\/posts\/22606\/revisions"}],"wp:attachment":[{"href":"https:\/\/ryttarutbildning.se\/index.php?rest_route=%2Fwp%2Fv2%2Fmedia&parent=22606"}],"wp:term":[{"taxonomy":"category","embeddable":true,"href":"https:\/\/ryttarutbildning.se\/index.php?rest_route=%2Fwp%2Fv2%2Fcategories&post=22606"},{"taxonomy":"post_tag","embeddable":true,"href":"https:\/\/ryttarutbildning.se\/index.php?rest_route=%2Fwp%2Fv2%2Ftags&post=22606"}],"curies":[{"name":"wp","href":"https:\/\/api.w.org\/{rel}","templated":true}]}}