{"id":22425,"date":"2021-03-08T20:19:24","date_gmt":"2021-03-08T18:19:24","guid":{"rendered":"http:\/\/ryttarutbildning.se\/?p=22425"},"modified":"2021-03-08T20:19:25","modified_gmt":"2021-03-08T18:19:25","slug":"min-mandag","status":"publish","type":"post","link":"https:\/\/ryttarutbildning.se\/?p=22425","title":{"rendered":"Min m\u00e5ndag"},"content":{"rendered":"\n<p>Idag har jag verkligen gjort lite av varje. Jag b\u00f6rjade morgonen med kontorsjobb, vilket har blivit en m\u00e5ndagsrutin f\u00f6r att komma ikapp och \u00f6verblicka veckan lite. Sedan deltog jag och Torbj\u00f6rn i ett digitalt m\u00f6te om nya regler kring att registrera h\u00e4star p\u00e5 sin anl\u00e4ggning. Fr\u00e5n och med 21 april ska alla h\u00e4star vara registrerade, s\u00e5 nu blir det \u00e4nnu mer att h\u00e5lla reda p\u00e5. Tur att vi inte har s\u00e5 stort stall&#8230;<\/p>\n\n\n\n<p>Vid lunch kom Tove f\u00f6r att 3D-scanna n\u00e5gra h\u00e4star f\u00f6r ett konstprojekt som hon h\u00e5ller p\u00e5 med. Det \u00e4r lite mysko och sv\u00e5rt att f\u00f6rklara men det blir v\u00e4ldigt fint resultat i alla fall. Grodan och Cesar (och jag..) blev scannade. H\u00e4starna var superduktiga (de m\u00e5ste st\u00e5 typ helt still och det \u00e4r ju lagom l\u00e4tt f\u00f6r en h\u00e4st). Bilden i inl\u00e4gget \u00e4r en f\u00e4rdig bild fr\u00e5n hennes instagram (Tove Kjellmark) &#8211; d\u00e4r finns fler bilder om ni \u00e4r nyfikna. Den h\u00e4r bilden \u00e4r allts\u00e5 inte p\u00e5 n\u00e5gon av mina h\u00e4star, men det f\u00e5r ni f\u00f6rhoppningsvis se l\u00e4ngre fram!<\/p>\n\n\n\n<p>Efter dagens mockning s\u00e5 har jag ocks\u00e5 ridit fyra h\u00e4star.<br><strong>Qurre<\/strong> fick ett kort, lite l\u00e4ttare pass, men det r\u00e4ckte gott och v\u00e4l &#8211; han var j\u00e4tteduktig. Viktigt dock att han verkligen b\u00e4r p\u00e5 bakbenen och inte blir stark i handen!<br><strong>Misse<\/strong> var ocks\u00e5 fin idag. F\u00f6rra veckan tyckte jag han var lite kantig och stel men idag var det riktigt bra! Det blev ocks\u00e5 ett kortare pass med ungef\u00e4r samma fokus som med Q.<br><strong>Grodan<\/strong> var lite springig till en b\u00f6rjan (har inte ridit p\u00e5 ett par dagar, dock t\u00f6mk\u00f6rt). F\u00f6rst t\u00e4nkte jag ge upp i en millisekund, men sedan tog jag beslutet att f\u00f6rst galoppera henne ordentligt, \u00e4ven i l\u00e4tt sits, f\u00f6r att f\u00e5 ig\u00e5ng hennes rygg. Efter det var traven enormt mycket b\u00e4ttre och d\u00e5 kom vi till ett bra jobb med skolorna och faktiskt lite schwung i steget. Hon verkar vara p\u00e5 r\u00e4tt sp\u00e5r nu \u00e4nd\u00e5, om jag kan h\u00e5lla henne d\u00e4r, men det \u00e4r en fin balans att v\u00e5ga kr\u00e4va mer och \u00e4nd\u00e5 ta h\u00e4nsyn till vissa begr\u00e4nsningar. I slutet av passet var hon dock j\u00e4ttefin och vi verkar komma igenom saker mer och mer, men det \u00e4r klart att det inte kommer &#8221;av sig sj\u00e4lv&#8221;.<br>Sist ut idag var <strong>Dolle<\/strong>, som ocks\u00e5 beh\u00f6ver komma ihop lite mer nu. Jag f\u00f6rs\u00f6ker lista ut hur mycket jag t\u00f6rs kr\u00e4va utan att rida &#8221;f\u00f6r tufft&#8221;, men jag beh\u00f6ver \u00e4ven h\u00e4r komma \u00f6ver en tr\u00f6skel tror jag. Det \u00e4r en stor h\u00e4st som ocks\u00e5 kr\u00e4ver en hel del ridning k\u00e4nns det som, men det ska ju \u00e4nd\u00e5 vara i den takt att han hinner bygga styrka utan att bli tr\u00f6tt. Ryttark\u00e4nsla osv&#8230; Det \u00e4r inte det l\u00e4ttaste! P\u00e5 torsdag kommer dock Nina s\u00e5 d\u00e5 kan jag bolla det lite med henne ocks\u00e5. <br><br>Kvar idag:<br>1.  Diska (\u00e4r hemma en snabbis)<br>2.  Putsa alla tr\u00e4ns efter dagens ridning<br>3.  En lektion med fortsatt fokus p\u00e5 rakriktning<\/p>\n\n\n\n<p>Det var den m\u00e5ndagen!<\/p>\n\n\n\n<figure class=\"wp-block-image size-large\"><img loading=\"lazy\" decoding=\"async\" width=\"720\" height=\"901\" src=\"https:\/\/media.ryttarutbildning.se\/2021\/03\/20210308_190421.jpg\" alt=\"\" class=\"wp-image-22424\" srcset=\"https:\/\/media.ryttarutbildning.se\/2021\/03\/20210308_190421.jpg 720w, https:\/\/media.ryttarutbildning.se\/2021\/03\/20210308_190421-240x300.jpg 240w\" sizes=\"auto, (max-width: 720px) 100vw, 720px\" \/><\/figure>\n","protected":false},"excerpt":{"rendered":"<p>Idag har jag verkligen gjort lite av varje. Jag b\u00f6rjade morgonen med kontorsjobb, vilket har blivit en m\u00e5ndagsrutin f\u00f6r att komma ikapp och \u00f6verblicka veckan lite. Sedan deltog jag och Torbj\u00f6rn i ett digitalt m\u00f6te om nya regler kring att registrera h\u00e4star p\u00e5 sin anl\u00e4ggning. Fr\u00e5n och med 21 april ska alla h\u00e4star vara registrerade, [&hellip;]<\/p>\n","protected":false},"author":1,"featured_media":0,"comment_status":"open","ping_status":"open","sticky":false,"template":"","format":"standard","meta":{"_exactmetrics_skip_tracking":false,"_exactmetrics_sitenote_active":false,"_exactmetrics_sitenote_note":"","_exactmetrics_sitenote_category":0,"footnotes":""},"categories":[6,18],"tags":[],"class_list":["post-22425","post","type-post","status-publish","format-standard","hentry","category-dagens-ridning","category-min-dag"],"_links":{"self":[{"href":"https:\/\/ryttarutbildning.se\/index.php?rest_route=\/wp\/v2\/posts\/22425","targetHints":{"allow":["GET"]}}],"collection":[{"href":"https:\/\/ryttarutbildning.se\/index.php?rest_route=\/wp\/v2\/posts"}],"about":[{"href":"https:\/\/ryttarutbildning.se\/index.php?rest_route=\/wp\/v2\/types\/post"}],"author":[{"embeddable":true,"href":"https:\/\/ryttarutbildning.se\/index.php?rest_route=\/wp\/v2\/users\/1"}],"replies":[{"embeddable":true,"href":"https:\/\/ryttarutbildning.se\/index.php?rest_route=%2Fwp%2Fv2%2Fcomments&post=22425"}],"version-history":[{"count":0,"href":"https:\/\/ryttarutbildning.se\/index.php?rest_route=\/wp\/v2\/posts\/22425\/revisions"}],"wp:attachment":[{"href":"https:\/\/ryttarutbildning.se\/index.php?rest_route=%2Fwp%2Fv2%2Fmedia&parent=22425"}],"wp:term":[{"taxonomy":"category","embeddable":true,"href":"https:\/\/ryttarutbildning.se\/index.php?rest_route=%2Fwp%2Fv2%2Fcategories&post=22425"},{"taxonomy":"post_tag","embeddable":true,"href":"https:\/\/ryttarutbildning.se\/index.php?rest_route=%2Fwp%2Fv2%2Ftags&post=22425"}],"curies":[{"name":"wp","href":"https:\/\/api.w.org\/{rel}","templated":true}]}}