{"id":22252,"date":"2021-01-31T22:00:40","date_gmt":"2021-01-31T20:00:40","guid":{"rendered":"http:\/\/ryttarutbildning.se\/?p=22252"},"modified":"2021-01-31T22:02:37","modified_gmt":"2021-01-31T20:02:37","slug":"helgen-i-bilder-6","status":"publish","type":"post","link":"https:\/\/ryttarutbildning.se\/?p=22252","title":{"rendered":"Helgen i bilder"},"content":{"rendered":"\n<p>Wow, vilken vinter och vilken h\u00e4rlig helg! Att d\u00f6ma av fl\u00f6det i sociala medier s\u00e5 \u00e4r jag inte ensam om att ha haft en bra helg. Sn\u00f6 + sol = vinnande koncept!<\/p>\n\n\n\n<p>Det h\u00e4r \u00e4r min helg i bilder:<\/p>\n\n\n\n<figure class=\"wp-block-image size-large\"><img loading=\"lazy\" decoding=\"async\" width=\"768\" height=\"1024\" src=\"https:\/\/media.ryttarutbildning.se\/2021\/01\/DSC_6768-768x1024.jpg\" alt=\"\" class=\"wp-image-22243\" srcset=\"https:\/\/media.ryttarutbildning.se\/2021\/01\/DSC_6768-768x1024.jpg 768w, https:\/\/media.ryttarutbildning.se\/2021\/01\/DSC_6768-225x300.jpg 225w, https:\/\/media.ryttarutbildning.se\/2021\/01\/DSC_6768-1152x1536.jpg 1152w, https:\/\/media.ryttarutbildning.se\/2021\/01\/DSC_6768-1536x2048.jpg 1536w, https:\/\/media.ryttarutbildning.se\/2021\/01\/DSC_6768-scaled.jpg 1920w\" sizes=\"auto, (max-width: 768px) 100vw, 768px\" \/><\/figure>\n\n\n\n<p><em>Fredagen b\u00f6rjade med lektion p\u00e5 f\u00f6rmiddagen, ridning och sedan bubbel vid brasan. <\/em><\/p>\n\n\n\n<figure class=\"wp-block-image size-large\"><img loading=\"lazy\" decoding=\"async\" width=\"768\" height=\"1024\" src=\"https:\/\/media.ryttarutbildning.se\/2021\/01\/DSC_6771-768x1024.jpg\" alt=\"\" class=\"wp-image-22244\" srcset=\"https:\/\/media.ryttarutbildning.se\/2021\/01\/DSC_6771-768x1024.jpg 768w, https:\/\/media.ryttarutbildning.se\/2021\/01\/DSC_6771-225x300.jpg 225w, https:\/\/media.ryttarutbildning.se\/2021\/01\/DSC_6771-1152x1536.jpg 1152w, https:\/\/media.ryttarutbildning.se\/2021\/01\/DSC_6771-1536x2048.jpg 1536w, https:\/\/media.ryttarutbildning.se\/2021\/01\/DSC_6771-scaled.jpg 1920w\" sizes=\"auto, (max-width: 768px) 100vw, 768px\" \/><\/figure>\n\n\n\n<p><em>Det h\u00e4r var middagen f\u00f6r jag orkade inte laga mat. S\u00e5d\u00e4r nyttigt&#8230; <\/em><\/p>\n\n\n\n<figure class=\"wp-block-image size-large\"><img loading=\"lazy\" decoding=\"async\" width=\"1024\" height=\"1024\" src=\"https:\/\/media.ryttarutbildning.se\/2021\/01\/IMG_20210130_112834_194-1024x1024.jpg\" alt=\"\" class=\"wp-image-22237\" srcset=\"https:\/\/media.ryttarutbildning.se\/2021\/01\/IMG_20210130_112834_194-1024x1024.jpg 1024w, https:\/\/media.ryttarutbildning.se\/2021\/01\/IMG_20210130_112834_194-300x300.jpg 300w, https:\/\/media.ryttarutbildning.se\/2021\/01\/IMG_20210130_112834_194-150x150.jpg 150w, https:\/\/media.ryttarutbildning.se\/2021\/01\/IMG_20210130_112834_194-768x768.jpg 768w, https:\/\/media.ryttarutbildning.se\/2021\/01\/IMG_20210130_112834_194-1536x1536.jpg 1536w, https:\/\/media.ryttarutbildning.se\/2021\/01\/IMG_20210130_112834_194-2048x2048.jpg 2048w\" sizes=\"auto, (max-width: 1024px) 100vw, 1024px\" \/><\/figure>\n\n\n\n<p><em>Ig\u00e5r blev det en uteritt med Grodan. S\u00e5 fint ute! Hoppas sn\u00f6n ligger ett tag, s\u00e5 bra att rida p\u00e5!<\/em><\/p>\n\n\n\n<figure class=\"wp-block-image size-large\"><img loading=\"lazy\" decoding=\"async\" width=\"768\" height=\"1024\" src=\"https:\/\/media.ryttarutbildning.se\/2021\/01\/DSC_6801-768x1024.jpg\" alt=\"\" class=\"wp-image-22246\" srcset=\"https:\/\/media.ryttarutbildning.se\/2021\/01\/DSC_6801-768x1024.jpg 768w, https:\/\/media.ryttarutbildning.se\/2021\/01\/DSC_6801-225x300.jpg 225w, https:\/\/media.ryttarutbildning.se\/2021\/01\/DSC_6801-1152x1536.jpg 1152w, https:\/\/media.ryttarutbildning.se\/2021\/01\/DSC_6801-1536x2048.jpg 1536w, https:\/\/media.ryttarutbildning.se\/2021\/01\/DSC_6801-scaled.jpg 1920w\" sizes=\"auto, (max-width: 768px) 100vw, 768px\" \/><\/figure>\n\n\n\n<p><em>L\u00f6rdag &#8211; s\u00f6ndag har jag haft tv\u00e5 ridg\u00e4ster som sov \u00f6ver. En med egen h\u00e4st. Det blev fiskgryta till middag och mycket t\u00e4nda lju<\/em>s <em>p\u00e5 bordet. <\/em><\/p>\n\n\n\n<figure class=\"wp-block-image size-large\"><img loading=\"lazy\" decoding=\"async\" width=\"768\" height=\"1024\" src=\"https:\/\/media.ryttarutbildning.se\/2021\/01\/DSC_6805-768x1024.jpg\" alt=\"\" class=\"wp-image-22247\" srcset=\"https:\/\/media.ryttarutbildning.se\/2021\/01\/DSC_6805-768x1024.jpg 768w, https:\/\/media.ryttarutbildning.se\/2021\/01\/DSC_6805-225x300.jpg 225w, https:\/\/media.ryttarutbildning.se\/2021\/01\/DSC_6805-1152x1536.jpg 1152w, https:\/\/media.ryttarutbildning.se\/2021\/01\/DSC_6805-1536x2048.jpg 1536w, https:\/\/media.ryttarutbildning.se\/2021\/01\/DSC_6805-scaled.jpg 1920w\" sizes=\"auto, (max-width: 768px) 100vw, 768px\" \/><\/figure>\n\n\n\n<p><em>Julst\u00e4mningen \u00e4r p\u00e5 topp&#8230; <\/em>&#x1f609;<\/p>\n\n\n\n<figure class=\"wp-block-image size-large\"><img loading=\"lazy\" decoding=\"async\" width=\"768\" height=\"1024\" src=\"https:\/\/media.ryttarutbildning.se\/2021\/01\/DSC_6809-768x1024.jpg\" alt=\"\" class=\"wp-image-22248\" srcset=\"https:\/\/media.ryttarutbildning.se\/2021\/01\/DSC_6809-768x1024.jpg 768w, https:\/\/media.ryttarutbildning.se\/2021\/01\/DSC_6809-225x300.jpg 225w, https:\/\/media.ryttarutbildning.se\/2021\/01\/DSC_6809-1152x1536.jpg 1152w, https:\/\/media.ryttarutbildning.se\/2021\/01\/DSC_6809-1536x2048.jpg 1536w, https:\/\/media.ryttarutbildning.se\/2021\/01\/DSC_6809-scaled.jpg 1920w\" sizes=\"auto, (max-width: 768px) 100vw, 768px\" \/><\/figure>\n\n\n\n<p><em>Kv\u00e4llens efterr\u00e4tt. Passar ju bra med glass n\u00e4r det \u00e4r minus femton ute. <\/em><\/p>\n\n\n\n<figure class=\"wp-block-image size-large\"><img loading=\"lazy\" decoding=\"async\" width=\"768\" height=\"1024\" src=\"https:\/\/media.ryttarutbildning.se\/2021\/01\/DSC_6814-768x1024.jpg\" alt=\"\" class=\"wp-image-22249\" srcset=\"https:\/\/media.ryttarutbildning.se\/2021\/01\/DSC_6814-768x1024.jpg 768w, https:\/\/media.ryttarutbildning.se\/2021\/01\/DSC_6814-225x300.jpg 225w, https:\/\/media.ryttarutbildning.se\/2021\/01\/DSC_6814-1152x1536.jpg 1152w, https:\/\/media.ryttarutbildning.se\/2021\/01\/DSC_6814-1536x2048.jpg 1536w, https:\/\/media.ryttarutbildning.se\/2021\/01\/DSC_6814-scaled.jpg 1920w\" sizes=\"auto, (max-width: 768px) 100vw, 768px\" \/><\/figure>\n\n\n\n<p><em>Fantastisk morgon i morse! L\u00e4tt v\u00e4rt att g\u00e5 upp f\u00f6r. M\u00e5nen lyste fortfarande och n\u00e4r solen gick upp var skogen helt rosa.<\/em><\/p>\n\n\n\n<figure class=\"wp-block-image size-large\"><img loading=\"lazy\" decoding=\"async\" width=\"768\" height=\"1024\" src=\"https:\/\/media.ryttarutbildning.se\/2021\/01\/DSC_6818-768x1024.jpg\" alt=\"\" class=\"wp-image-22242\" srcset=\"https:\/\/media.ryttarutbildning.se\/2021\/01\/DSC_6818-768x1024.jpg 768w, https:\/\/media.ryttarutbildning.se\/2021\/01\/DSC_6818-225x300.jpg 225w, https:\/\/media.ryttarutbildning.se\/2021\/01\/DSC_6818-1152x1536.jpg 1152w, https:\/\/media.ryttarutbildning.se\/2021\/01\/DSC_6818-1536x2048.jpg 1536w, https:\/\/media.ryttarutbildning.se\/2021\/01\/DSC_6818-scaled.jpg 1920w\" sizes=\"auto, (max-width: 768px) 100vw, 768px\" \/><\/figure>\n\n\n\n<p><em>All lera \u00e4r gl\u00f6md och f\u00f6rl\u00e5ten!<\/em><\/p>\n\n\n\n<figure class=\"wp-block-image size-large\"><img loading=\"lazy\" decoding=\"async\" width=\"1024\" height=\"1024\" src=\"https:\/\/media.ryttarutbildning.se\/2021\/01\/IMG_20210131_153320_278-1024x1024.jpg\" alt=\"\" class=\"wp-image-22236\" srcset=\"https:\/\/media.ryttarutbildning.se\/2021\/01\/IMG_20210131_153320_278-1024x1024.jpg 1024w, https:\/\/media.ryttarutbildning.se\/2021\/01\/IMG_20210131_153320_278-300x300.jpg 300w, https:\/\/media.ryttarutbildning.se\/2021\/01\/IMG_20210131_153320_278-150x150.jpg 150w, https:\/\/media.ryttarutbildning.se\/2021\/01\/IMG_20210131_153320_278-768x768.jpg 768w, https:\/\/media.ryttarutbildning.se\/2021\/01\/IMG_20210131_153320_278.jpg 1080w\" sizes=\"auto, (max-width: 1024px) 100vw, 1024px\" \/><\/figure>\n\n\n\n<figure class=\"wp-block-image size-large\"><img loading=\"lazy\" decoding=\"async\" width=\"768\" height=\"1024\" src=\"https:\/\/media.ryttarutbildning.se\/2021\/01\/DSC_6847-768x1024.jpg\" alt=\"\" class=\"wp-image-22239\" srcset=\"https:\/\/media.ryttarutbildning.se\/2021\/01\/DSC_6847-768x1024.jpg 768w, https:\/\/media.ryttarutbildning.se\/2021\/01\/DSC_6847-225x300.jpg 225w, https:\/\/media.ryttarutbildning.se\/2021\/01\/DSC_6847-1152x1536.jpg 1152w, https:\/\/media.ryttarutbildning.se\/2021\/01\/DSC_6847-1536x2048.jpg 1536w, https:\/\/media.ryttarutbildning.se\/2021\/01\/DSC_6847-scaled.jpg 1920w\" sizes=\"auto, (max-width: 768px) 100vw, 768px\" \/><\/figure>\n\n\n\n<p><em>Petra och Maria har ocks\u00e5 ridit en egen kurs l\u00f6r &#8211; s\u00f6n med fokus p\u00e5 galopp ombyten bl.a. Mycket duktiga!<\/em><\/p>\n\n\n\n<figure class=\"wp-block-image size-large\"><img loading=\"lazy\" decoding=\"async\" width=\"1024\" height=\"768\" src=\"https:\/\/media.ryttarutbildning.se\/2021\/01\/DSC_6844-1024x768.jpg\" alt=\"\" class=\"wp-image-22240\" srcset=\"https:\/\/media.ryttarutbildning.se\/2021\/01\/DSC_6844-1024x768.jpg 1024w, https:\/\/media.ryttarutbildning.se\/2021\/01\/DSC_6844-300x225.jpg 300w, https:\/\/media.ryttarutbildning.se\/2021\/01\/DSC_6844-768x576.jpg 768w, https:\/\/media.ryttarutbildning.se\/2021\/01\/DSC_6844-1536x1152.jpg 1536w, https:\/\/media.ryttarutbildning.se\/2021\/01\/DSC_6844-2048x1536.jpg 2048w, https:\/\/media.ryttarutbildning.se\/2021\/01\/DSC_6844-400x300.jpg 400w\" sizes=\"auto, (max-width: 1024px) 100vw, 1024px\" \/><\/figure>\n\n\n\n<p><em>En fin vy helt enkelt. Jag hade kurs p\u00e5 f\u00f6rmiddagen idag ocks\u00e5 med dubbla pass, s\u00e5 har lyckats h\u00e5lla tre parallella kurser i helgen. <\/em><\/p>\n\n\n\n<figure class=\"wp-block-image size-large\"><img loading=\"lazy\" decoding=\"async\" width=\"768\" height=\"1024\" src=\"https:\/\/media.ryttarutbildning.se\/2021\/01\/DSC_6839-768x1024.jpg\" alt=\"\" class=\"wp-image-22241\" srcset=\"https:\/\/media.ryttarutbildning.se\/2021\/01\/DSC_6839-768x1024.jpg 768w, https:\/\/media.ryttarutbildning.se\/2021\/01\/DSC_6839-225x300.jpg 225w, https:\/\/media.ryttarutbildning.se\/2021\/01\/DSC_6839-1152x1536.jpg 1152w, https:\/\/media.ryttarutbildning.se\/2021\/01\/DSC_6839-1536x2048.jpg 1536w, https:\/\/media.ryttarutbildning.se\/2021\/01\/DSC_6839-scaled.jpg 1920w\" sizes=\"auto, (max-width: 768px) 100vw, 768px\" \/><\/figure>\n\n\n\n<p><em>Dolle, en fin h\u00e4st som \u00e4r h\u00e4r inf\u00f6r f\u00f6rs\u00e4ljning. Idag longerade jag bara. <\/em><\/p>\n\n\n\n<figure class=\"wp-block-image size-large\"><img loading=\"lazy\" decoding=\"async\" width=\"768\" height=\"1024\" src=\"https:\/\/media.ryttarutbildning.se\/2021\/01\/DSC_6781-768x1024.jpg\" alt=\"\" class=\"wp-image-22245\" srcset=\"https:\/\/media.ryttarutbildning.se\/2021\/01\/DSC_6781-768x1024.jpg 768w, https:\/\/media.ryttarutbildning.se\/2021\/01\/DSC_6781-225x300.jpg 225w, https:\/\/media.ryttarutbildning.se\/2021\/01\/DSC_6781-1152x1536.jpg 1152w, https:\/\/media.ryttarutbildning.se\/2021\/01\/DSC_6781-1536x2048.jpg 1536w, https:\/\/media.ryttarutbildning.se\/2021\/01\/DSC_6781-scaled.jpg 1920w\" sizes=\"auto, (max-width: 768px) 100vw, 768px\" \/><\/figure>\n\n\n\n<p><em>S\u00e5 vackert ute nu att man blir helt f\u00f6rv\u00e5nad. <\/em><\/p>\n\n\n\n<figure class=\"wp-block-image size-large\"><img loading=\"lazy\" decoding=\"async\" width=\"1024\" height=\"1024\" src=\"https:\/\/media.ryttarutbildning.se\/2021\/01\/IMG_20210131_201719_196-1024x1024.jpg\" alt=\"\" class=\"wp-image-22238\" srcset=\"https:\/\/media.ryttarutbildning.se\/2021\/01\/IMG_20210131_201719_196-1024x1024.jpg 1024w, https:\/\/media.ryttarutbildning.se\/2021\/01\/IMG_20210131_201719_196-300x300.jpg 300w, https:\/\/media.ryttarutbildning.se\/2021\/01\/IMG_20210131_201719_196-150x150.jpg 150w, https:\/\/media.ryttarutbildning.se\/2021\/01\/IMG_20210131_201719_196-768x768.jpg 768w, https:\/\/media.ryttarutbildning.se\/2021\/01\/IMG_20210131_201719_196-1536x1536.jpg 1536w, https:\/\/media.ryttarutbildning.se\/2021\/01\/IMG_20210131_201719_196-2048x2048.jpg 2048w\" sizes=\"auto, (max-width: 1024px) 100vw, 1024px\" \/><\/figure>\n\n\n\n<p><em>Tror att h\u00e4starna gillar det ocks\u00e5! Hoppas att ni har hunnit njuta av det fina v\u00e4dret i helgen! Det ser ut att kunna h\u00e5lla i sig ett tag. Jag hoppas! <\/em><\/p>\n","protected":false},"excerpt":{"rendered":"<p>Wow, vilken vinter och vilken h\u00e4rlig helg! Att d\u00f6ma av fl\u00f6det i sociala medier s\u00e5 \u00e4r jag inte ensam om att ha haft en bra helg. Sn\u00f6 + sol = vinnande koncept! Det h\u00e4r \u00e4r min helg i bilder: Fredagen b\u00f6rjade med lektion p\u00e5 f\u00f6rmiddagen, ridning och sedan bubbel vid brasan. Det h\u00e4r var middagen [&hellip;]<\/p>\n","protected":false},"author":1,"featured_media":0,"comment_status":"open","ping_status":"open","sticky":false,"template":"","format":"standard","meta":{"_exactmetrics_skip_tracking":false,"_exactmetrics_sitenote_active":false,"_exactmetrics_sitenote_note":"","_exactmetrics_sitenote_category":0,"footnotes":""},"categories":[1],"tags":[],"class_list":["post-22252","post","type-post","status-publish","format-standard","hentry","category-uncategorized"],"_links":{"self":[{"href":"https:\/\/ryttarutbildning.se\/index.php?rest_route=\/wp\/v2\/posts\/22252","targetHints":{"allow":["GET"]}}],"collection":[{"href":"https:\/\/ryttarutbildning.se\/index.php?rest_route=\/wp\/v2\/posts"}],"about":[{"href":"https:\/\/ryttarutbildning.se\/index.php?rest_route=\/wp\/v2\/types\/post"}],"author":[{"embeddable":true,"href":"https:\/\/ryttarutbildning.se\/index.php?rest_route=\/wp\/v2\/users\/1"}],"replies":[{"embeddable":true,"href":"https:\/\/ryttarutbildning.se\/index.php?rest_route=%2Fwp%2Fv2%2Fcomments&post=22252"}],"version-history":[{"count":0,"href":"https:\/\/ryttarutbildning.se\/index.php?rest_route=\/wp\/v2\/posts\/22252\/revisions"}],"wp:attachment":[{"href":"https:\/\/ryttarutbildning.se\/index.php?rest_route=%2Fwp%2Fv2%2Fmedia&parent=22252"}],"wp:term":[{"taxonomy":"category","embeddable":true,"href":"https:\/\/ryttarutbildning.se\/index.php?rest_route=%2Fwp%2Fv2%2Fcategories&post=22252"},{"taxonomy":"post_tag","embeddable":true,"href":"https:\/\/ryttarutbildning.se\/index.php?rest_route=%2Fwp%2Fv2%2Ftags&post=22252"}],"curies":[{"name":"wp","href":"https:\/\/api.w.org\/{rel}","templated":true}]}}