{"id":22207,"date":"2021-01-18T12:34:38","date_gmt":"2021-01-18T10:34:38","guid":{"rendered":"http:\/\/ryttarutbildning.se\/?p=22207"},"modified":"2021-01-18T12:34:38","modified_gmt":"2021-01-18T10:34:38","slug":"mandag-11","status":"publish","type":"post","link":"https:\/\/ryttarutbildning.se\/?p=22207","title":{"rendered":"M\u00e5ndag"},"content":{"rendered":"\n<p>Ny vecka. Igen! Jag har som vanligt startat med en del kontorsjobb. Tycker att det \u00e4r sk\u00f6nt att b\u00f6rja veckan s\u00e5. Idag ska jag \u00e4ven tr\u00e4na med Grodan i eftermiddag. P\u00e5 onsdag har jag en vet-check med henne f\u00f6r s\u00e4kerhets skull. Jag vill ha stenkoll p\u00e5 henne eftersom det har varit en del trassel tidigare. Hon verkar m\u00e5 bra men \u00e4r kanske lite tr\u00f6tt i bakdelen efter att ha jobbat lite h\u00e5rdare. Har hittat en ny sadel med hj\u00e4lp av Ellinor, det verkar i alla fall g\u00f6ra skillnad f\u00f6r oss b\u00e5da! <\/p>\n\n\n\n<p>Det har kommit en ny h\u00e4st f\u00f6rra veckan som ska vara h\u00e4r en period f\u00f6r att ridas. Han \u00e4r till salu och vi ska utv\u00e4rdera efter en m\u00e5nad om han stannar l\u00e4ngre \u00e4n s\u00e5 eller inte. Har inte hunnit rida s\u00e5 mycket \u00e4n men intrycket s\u00e5h\u00e4r l\u00e5ngt \u00e4r att han g\u00e4rna f\u00e5r stanna ett tag. \ud83d\ude09 Jag \u00e5terkommer om honom n\u00e4r vi har kommit ig\u00e5ng lite mer. Den h\u00e4r veckan hinner jag rida honom lite mer har jag t\u00e4nkt.<\/p>\n\n\n\n<figure class=\"wp-block-image size-large\"><img loading=\"lazy\" decoding=\"async\" width=\"1024\" height=\"683\" src=\"https:\/\/media.ryttarutbildning.se\/2021\/01\/DSCF7223-1024x683.jpg\" alt=\"\" class=\"wp-image-22209\" srcset=\"https:\/\/media.ryttarutbildning.se\/2021\/01\/DSCF7223-1024x683.jpg 1024w, https:\/\/media.ryttarutbildning.se\/2021\/01\/DSCF7223-300x200.jpg 300w, https:\/\/media.ryttarutbildning.se\/2021\/01\/DSCF7223-768x512.jpg 768w, https:\/\/media.ryttarutbildning.se\/2021\/01\/DSCF7223-1536x1024.jpg 1536w, https:\/\/media.ryttarutbildning.se\/2021\/01\/DSCF7223-450x300.jpg 450w, https:\/\/media.ryttarutbildning.se\/2021\/01\/DSCF7223.jpg 2048w\" sizes=\"auto, (max-width: 1024px) 100vw, 1024px\" \/><\/figure>\n","protected":false},"excerpt":{"rendered":"<p>Ny vecka. Igen! Jag har som vanligt startat med en del kontorsjobb. Tycker att det \u00e4r sk\u00f6nt att b\u00f6rja veckan s\u00e5. Idag ska jag \u00e4ven tr\u00e4na med Grodan i eftermiddag. P\u00e5 onsdag har jag en vet-check med henne f\u00f6r s\u00e4kerhets skull. Jag vill ha stenkoll p\u00e5 henne eftersom det har varit en del trassel tidigare. [&hellip;]<\/p>\n","protected":false},"author":1,"featured_media":0,"comment_status":"open","ping_status":"open","sticky":false,"template":"","format":"standard","meta":{"_exactmetrics_skip_tracking":false,"_exactmetrics_sitenote_active":false,"_exactmetrics_sitenote_note":"","_exactmetrics_sitenote_category":0,"footnotes":""},"categories":[1],"tags":[],"class_list":["post-22207","post","type-post","status-publish","format-standard","hentry","category-uncategorized"],"_links":{"self":[{"href":"https:\/\/ryttarutbildning.se\/index.php?rest_route=\/wp\/v2\/posts\/22207","targetHints":{"allow":["GET"]}}],"collection":[{"href":"https:\/\/ryttarutbildning.se\/index.php?rest_route=\/wp\/v2\/posts"}],"about":[{"href":"https:\/\/ryttarutbildning.se\/index.php?rest_route=\/wp\/v2\/types\/post"}],"author":[{"embeddable":true,"href":"https:\/\/ryttarutbildning.se\/index.php?rest_route=\/wp\/v2\/users\/1"}],"replies":[{"embeddable":true,"href":"https:\/\/ryttarutbildning.se\/index.php?rest_route=%2Fwp%2Fv2%2Fcomments&post=22207"}],"version-history":[{"count":0,"href":"https:\/\/ryttarutbildning.se\/index.php?rest_route=\/wp\/v2\/posts\/22207\/revisions"}],"wp:attachment":[{"href":"https:\/\/ryttarutbildning.se\/index.php?rest_route=%2Fwp%2Fv2%2Fmedia&parent=22207"}],"wp:term":[{"taxonomy":"category","embeddable":true,"href":"https:\/\/ryttarutbildning.se\/index.php?rest_route=%2Fwp%2Fv2%2Fcategories&post=22207"},{"taxonomy":"post_tag","embeddable":true,"href":"https:\/\/ryttarutbildning.se\/index.php?rest_route=%2Fwp%2Fv2%2Ftags&post=22207"}],"curies":[{"name":"wp","href":"https:\/\/api.w.org\/{rel}","templated":true}]}}