{"id":22190,"date":"2021-01-13T19:31:38","date_gmt":"2021-01-13T17:31:38","guid":{"rendered":"http:\/\/ryttarutbildning.se\/?p=22190"},"modified":"2021-01-13T19:31:39","modified_gmt":"2021-01-13T17:31:39","slug":"fixar-vecka","status":"publish","type":"post","link":"https:\/\/ryttarutbildning.se\/?p=22190","title":{"rendered":"Fixar-vecka"},"content":{"rendered":"\n<p>I b\u00f6rjan av \u00e5ret \u00e4r det alltid sk\u00f6nt att fixa iordning grejer tycker jag. Alla tider p\u00e5 \u00e5ret har ju i och f\u00f6r sig olika typer av uppgifter. I januari brukar jag kolla h\u00e4starnas t\u00e4nder samt vaccinera alla. Detta ska vi g\u00f6ra p\u00e5 fredag. Jag har ocks\u00e5 g\u00e5tt igenom en del utrustning, stoppat om en sadel, bytt n\u00e5gra bett etc. <\/p>\n\n\n\n<p>H\u00e4starna foderstater beh\u00f6ver ibland justeras extra p\u00e5 v\u00e5rvintern d\u00e5 m\u00e5nga tyv\u00e4rr faller ur lite. Jag har \u00e4ven friserat alla och n\u00e5gra ska klippas igen, eller faktiskt f\u00f6r f\u00f6rsta g\u00e5ngen i vinter.<\/p>\n\n\n\n<p>Jag har ocks\u00e5 sorterat t\u00e4cken och tagit fram vintert\u00e4ckena. F\u00f6rra \u00e5ret beh\u00f6vdes de inte alls! D\u00e5 hade jag regnt\u00e4cken hela s\u00e4songen&#8230;<\/p>\n\n\n\n<p>Med kylan som kom nu fick jag dessutom en viktig uppgift och det var att salta ridhuset, s\u00e5 det har vi gjort idag!<\/p>\n\n\n\n<figure class=\"wp-block-image size-large\"><img loading=\"lazy\" decoding=\"async\" width=\"1024\" height=\"681\" src=\"https:\/\/media.ryttarutbildning.se\/2021\/01\/DSC_8865-1024x681.jpg\" alt=\"\" class=\"wp-image-22188\" srcset=\"https:\/\/media.ryttarutbildning.se\/2021\/01\/DSC_8865-1024x681.jpg 1024w, https:\/\/media.ryttarutbildning.se\/2021\/01\/DSC_8865-300x199.jpg 300w, https:\/\/media.ryttarutbildning.se\/2021\/01\/DSC_8865-768x511.jpg 768w, https:\/\/media.ryttarutbildning.se\/2021\/01\/DSC_8865-1536x1021.jpg 1536w, https:\/\/media.ryttarutbildning.se\/2021\/01\/DSC_8865-2048x1362.jpg 2048w, https:\/\/media.ryttarutbildning.se\/2021\/01\/DSC_8865-451x300.jpg 451w\" sizes=\"auto, (max-width: 1024px) 100vw, 1024px\" \/><\/figure>\n","protected":false},"excerpt":{"rendered":"<p>I b\u00f6rjan av \u00e5ret \u00e4r det alltid sk\u00f6nt att fixa iordning grejer tycker jag. Alla tider p\u00e5 \u00e5ret har ju i och f\u00f6r sig olika typer av uppgifter. I januari brukar jag kolla h\u00e4starnas t\u00e4nder samt vaccinera alla. Detta ska vi g\u00f6ra p\u00e5 fredag. Jag har ocks\u00e5 g\u00e5tt igenom en del utrustning, stoppat om en [&hellip;]<\/p>\n","protected":false},"author":1,"featured_media":0,"comment_status":"open","ping_status":"open","sticky":false,"template":"","format":"standard","meta":{"_exactmetrics_skip_tracking":false,"_exactmetrics_sitenote_active":false,"_exactmetrics_sitenote_note":"","_exactmetrics_sitenote_category":0,"footnotes":""},"categories":[1],"tags":[],"class_list":["post-22190","post","type-post","status-publish","format-standard","hentry","category-uncategorized"],"_links":{"self":[{"href":"https:\/\/ryttarutbildning.se\/index.php?rest_route=\/wp\/v2\/posts\/22190","targetHints":{"allow":["GET"]}}],"collection":[{"href":"https:\/\/ryttarutbildning.se\/index.php?rest_route=\/wp\/v2\/posts"}],"about":[{"href":"https:\/\/ryttarutbildning.se\/index.php?rest_route=\/wp\/v2\/types\/post"}],"author":[{"embeddable":true,"href":"https:\/\/ryttarutbildning.se\/index.php?rest_route=\/wp\/v2\/users\/1"}],"replies":[{"embeddable":true,"href":"https:\/\/ryttarutbildning.se\/index.php?rest_route=%2Fwp%2Fv2%2Fcomments&post=22190"}],"version-history":[{"count":0,"href":"https:\/\/ryttarutbildning.se\/index.php?rest_route=\/wp\/v2\/posts\/22190\/revisions"}],"wp:attachment":[{"href":"https:\/\/ryttarutbildning.se\/index.php?rest_route=%2Fwp%2Fv2%2Fmedia&parent=22190"}],"wp:term":[{"taxonomy":"category","embeddable":true,"href":"https:\/\/ryttarutbildning.se\/index.php?rest_route=%2Fwp%2Fv2%2Fcategories&post=22190"},{"taxonomy":"post_tag","embeddable":true,"href":"https:\/\/ryttarutbildning.se\/index.php?rest_route=%2Fwp%2Fv2%2Ftags&post=22190"}],"curies":[{"name":"wp","href":"https:\/\/api.w.org\/{rel}","templated":true}]}}