{"id":21810,"date":"2020-11-09T10:38:38","date_gmt":"2020-11-09T08:38:38","guid":{"rendered":"http:\/\/ryttarutbildning.se\/?p=21810"},"modified":"2020-11-09T10:38:38","modified_gmt":"2020-11-09T08:38:38","slug":"julkalender-eller-inte","status":"publish","type":"post","link":"https:\/\/ryttarutbildning.se\/?p=21810","title":{"rendered":"Julkalender eller inte?"},"content":{"rendered":"\n<p>Jag har ju varit flitig och haft en &#8221;julkalender&#8221; p\u00e5 bloggen i tv\u00e5 \u00e5r. Nu funderar jag p\u00e5 om jag ska k\u00f6ra i \u00e5r eller inte. Vad tycker ni? L\u00e4ser ni? <strong>Vad ska det vara f\u00f6r tema i s\u00e5 fall?<\/strong> Har ni n\u00e5gra id\u00e9er? Det finns s\u00e4kert massor att skriva om, men ibland tycker man ju sj\u00e4lv att man redan har &#8221;skrivit allt&#8221;.<br><br>Kom g\u00e4rna med f\u00f6rslag! Jag lovar inget \u00e4nnu, men jag klurar p\u00e5 det i alla fall. Skriv g\u00e4rna en kommentar om du vill ha n\u00e5got extra att l\u00e4sa i december. \ud83d\ude09<\/p>\n\n\n\n<figure class=\"wp-block-image size-large\"><img loading=\"lazy\" decoding=\"async\" width=\"1024\" height=\"716\" src=\"https:\/\/media.ryttarutbildning.se\/2019\/12\/DSC_7164-1024x716.jpg\" alt=\"\" class=\"wp-image-20626\" srcset=\"https:\/\/media.ryttarutbildning.se\/2019\/12\/DSC_7164-1024x716.jpg 1024w, https:\/\/media.ryttarutbildning.se\/2019\/12\/DSC_7164-300x210.jpg 300w, https:\/\/media.ryttarutbildning.se\/2019\/12\/DSC_7164-768x537.jpg 768w, https:\/\/media.ryttarutbildning.se\/2019\/12\/DSC_7164-429x300.jpg 429w, https:\/\/media.ryttarutbildning.se\/2019\/12\/DSC_7164.jpg 2035w\" sizes=\"auto, (max-width: 1024px) 100vw, 1024px\" \/><\/figure>\n","protected":false},"excerpt":{"rendered":"<p>Jag har ju varit flitig och haft en &#8221;julkalender&#8221; p\u00e5 bloggen i tv\u00e5 \u00e5r. Nu funderar jag p\u00e5 om jag ska k\u00f6ra i \u00e5r eller inte. Vad tycker ni? L\u00e4ser ni? Vad ska det vara f\u00f6r tema i s\u00e5 fall? Har ni n\u00e5gra id\u00e9er? Det finns s\u00e4kert massor att skriva om, men ibland tycker man [&hellip;]<\/p>\n","protected":false},"author":1,"featured_media":0,"comment_status":"open","ping_status":"open","sticky":false,"template":"","format":"standard","meta":{"_exactmetrics_skip_tracking":false,"_exactmetrics_sitenote_active":false,"_exactmetrics_sitenote_note":"","_exactmetrics_sitenote_category":0,"footnotes":""},"categories":[1],"tags":[],"class_list":["post-21810","post","type-post","status-publish","format-standard","hentry","category-uncategorized"],"_links":{"self":[{"href":"https:\/\/ryttarutbildning.se\/index.php?rest_route=\/wp\/v2\/posts\/21810","targetHints":{"allow":["GET"]}}],"collection":[{"href":"https:\/\/ryttarutbildning.se\/index.php?rest_route=\/wp\/v2\/posts"}],"about":[{"href":"https:\/\/ryttarutbildning.se\/index.php?rest_route=\/wp\/v2\/types\/post"}],"author":[{"embeddable":true,"href":"https:\/\/ryttarutbildning.se\/index.php?rest_route=\/wp\/v2\/users\/1"}],"replies":[{"embeddable":true,"href":"https:\/\/ryttarutbildning.se\/index.php?rest_route=%2Fwp%2Fv2%2Fcomments&post=21810"}],"version-history":[{"count":0,"href":"https:\/\/ryttarutbildning.se\/index.php?rest_route=\/wp\/v2\/posts\/21810\/revisions"}],"wp:attachment":[{"href":"https:\/\/ryttarutbildning.se\/index.php?rest_route=%2Fwp%2Fv2%2Fmedia&parent=21810"}],"wp:term":[{"taxonomy":"category","embeddable":true,"href":"https:\/\/ryttarutbildning.se\/index.php?rest_route=%2Fwp%2Fv2%2Fcategories&post=21810"},{"taxonomy":"post_tag","embeddable":true,"href":"https:\/\/ryttarutbildning.se\/index.php?rest_route=%2Fwp%2Fv2%2Ftags&post=21810"}],"curies":[{"name":"wp","href":"https:\/\/api.w.org\/{rel}","templated":true}]}}