{"id":21610,"date":"2020-09-28T11:24:13","date_gmt":"2020-09-28T09:24:13","guid":{"rendered":"http:\/\/ryttarutbildning.se\/?p=21610"},"modified":"2020-09-28T11:24:15","modified_gmt":"2020-09-28T09:24:15","slug":"arbete-vid-hand","status":"publish","type":"post","link":"https:\/\/ryttarutbildning.se\/?p=21610","title":{"rendered":"Arbete vid hand"},"content":{"rendered":"\n<p>I fredags var <a href=\"https:\/\/www.stalln.se\/\">Ubbe Nordstr\u00f6m<\/a> h\u00e4r och hj\u00e4lpte mig att jobba n\u00e5gra h\u00e4star vid hand. Han \u00e4r framf\u00f6rallt duktig p\u00e5 piaff-tr\u00e4ning, men det \u00e4r ocks\u00e5 fokus p\u00e5 l\u00f6sgjordhet och grundarbete fr\u00e5n marken. Ofta bara med tr\u00e4ns. Jag brukar ju sj\u00e4lv g\u00f6ra detta ibland, eller t\u00f6mk\u00f6ra, men det \u00e4r sv\u00e5rt med brutet ben! Eftersom jag \u00e4r m\u00e5n om att h\u00e4starna ska h\u00e5lla sig i hyfsat skick \u00e4ven under min sjukdomstid, s\u00e5 beh\u00f6ver jag ta in hj\u00e4lp utifr\u00e5n. Nu har jag prioriterat <strong>Cesar <\/strong>och <strong>Anea<\/strong> av lektionsh\u00e4starna, samt <strong>Grodan<\/strong> f\u00f6rst\u00e5s. De \u00e4r de som kan vara i st\u00f6rst behov just nu i alla fall.<br><br>Det var dessa tre h\u00e4star som var med i fredags. Ubbe jobbar med b\u00f6jning och skolor fr\u00e5n marken, och i n\u00e4sta steg mer samling och \u00e4ven piaff p\u00e5 sikt. Grodan var faktiskt p\u00e5 god v\u00e4g med att f\u00e5 trampa lite redan den h\u00e4r f\u00f6rsta g\u00e5ngen. Hon har ju talang f\u00f6r det, och jag b\u00f6rjade testa lite innan hon blev &#8221;d\u00e5lig&#8221;. Jag ins\u00e5g dock att hon ocks\u00e5 har &#8221;trampat&#8221; eller taktat lite f\u00f6r att fly undan i skritten n\u00e4r hon b\u00f6rjade f\u00e5 en tendens till ont i ryggen. F\u00f6rst uppfattade jag det bara som att hon har l\u00e4tt f\u00f6r att trampa (vilket hon nog har) &#8211; men det f\u00e5r inte bli p\u00e5 bekostnad av en ren skritt d\u00e4r h\u00e4sten skrittar genom kroppen. N\u00e4r hon b\u00f6rjade anv\u00e4nda det som &#8221;flykt&#8221; s\u00e5 ville jag inte uppmuntra det mer. Nu under den h\u00e4r tiden n\u00e4r hon har varit konvalescent, eller vad man ska kalla det, s\u00e5 har skritten blivit mycket mer \u00e4rlig. <strong>Ofta \u00e4r skritten mer avsl\u00f6jande \u00e4n vad man tror, och det kan vara l\u00e4tt att slarva f\u00f6rbi.<\/strong> Men sp\u00e4nningar i ryggen t.ex. visar sig tydligt i skritt. Hur som helst &#8211; jag har s\u00e5klart inte jobbat med att f\u00f6rs\u00f6ka trampa henne s\u00e5 l\u00e4nge hon inte har k\u00e4nts bra i kroppen, f\u00f6r jag ville inte &#8221;trigga&#8221; en sp\u00e4nning.<br><br>Nu tycker jag \u00e4nd\u00e5 att grunderna \u00e4r s\u00e5 pass mycket b\u00e4ttre att hon kunde vara med p\u00e5 den h\u00e4r tr\u00e4ningen, och Ubbe \u00e4r ju proffs p\u00e5 detta, s\u00e5 det \u00e4r ett bra tillf\u00e4lle att introducera det h\u00e4r lite f\u00f6rsiktigt t\u00e4nker jag. Jag tror som sagt att hon har l\u00e4tt f\u00f6r det, och Ubbe verkade positiv.<br>Jag \u00e4r medveten om att det blir r\u00e4tt mycket nytt f\u00f6r Grodan nu, med b\u00e5de vattentr\u00e4ning, andra ryttare och \u00e4ven den h\u00e4r tr\u00e4ningen, s\u00e5 jag f\u00e5r vara lite vaksam p\u00e5 att det blir i lagom doser. Jag tror i och f\u00f6r sig inte att det \u00e4r s\u00e5 tufft fysiskt, f\u00f6r en stor del av jobbet \u00e4r ju nu avsuttet, vilket \u00e4r bra ur perspektivet att bygga upp ryggen utan belastning. D\u00e4remot blir det ju en del nytt mentalt. Nu \u00e4r ju inte Grodan 4 \u00e5r gammal heller, s\u00e5 det h\u00e4r kan hon nog ta, men jag tycker \u00e4nd\u00e5 att man i all tr\u00e4ning ska t\u00e4nka p\u00e5 att inte har f\u00f6r m\u00e5nga kockar egentligen. Just nu blir det ju lite blandad kompott h\u00e4r, men jag har en plan med detta och tror \u00e4nd\u00e5 att jag ska kunna h\u00e5lla min egna r\u00f6da tr\u00e5d samtidigt. Sedan g\u00e4ller det att p\u00e5 sikt plocka russinen ur kakan och g\u00f6ra en plan fram\u00e5t. Under f\u00f6ruts\u00e4ttning att hon h\u00e5ller f\u00f6rst\u00e5s. <\/p>\n\n\n\n<p>P\u00e5 s\u00e4tt och vis blir den h\u00e4r perioden kanske bra f\u00f6r henne, i och med att det blir en del alternativ tr\u00e4ning utan ryttare. Samtidigt h\u00f6js ribban lite n\u00e4r Nina rider, och vattentr\u00e4ningen ska ju succesivt bli tuffare, s\u00e5 att hon f\u00f6rhoppningsvis blir starkare. Antingen blir det h\u00e4r bra, eller s\u00e5 kommer det inte fungera, men d\u00e5 har jag i alla fall f\u00f6rs\u00f6kt!<\/p>\n\n\n\n<p><strong>Ubbe \u00e4r bokad igen den 12 oktober, 11.00. Om n\u00e5gon vill ha med sin egen h\u00e4st p\u00e5 en tr\u00e4ning f\u00e5r ni s\u00e4ga till. Det g\u00e5r s\u00e5klart bra \u00e4ven om man sj\u00e4lv inte kan delta, men det b\u00e4sta \u00e4r s\u00e5klart att vara med sj\u00e4lv s\u00e5 att man l\u00e4r sig n\u00e5got.<\/strong><\/p>\n","protected":false},"excerpt":{"rendered":"<p>I fredags var Ubbe Nordstr\u00f6m h\u00e4r och hj\u00e4lpte mig att jobba n\u00e5gra h\u00e4star vid hand. Han \u00e4r framf\u00f6rallt duktig p\u00e5 piaff-tr\u00e4ning, men det \u00e4r ocks\u00e5 fokus p\u00e5 l\u00f6sgjordhet och grundarbete fr\u00e5n marken. Ofta bara med tr\u00e4ns. Jag brukar ju sj\u00e4lv g\u00f6ra detta ibland, eller t\u00f6mk\u00f6ra, men det \u00e4r sv\u00e5rt med brutet ben! Eftersom jag \u00e4r [&hellip;]<\/p>\n","protected":false},"author":1,"featured_media":0,"comment_status":"open","ping_status":"open","sticky":false,"template":"","format":"standard","meta":{"_exactmetrics_skip_tracking":false,"_exactmetrics_sitenote_active":false,"_exactmetrics_sitenote_note":"","_exactmetrics_sitenote_category":0,"footnotes":""},"categories":[1],"tags":[],"class_list":["post-21610","post","type-post","status-publish","format-standard","hentry","category-uncategorized"],"_links":{"self":[{"href":"https:\/\/ryttarutbildning.se\/index.php?rest_route=\/wp\/v2\/posts\/21610","targetHints":{"allow":["GET"]}}],"collection":[{"href":"https:\/\/ryttarutbildning.se\/index.php?rest_route=\/wp\/v2\/posts"}],"about":[{"href":"https:\/\/ryttarutbildning.se\/index.php?rest_route=\/wp\/v2\/types\/post"}],"author":[{"embeddable":true,"href":"https:\/\/ryttarutbildning.se\/index.php?rest_route=\/wp\/v2\/users\/1"}],"replies":[{"embeddable":true,"href":"https:\/\/ryttarutbildning.se\/index.php?rest_route=%2Fwp%2Fv2%2Fcomments&post=21610"}],"version-history":[{"count":0,"href":"https:\/\/ryttarutbildning.se\/index.php?rest_route=\/wp\/v2\/posts\/21610\/revisions"}],"wp:attachment":[{"href":"https:\/\/ryttarutbildning.se\/index.php?rest_route=%2Fwp%2Fv2%2Fmedia&parent=21610"}],"wp:term":[{"taxonomy":"category","embeddable":true,"href":"https:\/\/ryttarutbildning.se\/index.php?rest_route=%2Fwp%2Fv2%2Fcategories&post=21610"},{"taxonomy":"post_tag","embeddable":true,"href":"https:\/\/ryttarutbildning.se\/index.php?rest_route=%2Fwp%2Fv2%2Ftags&post=21610"}],"curies":[{"name":"wp","href":"https:\/\/api.w.org\/{rel}","templated":true}]}}