{"id":21594,"date":"2020-09-24T10:21:22","date_gmt":"2020-09-24T08:21:22","guid":{"rendered":"http:\/\/ryttarutbildning.se\/?p=21594"},"modified":"2020-09-24T12:40:26","modified_gmt":"2020-09-24T10:40:26","slug":"tva-veckor-kvar","status":"publish","type":"post","link":"https:\/\/ryttarutbildning.se\/?p=21594","title":{"rendered":"Tv\u00e5 veckor kvar.."},"content":{"rendered":"\n<p>Fyra veckor avklarade, tv\u00e5 kvar med gips.<\/p>\n\n\n\n<p>Dagarna g\u00e5r n\u00e4stan lika fort som vanligt, konstigt nog. Jag trodde jag skulle f\u00e5 v\u00e4ldigt l\u00e5ngtr\u00e5kigt, men jag \u00e4r tillr\u00e4ckligt sysselsatt faktiskt. Det \u00e4r i alla fall tur att man inte sitter inst\u00e4ngd i en l\u00e4genhet i stan och sjukskriven p\u00e5 heltid&#8230; Jag kan ju fortfarande vara utomhus och har n\u00e4ra till jobbet. Att kunna h\u00e5lla lektionerna fortfarande g\u00f6r ju \u00e4nd\u00e5 att man har hyfsade rutiner och ett &#8221;m\u00e5l med dagen&#8221;. Och att kunna g\u00e5 ut \u00e4r ju superviktigt! Det har varit s\u00e5 fint v\u00e4der ocks\u00e5, och d\u00e5 sitter jag ute och l\u00e4ser &#8211; d\u00e5 k\u00e4nns det n\u00e4stan som semester (och det beh\u00f6vde jag mer av).<br><br>Nu b\u00f6rjar jag kunna sova hela n\u00e4tterna ocks\u00e5, och k\u00e4nner mig piggare i huvudet. Jag orkar inte h\u00e5lla ig\u00e5ng alltf\u00f6r m\u00e5nga timmar, men nu kan jag i alla fall &#8221;t\u00e4nka&#8221; igen&#8230; Jag f\u00f6rs\u00f6ker tr\u00e4na lite varje dag f\u00f6r att inte tappa f\u00f6r mycket. Dels \u00e4r det ju \u00f6vningar f\u00f6r benet som ska g\u00f6ras, men jag f\u00f6rs\u00f6ker tr\u00e4na resten ocks\u00e5 &#8211; det g\u00e5r ju att g\u00f6ra det mesta f\u00f6rutom att st\u00e5 p\u00e5 benet&#8230; <\/p>\n\n\n\n<p>H\u00e4starna sk\u00f6ter sig bra \u00e4n s\u00e5 l\u00e4nge. Jag har fokuserat p\u00e5 mina fasta elever nu, och det var min plan redan innan detta h\u00e4nde. Det underl\u00e4ttar s\u00e5klart om det \u00e4r samma personer som rider h\u00e4starna i den m\u00e5n det g\u00e5r, s\u00e5 att ridningen blir hyfsat konsekvent. N\u00e4r jag sj\u00e4lv inte kan sitta upp och r\u00e4tta till saker s\u00e5 blir detta extra viktigt!<br><br><strong>Tack till alla som hj\u00e4lper till med extra saker i stallet!<\/strong> Det \u00e4r tur att jag har s\u00e5 mycket bra folk runt mig. \ud83d\ude42 Extra tur i oturen \u00e4r att jag under h\u00f6sten dessutom har praktikant tre dagar i veckan, det underl\u00e4ttar ju minst sagt. Hade inte kunnat tajma en skadad fot b\u00e4ttre \u00e4n s\u00e5h\u00e4r i alla fall. \ud83d\ude09<\/p>\n\n\n\n<figure class=\"wp-block-image size-large\"><img loading=\"lazy\" decoding=\"async\" width=\"843\" height=\"1024\" src=\"https:\/\/media.ryttarutbildning.se\/2020\/09\/Suvi_Anea_okt17_15-843x1024.jpg\" alt=\"\" class=\"wp-image-21596\" srcset=\"https:\/\/media.ryttarutbildning.se\/2020\/09\/Suvi_Anea_okt17_15-843x1024.jpg 843w, https:\/\/media.ryttarutbildning.se\/2020\/09\/Suvi_Anea_okt17_15-247x300.jpg 247w, https:\/\/media.ryttarutbildning.se\/2020\/09\/Suvi_Anea_okt17_15-768x933.jpg 768w, https:\/\/media.ryttarutbildning.se\/2020\/09\/Suvi_Anea_okt17_15-1265x1536.jpg 1265w, https:\/\/media.ryttarutbildning.se\/2020\/09\/Suvi_Anea_okt17_15-1686x2048.jpg 1686w, https:\/\/media.ryttarutbildning.se\/2020\/09\/Suvi_Anea_okt17_15.jpg 1903w\" sizes=\"auto, (max-width: 843px) 100vw, 843px\" \/><\/figure>\n\n\n\n<p><em>Det jag kommer sakna mest i h\u00f6st \u00e4r faktiskt uteritter bland gula l\u00f6v. Tr\u00e4na och rida i ridhuset kan man ju g\u00f6ra j\u00e4mt. Men nu \u00e4r det perfekt v\u00e4der f\u00f6r h\u00e4rliga uteritter. S\u00e5 ni andra -passa p\u00e5 nu innan vintern kommer!!<\/em><br><\/p>\n","protected":false},"excerpt":{"rendered":"<p>Fyra veckor avklarade, tv\u00e5 kvar med gips. Dagarna g\u00e5r n\u00e4stan lika fort som vanligt, konstigt nog. Jag trodde jag skulle f\u00e5 v\u00e4ldigt l\u00e5ngtr\u00e5kigt, men jag \u00e4r tillr\u00e4ckligt sysselsatt faktiskt. Det \u00e4r i alla fall tur att man inte sitter inst\u00e4ngd i en l\u00e4genhet i stan och sjukskriven p\u00e5 heltid&#8230; Jag kan ju fortfarande vara utomhus [&hellip;]<\/p>\n","protected":false},"author":1,"featured_media":0,"comment_status":"open","ping_status":"open","sticky":false,"template":"","format":"standard","meta":{"_exactmetrics_skip_tracking":false,"_exactmetrics_sitenote_active":false,"_exactmetrics_sitenote_note":"","_exactmetrics_sitenote_category":0,"footnotes":""},"categories":[1],"tags":[],"class_list":["post-21594","post","type-post","status-publish","format-standard","hentry","category-uncategorized"],"_links":{"self":[{"href":"https:\/\/ryttarutbildning.se\/index.php?rest_route=\/wp\/v2\/posts\/21594","targetHints":{"allow":["GET"]}}],"collection":[{"href":"https:\/\/ryttarutbildning.se\/index.php?rest_route=\/wp\/v2\/posts"}],"about":[{"href":"https:\/\/ryttarutbildning.se\/index.php?rest_route=\/wp\/v2\/types\/post"}],"author":[{"embeddable":true,"href":"https:\/\/ryttarutbildning.se\/index.php?rest_route=\/wp\/v2\/users\/1"}],"replies":[{"embeddable":true,"href":"https:\/\/ryttarutbildning.se\/index.php?rest_route=%2Fwp%2Fv2%2Fcomments&post=21594"}],"version-history":[{"count":0,"href":"https:\/\/ryttarutbildning.se\/index.php?rest_route=\/wp\/v2\/posts\/21594\/revisions"}],"wp:attachment":[{"href":"https:\/\/ryttarutbildning.se\/index.php?rest_route=%2Fwp%2Fv2%2Fmedia&parent=21594"}],"wp:term":[{"taxonomy":"category","embeddable":true,"href":"https:\/\/ryttarutbildning.se\/index.php?rest_route=%2Fwp%2Fv2%2Fcategories&post=21594"},{"taxonomy":"post_tag","embeddable":true,"href":"https:\/\/ryttarutbildning.se\/index.php?rest_route=%2Fwp%2Fv2%2Ftags&post=21594"}],"curies":[{"name":"wp","href":"https:\/\/api.w.org\/{rel}","templated":true}]}}