{"id":21534,"date":"2020-09-11T11:00:00","date_gmt":"2020-09-11T09:00:00","guid":{"rendered":"http:\/\/ryttarutbildning.se\/?p=21534"},"modified":"2020-09-09T19:21:35","modified_gmt":"2020-09-09T17:21:35","slug":"cesar-2","status":"publish","type":"post","link":"https:\/\/ryttarutbildning.se\/?p=21534","title":{"rendered":"Cesar"},"content":{"rendered":"\n<p>N\u00e5gra fina bilder p\u00e5 Cesar fr\u00e5n augusti. Den h\u00e4r h\u00e4sten blir min st\u00f6rsta utmaning att endast h\u00e5lla ig\u00e5ng avsuttet, d\u00e5 han kr\u00e4ver en del del av sin ryttare. Min plan just nu \u00e4r ett f\u00e5tal ryttare s\u00e5 att det blir hyfsat konsekvent. De h\u00e4r tv\u00e5 veckorna har han sett fin ut, och det verkar ocks\u00e5 fungera b\u00e4ttre n\u00e4r eleverna inte har sporrar. Han kan bli lite \u00f6verk\u00e4nslig annars. S\u00e5 nu testar vi utan sporrar och endast med ett sp\u00f6. Mitt egna m\u00e5l: stadigare kontakt och l\u00e4ngre steg och att han blir fortsatt rakare. Han k\u00e4ndes som att han var bra p\u00e5 g\u00e5ng h\u00e4r i b\u00f6rjan av h\u00f6sten, s\u00e5 m\u00e5let under tiden som jag sj\u00e4lv inte kan rida \u00e4r att han h\u00e5ller sig inom en rimlig komfortzon, men helst inte b\u00f6rjar g\u00e5 bak\u00e5t. <br>Cesar \u00e4r v\u00e4lutbildad i grunden och duktig p\u00e5 &#8221;krumelurer&#8221;, men har varit med om en skada och d\u00e4rf\u00f6r beh\u00f6ver han mycket grundarbete f\u00f6r att st\u00e4rka sig. <\/p>\n\n\n\n<figure class=\"wp-block-image size-large\"><img loading=\"lazy\" decoding=\"async\" width=\"1024\" height=\"743\" src=\"https:\/\/media.ryttarutbildning.se\/2020\/09\/DSC_8360-1024x743.jpg\" alt=\"\" class=\"wp-image-21540\" srcset=\"https:\/\/media.ryttarutbildning.se\/2020\/09\/DSC_8360-1024x743.jpg 1024w, https:\/\/media.ryttarutbildning.se\/2020\/09\/DSC_8360-300x218.jpg 300w, https:\/\/media.ryttarutbildning.se\/2020\/09\/DSC_8360-768x557.jpg 768w, https:\/\/media.ryttarutbildning.se\/2020\/09\/DSC_8360-1536x1115.jpg 1536w, https:\/\/media.ryttarutbildning.se\/2020\/09\/DSC_8360-413x300.jpg 413w, https:\/\/media.ryttarutbildning.se\/2020\/09\/DSC_8360.jpg 1684w\" sizes=\"auto, (max-width: 1024px) 100vw, 1024px\" \/><\/figure>\n\n\n\n<figure class=\"wp-block-image size-large\"><img loading=\"lazy\" decoding=\"async\" width=\"1024\" height=\"706\" src=\"https:\/\/media.ryttarutbildning.se\/2020\/09\/DSC_8398-1-1024x706.jpg\" alt=\"\" class=\"wp-image-21541\" srcset=\"https:\/\/media.ryttarutbildning.se\/2020\/09\/DSC_8398-1-1024x706.jpg 1024w, https:\/\/media.ryttarutbildning.se\/2020\/09\/DSC_8398-1-300x207.jpg 300w, https:\/\/media.ryttarutbildning.se\/2020\/09\/DSC_8398-1-768x530.jpg 768w, https:\/\/media.ryttarutbildning.se\/2020\/09\/DSC_8398-1-1536x1060.jpg 1536w, https:\/\/media.ryttarutbildning.se\/2020\/09\/DSC_8398-1-435x300.jpg 435w, https:\/\/media.ryttarutbildning.se\/2020\/09\/DSC_8398-1.jpg 2012w\" sizes=\"auto, (max-width: 1024px) 100vw, 1024px\" \/><\/figure>\n\n\n\n<figure class=\"wp-block-image size-large\"><img loading=\"lazy\" decoding=\"async\" width=\"1024\" height=\"679\" src=\"https:\/\/media.ryttarutbildning.se\/2020\/09\/DSC_8295-1024x679.jpg\" alt=\"\" class=\"wp-image-21539\" srcset=\"https:\/\/media.ryttarutbildning.se\/2020\/09\/DSC_8295-1024x679.jpg 1024w, https:\/\/media.ryttarutbildning.se\/2020\/09\/DSC_8295-300x199.jpg 300w, https:\/\/media.ryttarutbildning.se\/2020\/09\/DSC_8295-768x509.jpg 768w, https:\/\/media.ryttarutbildning.se\/2020\/09\/DSC_8295-1536x1018.jpg 1536w, https:\/\/media.ryttarutbildning.se\/2020\/09\/DSC_8295-453x300.jpg 453w, https:\/\/media.ryttarutbildning.se\/2020\/09\/DSC_8295.jpg 1896w\" sizes=\"auto, (max-width: 1024px) 100vw, 1024px\" \/><\/figure>\n\n\n\n<p><br><\/p>\n","protected":false},"excerpt":{"rendered":"<p>N\u00e5gra fina bilder p\u00e5 Cesar fr\u00e5n augusti. Den h\u00e4r h\u00e4sten blir min st\u00f6rsta utmaning att endast h\u00e5lla ig\u00e5ng avsuttet, d\u00e5 han kr\u00e4ver en del del av sin ryttare. Min plan just nu \u00e4r ett f\u00e5tal ryttare s\u00e5 att det blir hyfsat konsekvent. De h\u00e4r tv\u00e5 veckorna har han sett fin ut, och det verkar ocks\u00e5 [&hellip;]<\/p>\n","protected":false},"author":1,"featured_media":0,"comment_status":"open","ping_status":"open","sticky":false,"template":"","format":"standard","meta":{"_exactmetrics_skip_tracking":false,"_exactmetrics_sitenote_active":false,"_exactmetrics_sitenote_note":"","_exactmetrics_sitenote_category":0,"footnotes":""},"categories":[1],"tags":[],"class_list":["post-21534","post","type-post","status-publish","format-standard","hentry","category-uncategorized"],"_links":{"self":[{"href":"https:\/\/ryttarutbildning.se\/index.php?rest_route=\/wp\/v2\/posts\/21534","targetHints":{"allow":["GET"]}}],"collection":[{"href":"https:\/\/ryttarutbildning.se\/index.php?rest_route=\/wp\/v2\/posts"}],"about":[{"href":"https:\/\/ryttarutbildning.se\/index.php?rest_route=\/wp\/v2\/types\/post"}],"author":[{"embeddable":true,"href":"https:\/\/ryttarutbildning.se\/index.php?rest_route=\/wp\/v2\/users\/1"}],"replies":[{"embeddable":true,"href":"https:\/\/ryttarutbildning.se\/index.php?rest_route=%2Fwp%2Fv2%2Fcomments&post=21534"}],"version-history":[{"count":0,"href":"https:\/\/ryttarutbildning.se\/index.php?rest_route=\/wp\/v2\/posts\/21534\/revisions"}],"wp:attachment":[{"href":"https:\/\/ryttarutbildning.se\/index.php?rest_route=%2Fwp%2Fv2%2Fmedia&parent=21534"}],"wp:term":[{"taxonomy":"category","embeddable":true,"href":"https:\/\/ryttarutbildning.se\/index.php?rest_route=%2Fwp%2Fv2%2Fcategories&post=21534"},{"taxonomy":"post_tag","embeddable":true,"href":"https:\/\/ryttarutbildning.se\/index.php?rest_route=%2Fwp%2Fv2%2Ftags&post=21534"}],"curies":[{"name":"wp","href":"https:\/\/api.w.org\/{rel}","templated":true}]}}