{"id":21436,"date":"2020-08-17T14:58:47","date_gmt":"2020-08-17T12:58:47","guid":{"rendered":"http:\/\/ryttarutbildning.se\/?p=21436"},"modified":"2020-08-17T14:58:48","modified_gmt":"2020-08-17T12:58:48","slug":"tavling-med-grodan","status":"publish","type":"post","link":"https:\/\/ryttarutbildning.se\/?p=21436","title":{"rendered":"T\u00e4vling med Grodan!"},"content":{"rendered":"\n<p>Ig\u00e5r fick Grodan \u00e4ntligen \u00e5ka p\u00e5 t\u00e4vling igen. Senast var i maj 2019. Efter det har hon varit mer eller mindre konvalescent pga flera sm\u00e5 skador som tillsammans har varit r\u00e4tt knepiga att f\u00e5 ordning p\u00e5. Vi \u00e4r inte klara \u00e4nnu, men det \u00e4r p\u00e5 god v\u00e4g. I vintras skrittade vi bara p\u00e5 h\u00e5rt underlag vid hand en period, s\u00e5 jag \u00e4r j\u00e4tteglad \u00f6ver att hon klarade tv\u00e5 tr\u00e4ningar och en t\u00e4vling f\u00f6rra veckan. (Jag hade dock inte \u00e5kt iv\u00e4g f\u00f6r att tr\u00e4na tv\u00e5 dagar i rad, men nu var det ju hemma.)<\/p>\n\n\n\n<figure class=\"wp-block-image size-large\"><img loading=\"lazy\" decoding=\"async\" width=\"1024\" height=\"1024\" src=\"https:\/\/media.ryttarutbildning.se\/2020\/08\/IMG_20200816_201218_971-1024x1024.jpg\" alt=\"\" class=\"wp-image-21437\" srcset=\"https:\/\/media.ryttarutbildning.se\/2020\/08\/IMG_20200816_201218_971-1024x1024.jpg 1024w, https:\/\/media.ryttarutbildning.se\/2020\/08\/IMG_20200816_201218_971-300x300.jpg 300w, https:\/\/media.ryttarutbildning.se\/2020\/08\/IMG_20200816_201218_971-150x150.jpg 150w, https:\/\/media.ryttarutbildning.se\/2020\/08\/IMG_20200816_201218_971-768x768.jpg 768w, https:\/\/media.ryttarutbildning.se\/2020\/08\/IMG_20200816_201218_971-1536x1536.jpg 1536w, https:\/\/media.ryttarutbildning.se\/2020\/08\/IMG_20200816_201218_971-2048x2048.jpg 2048w\" sizes=\"auto, (max-width: 1024px) 100vw, 1024px\" \/><\/figure>\n\n\n\n<p>Vi var p\u00e5 Wallstan\u00e4s och red en MsvC1. Hon \u00e4r kvalad till MsvB redan men jag har ju inte kunnat tr\u00e4na p\u00e5 den niv\u00e5n och jag beh\u00f6vde verkligen en check p\u00e5 hur vi ligger till just nu. Jag f\u00e5r v\u00e4l erk\u00e4nna att det \u00e4r lite jobbigt att \u00e5ka iv\u00e4g n\u00e4r man har haft ett l\u00e5ngt uppeh\u00e5ll, men nu \u00e4r det avklarat. Resultatet blev 67,38% och en fj\u00e4rde plats. Det viktigaste var dock att hon verkade tycka att det var kul och att jag hade en bra k\u00e4nsla b\u00e5de p\u00e5 framridningen och p\u00e5 banan! Det blev en miss i en trav\u00f6kning, annars var hon v\u00e4ldigt lydig. Sedan \u00e4r det fortfarande massa jobb kvar med att f\u00e5 b\u00e4ttre takt \/ stegl\u00e4ngd och att hon inte blir f\u00f6r kort i \u00f6verg\u00e5ngarna (domaren po\u00e4ngterade dock att \u00f6verg\u00e5ngarna var bra, men jag tycker att hon beh\u00f6ver sl\u00e4ppa mer igenom i ryggen d\u00e4r). Jag tror ocks\u00e5 att jag kan satsa lite mer p\u00e5 kvalitet i galoppen, men nu k\u00e4ndes det viktigare att rida p\u00e5 s\u00e4kerhet och &#8221;ta sig runt&#8221;. Jag \u00e4r i alla fall j\u00e4tteglad att det gick v\u00e4gen! H\u00e5ll tummarna nu f\u00f6r att hon forts\u00e4tter fram\u00e5t. Nu f\u00e5r hon dock vila en vecka, f\u00f6r jag har k\u00e4nt att hon b\u00f6rjar bli lite tr\u00f6tt bak j\u00e4mf\u00f6rt med f\u00f6r tv\u00e5 veckor sedan, och jag t\u00f6rs absolut inte tipp \u00f6ver med henne \u00e5t fel h\u00e5ll nu.<br><\/p>\n\n\n\n<figure class=\"wp-block-embed-youtube wp-block-embed is-type-video is-provider-youtube wp-embed-aspect-16-9 wp-has-aspect-ratio\"><div class=\"wp-block-embed__wrapper\">\n<iframe loading=\"lazy\" title=\"Grodan Msvc 16 aug 2020. 67,38%\" width=\"500\" height=\"281\" src=\"https:\/\/www.youtube.com\/embed\/vP7hlkMBpEs?feature=oembed\" frameborder=\"0\" allow=\"accelerometer; autoplay; clipboard-write; encrypted-media; gyroscope; picture-in-picture; web-share\" referrerpolicy=\"strict-origin-when-cross-origin\" allowfullscreen><\/iframe>\n<\/div><\/figure>\n","protected":false},"excerpt":{"rendered":"<p>Ig\u00e5r fick Grodan \u00e4ntligen \u00e5ka p\u00e5 t\u00e4vling igen. Senast var i maj 2019. Efter det har hon varit mer eller mindre konvalescent pga flera sm\u00e5 skador som tillsammans har varit r\u00e4tt knepiga att f\u00e5 ordning p\u00e5. Vi \u00e4r inte klara \u00e4nnu, men det \u00e4r p\u00e5 god v\u00e4g. I vintras skrittade vi bara p\u00e5 h\u00e5rt underlag [&hellip;]<\/p>\n","protected":false},"author":1,"featured_media":0,"comment_status":"open","ping_status":"open","sticky":false,"template":"","format":"standard","meta":{"_exactmetrics_skip_tracking":false,"_exactmetrics_sitenote_active":false,"_exactmetrics_sitenote_note":"","_exactmetrics_sitenote_category":0,"footnotes":""},"categories":[1],"tags":[],"class_list":["post-21436","post","type-post","status-publish","format-standard","hentry","category-uncategorized"],"_links":{"self":[{"href":"https:\/\/ryttarutbildning.se\/index.php?rest_route=\/wp\/v2\/posts\/21436","targetHints":{"allow":["GET"]}}],"collection":[{"href":"https:\/\/ryttarutbildning.se\/index.php?rest_route=\/wp\/v2\/posts"}],"about":[{"href":"https:\/\/ryttarutbildning.se\/index.php?rest_route=\/wp\/v2\/types\/post"}],"author":[{"embeddable":true,"href":"https:\/\/ryttarutbildning.se\/index.php?rest_route=\/wp\/v2\/users\/1"}],"replies":[{"embeddable":true,"href":"https:\/\/ryttarutbildning.se\/index.php?rest_route=%2Fwp%2Fv2%2Fcomments&post=21436"}],"version-history":[{"count":0,"href":"https:\/\/ryttarutbildning.se\/index.php?rest_route=\/wp\/v2\/posts\/21436\/revisions"}],"wp:attachment":[{"href":"https:\/\/ryttarutbildning.se\/index.php?rest_route=%2Fwp%2Fv2%2Fmedia&parent=21436"}],"wp:term":[{"taxonomy":"category","embeddable":true,"href":"https:\/\/ryttarutbildning.se\/index.php?rest_route=%2Fwp%2Fv2%2Fcategories&post=21436"},{"taxonomy":"post_tag","embeddable":true,"href":"https:\/\/ryttarutbildning.se\/index.php?rest_route=%2Fwp%2Fv2%2Ftags&post=21436"}],"curies":[{"name":"wp","href":"https:\/\/api.w.org\/{rel}","templated":true}]}}