{"id":21427,"date":"2020-08-13T13:26:32","date_gmt":"2020-08-13T11:26:32","guid":{"rendered":"http:\/\/ryttarutbildning.se\/?p=21427"},"modified":"2020-08-13T13:26:34","modified_gmt":"2020-08-13T11:26:34","slug":"traning-med-cesar-och-grodan","status":"publish","type":"post","link":"https:\/\/ryttarutbildning.se\/?p=21427","title":{"rendered":"Tr\u00e4ning med Cesar och Grodan"},"content":{"rendered":"\n<p>M\u00e5ndag &#8211; tisdag var Karin \u00d6ljemark h\u00e4r och h\u00f6ll tr\u00e4ning f\u00f6r mig och mina elever. Jag f\u00f6rs\u00f6kte hinna sitta mer och lyssna lite n\u00e4r de andra red ocks\u00e5 f\u00f6r att f\u00e5 med mig lite tips till hur vi kan jobba vidare. <br><br>Sj\u00e4lv red jag Grodan och Cesar b\u00e5da dagarna. Grodan har k\u00e4nts r\u00e4tt bra sista tiden, \u00e4ven om hon fortfarande l\u00e4tt blir tr\u00f6tt bak. Dock \u00e4r ryggen fin och gaffelbandsskadan verkar under kontroll, s\u00e5 nu \u00e4r det &#8221;bara&#8221; h\u00f6ger bak att tampas med. Fokus med henne var l\u00e4ngre steg, mer p\u00e5skjut, men lugn takt. Galoppen k\u00e4nns bra &#8211; ridbar och reglerbar och hon b\u00e4r sig fint. Traven blir fortfarande hastig men ibland hittar vi n\u00e5got och d\u00e5 k\u00e4nns det inte s\u00e5 dumt \u00e4nd\u00e5. Vi red lite v\u00e4gar ut MsvC  och en del saker \u00e4r klart b\u00e4ttre nu, och en del \u00e4r lite rostigt. Hon orkar v\u00e4l egentligen inte n\u00e5gra ordentliga trav\u00f6kningar \u00e4n t.ex, men jag har ju inte varit i n\u00e4rheten av att kunna t\u00e4nka p\u00e5 det ens den senaste tiden, s\u00e5 det kommer nog igen. Jag \u00e4r i alla fall glad att hon fixade tr\u00e4ning tv\u00e5 dagar i rad utan att k\u00e4nnas tr\u00f6tt &#8211; stort steg fram\u00e5t!<\/p>\n\n\n\n<p>Nedan \u00e4r ett kort klipp fr\u00e5n galoppen. Hade g\u00e4rna visat mer men filmerna \u00e4r f\u00f6r d\u00e5lig kvalitet p\u00e5 s\u00e5 det \u00e4r ingen mening att dela. \ud83d\ude09<\/p>\n\n\n\n<figure class=\"wp-block-embed-youtube wp-block-embed is-type-video is-provider-youtube wp-embed-aspect-4-3 wp-has-aspect-ratio\"><div class=\"wp-block-embed__wrapper\">\n<iframe loading=\"lazy\" title=\"13 augusti 2020\" width=\"500\" height=\"375\" src=\"https:\/\/www.youtube.com\/embed\/SFaR7kocqhg?feature=oembed\" frameborder=\"0\" allow=\"accelerometer; autoplay; clipboard-write; encrypted-media; gyroscope; picture-in-picture; web-share\" referrerpolicy=\"strict-origin-when-cross-origin\" allowfullscreen><\/iframe>\n<\/div><\/figure>\n\n\n\n<p><br>Cesar har inte varit med f\u00f6r Karin tidigare. Vi jobbade endast med grunderna &#8211; takt och form.  Och det \u00e4r ju det han har sv\u00e5rt f\u00f6r &#8211; krumelurerna kan han ju&#8230; Han m\u00e5ste bli starkare i sin core f\u00f6r att kunna b\u00e4ra r\u00e4tt, och \u00e4ven han beh\u00f6ver f\u00e5 l\u00e4ngre steg och inte bli f\u00f6r kort bak. Det vi gjorde nu har jag ju jobbat p\u00e5, men kanske inte riktigt s\u00e5 konsekvent. St\u00f6rst &#8221;l\u00e4xa&#8221; blir att vara \u00e4nnu mer stilla med handen och verkligen ge st\u00f6d s\u00e5 att han n\u00e4stan &#8221;tar bettet&#8221;. Han kan ju vara lite joxig med formen \u00e4ven om han kr\u00f6ker p\u00e5 nacken sn\u00e4llt. Men som ni vet s\u00e5 \u00e4r det inte det som r\u00e4knas. \ud83d\ude09<br><br>Jag hoppas jag kan f\u00e5 hit Karin n\u00e5gon mer g\u00e5ng i h\u00f6st. Det k\u00e4nns bra att tr\u00e4na lite ordentligt tv\u00e5 dagar i rad! Hoppas ni andra ocks\u00e5 fick med er bra saker. \ud83d\ude42<\/p>\n","protected":false},"excerpt":{"rendered":"<p>M\u00e5ndag &#8211; tisdag var Karin \u00d6ljemark h\u00e4r och h\u00f6ll tr\u00e4ning f\u00f6r mig och mina elever. Jag f\u00f6rs\u00f6kte hinna sitta mer och lyssna lite n\u00e4r de andra red ocks\u00e5 f\u00f6r att f\u00e5 med mig lite tips till hur vi kan jobba vidare. Sj\u00e4lv red jag Grodan och Cesar b\u00e5da dagarna. Grodan har k\u00e4nts r\u00e4tt bra sista [&hellip;]<\/p>\n","protected":false},"author":1,"featured_media":0,"comment_status":"open","ping_status":"open","sticky":false,"template":"","format":"standard","meta":{"_exactmetrics_skip_tracking":false,"_exactmetrics_sitenote_active":false,"_exactmetrics_sitenote_note":"","_exactmetrics_sitenote_category":0,"footnotes":""},"categories":[1],"tags":[],"class_list":["post-21427","post","type-post","status-publish","format-standard","hentry","category-uncategorized"],"_links":{"self":[{"href":"https:\/\/ryttarutbildning.se\/index.php?rest_route=\/wp\/v2\/posts\/21427","targetHints":{"allow":["GET"]}}],"collection":[{"href":"https:\/\/ryttarutbildning.se\/index.php?rest_route=\/wp\/v2\/posts"}],"about":[{"href":"https:\/\/ryttarutbildning.se\/index.php?rest_route=\/wp\/v2\/types\/post"}],"author":[{"embeddable":true,"href":"https:\/\/ryttarutbildning.se\/index.php?rest_route=\/wp\/v2\/users\/1"}],"replies":[{"embeddable":true,"href":"https:\/\/ryttarutbildning.se\/index.php?rest_route=%2Fwp%2Fv2%2Fcomments&post=21427"}],"version-history":[{"count":0,"href":"https:\/\/ryttarutbildning.se\/index.php?rest_route=\/wp\/v2\/posts\/21427\/revisions"}],"wp:attachment":[{"href":"https:\/\/ryttarutbildning.se\/index.php?rest_route=%2Fwp%2Fv2%2Fmedia&parent=21427"}],"wp:term":[{"taxonomy":"category","embeddable":true,"href":"https:\/\/ryttarutbildning.se\/index.php?rest_route=%2Fwp%2Fv2%2Fcategories&post=21427"},{"taxonomy":"post_tag","embeddable":true,"href":"https:\/\/ryttarutbildning.se\/index.php?rest_route=%2Fwp%2Fv2%2Ftags&post=21427"}],"curies":[{"name":"wp","href":"https:\/\/api.w.org\/{rel}","templated":true}]}}