{"id":21415,"date":"2020-08-09T21:46:00","date_gmt":"2020-08-09T19:46:00","guid":{"rendered":"http:\/\/ryttarutbildning.se\/?p=21415"},"modified":"2020-08-09T21:46:00","modified_gmt":"2020-08-09T19:46:00","slug":"min-helg-2","status":"publish","type":"post","link":"https:\/\/ryttarutbildning.se\/?p=21415","title":{"rendered":"Min helg"},"content":{"rendered":"\n<p>Den h\u00e4r helgen var r\u00e4tt lugn f\u00f6r min del. Ingen flerdagarskurs i alla fall! I fredags hade jag ett g\u00e4ng privatlektioner men slutade tidigt. P\u00e5 eftermiddagen \u00e5kte jag och badade i M\u00e4rsta, f\u00f6ljt av en glass i Sigtuna och sedan middag med en kompis hemma. Gillar kv\u00e4llarna nu n\u00e4r det b\u00f6rjar bli m\u00f6rkare, men fortfarande \u00e4r varmt. Blir dock lite ledsen p\u00e5 samma g\u00e5ng eftersom det ocks\u00e5 betyder att sommaren g\u00e5r mot sitt slut.<\/p>\n\n\n\n<figure class=\"wp-block-image size-large\"><img loading=\"lazy\" decoding=\"async\" width=\"569\" height=\"718\" src=\"https:\/\/media.ryttarutbildning.se\/2020\/08\/FB_IMG_1597001136821.jpg\" alt=\"\" class=\"wp-image-21413\" srcset=\"https:\/\/media.ryttarutbildning.se\/2020\/08\/FB_IMG_1597001136821.jpg 569w, https:\/\/media.ryttarutbildning.se\/2020\/08\/FB_IMG_1597001136821-238x300.jpg 238w\" sizes=\"auto, (max-width: 569px) 100vw, 569px\" \/><\/figure>\n\n\n\n<p>Ig\u00e5r var jag helt ledig, vilket beh\u00f6vdes! Det blev sovmorgon och frukost i tr\u00e4dg\u00e5rden &#8211; faktiskt en av de b\u00e4sta sakerna med sommaren \u00e4r frukost ute &#8211; och sedan en hel dag hos en  gammal v\u00e4n som har ett fantastiskt hus med egen brygga i \u00c5kersberga. Det var bra tajmat med den varma dagen f\u00e5r man ju s\u00e4ga. S\u00e5 himla sk\u00f6n dag! \u00c4ven fast jag inte gjorde n\u00e5got vettigt alls ig\u00e5r var jag helt slut p\u00e5 kv\u00e4llen. Sol och bad \u00e4r nog avslappnande tror jag. (En tuff jobbvecka innan kanske ocks\u00e5 gjorde sitt till.)<\/p>\n\n\n\n<figure class=\"wp-block-image size-large\"><img loading=\"lazy\" decoding=\"async\" width=\"768\" height=\"1024\" src=\"https:\/\/media.ryttarutbildning.se\/2020\/08\/DSC_5123-768x1024.jpg\" alt=\"\" class=\"wp-image-21410\" srcset=\"https:\/\/media.ryttarutbildning.se\/2020\/08\/DSC_5123-768x1024.jpg 768w, https:\/\/media.ryttarutbildning.se\/2020\/08\/DSC_5123-225x300.jpg 225w, https:\/\/media.ryttarutbildning.se\/2020\/08\/DSC_5123-1152x1536.jpg 1152w, https:\/\/media.ryttarutbildning.se\/2020\/08\/DSC_5123-1536x2048.jpg 1536w, https:\/\/media.ryttarutbildning.se\/2020\/08\/DSC_5123-scaled.jpg 1920w\" sizes=\"auto, (max-width: 768px) 100vw, 768px\" \/><\/figure>\n\n\n\n<figure class=\"wp-block-image size-large\"><img loading=\"lazy\" decoding=\"async\" width=\"768\" height=\"1024\" src=\"https:\/\/media.ryttarutbildning.se\/2020\/08\/DSC_5110-768x1024.jpg\" alt=\"\" class=\"wp-image-21411\" srcset=\"https:\/\/media.ryttarutbildning.se\/2020\/08\/DSC_5110-768x1024.jpg 768w, https:\/\/media.ryttarutbildning.se\/2020\/08\/DSC_5110-225x300.jpg 225w, https:\/\/media.ryttarutbildning.se\/2020\/08\/DSC_5110-1152x1536.jpg 1152w, https:\/\/media.ryttarutbildning.se\/2020\/08\/DSC_5110-1536x2048.jpg 1536w, https:\/\/media.ryttarutbildning.se\/2020\/08\/DSC_5110-scaled.jpg 1920w\" sizes=\"auto, (max-width: 768px) 100vw, 768px\" \/><\/figure>\n\n\n\n<p><br><\/p>\n\n\n\n<figure class=\"wp-block-image size-large\"><img loading=\"lazy\" decoding=\"async\" width=\"768\" height=\"1024\" src=\"https:\/\/media.ryttarutbildning.se\/2020\/08\/DSC_5114-768x1024.jpg\" alt=\"\" class=\"wp-image-21412\" srcset=\"https:\/\/media.ryttarutbildning.se\/2020\/08\/DSC_5114-768x1024.jpg 768w, https:\/\/media.ryttarutbildning.se\/2020\/08\/DSC_5114-225x300.jpg 225w, https:\/\/media.ryttarutbildning.se\/2020\/08\/DSC_5114-1152x1536.jpg 1152w, https:\/\/media.ryttarutbildning.se\/2020\/08\/DSC_5114-1536x2048.jpg 1536w, https:\/\/media.ryttarutbildning.se\/2020\/08\/DSC_5114-scaled.jpg 1920w\" sizes=\"auto, (max-width: 768px) 100vw, 768px\" \/><\/figure>\n\n\n\n<figure class=\"wp-block-image size-large\"><img loading=\"lazy\" decoding=\"async\" width=\"768\" height=\"1024\" src=\"https:\/\/media.ryttarutbildning.se\/2020\/08\/DSC_5129-768x1024.jpg\" alt=\"\" class=\"wp-image-21409\" srcset=\"https:\/\/media.ryttarutbildning.se\/2020\/08\/DSC_5129-768x1024.jpg 768w, https:\/\/media.ryttarutbildning.se\/2020\/08\/DSC_5129-225x300.jpg 225w, https:\/\/media.ryttarutbildning.se\/2020\/08\/DSC_5129-1152x1536.jpg 1152w, https:\/\/media.ryttarutbildning.se\/2020\/08\/DSC_5129-1536x2048.jpg 1536w, https:\/\/media.ryttarutbildning.se\/2020\/08\/DSC_5129-scaled.jpg 1920w\" sizes=\"auto, (max-width: 768px) 100vw, 768px\" \/><\/figure>\n\n\n\n<p>L\u00f6rdagen avslutade jag hemma med den h\u00e4r h\u00e4rliga utsikten. \ud83d\ude42 Inget hav kanske men det h\u00e4r \u00e4r ocks\u00e5 vackert!<br><\/p>\n\n\n\n<figure class=\"wp-block-image size-large\"><img loading=\"lazy\" decoding=\"async\" width=\"1024\" height=\"1024\" src=\"https:\/\/media.ryttarutbildning.se\/2020\/08\/IMG_20200809_122150_142-1024x1024.jpg\" alt=\"\" class=\"wp-image-21408\" srcset=\"https:\/\/media.ryttarutbildning.se\/2020\/08\/IMG_20200809_122150_142-1024x1024.jpg 1024w, https:\/\/media.ryttarutbildning.se\/2020\/08\/IMG_20200809_122150_142-300x300.jpg 300w, https:\/\/media.ryttarutbildning.se\/2020\/08\/IMG_20200809_122150_142-150x150.jpg 150w, https:\/\/media.ryttarutbildning.se\/2020\/08\/IMG_20200809_122150_142-768x768.jpg 768w, https:\/\/media.ryttarutbildning.se\/2020\/08\/IMG_20200809_122150_142-1536x1536.jpg 1536w, https:\/\/media.ryttarutbildning.se\/2020\/08\/IMG_20200809_122150_142.jpg 2041w\" sizes=\"auto, (max-width: 1024px) 100vw, 1024px\" \/><\/figure>\n\n\n\n<p>Idag har jag och Marianne varit hos Bonnie p\u00e5 N\u00e5dhammar och tr\u00e4nat lite med henne. Tr\u00e4ningarna sker i grupp och idag var det promenad, binda upp i skogen, borsta, lyfta f\u00f6tter etc. Idag gick det som smort att lyfta benen. D\u00e4remot var hon lite \u00f6mfotad n\u00e4r vi gick p\u00e5 grusv\u00e4garna, men hon verkades i veckan s\u00e5 det var nog d\u00e4rf\u00f6r. Flera andra h\u00e4star s\u00e5g ocks\u00e5 lite f\u00f6rsiktiga ut. Hon \u00e4r dessutom ganska smal, har ungh\u00e4st-f\u00f6rkylning, sm\u00e5 v\u00e5rtor p\u00e5 n\u00e4san (ocks\u00e5 typiskt ungh\u00e4st) och \u00e4r inte snygg alls. I den h\u00e4r \u00e5ldern \u00e4r det ingen vacker syn, och de verkar beh\u00f6va f\u00e5 &#8221;dagis-sjukdomar&#8221; s\u00e5 hon ser ju tyv\u00e4rr inte s\u00e5 pigg ut. Men hon \u00e4r sn\u00e4ll och enkel att hantera, och hon v\u00e4xer s\u00e5 det knakar. Hoppas hon b\u00f6rjar v\u00e4xa p\u00e5 bredden snart ocks\u00e5 bara&#8230; \ud83d\ude42<br><\/p>\n\n\n\n<figure class=\"wp-block-image size-large\"><img loading=\"lazy\" decoding=\"async\" width=\"1024\" height=\"1024\" src=\"https:\/\/media.ryttarutbildning.se\/2020\/08\/IMG_20200809_211056_721-1024x1024.jpg\" alt=\"\" class=\"wp-image-21407\" srcset=\"https:\/\/media.ryttarutbildning.se\/2020\/08\/IMG_20200809_211056_721-1024x1024.jpg 1024w, https:\/\/media.ryttarutbildning.se\/2020\/08\/IMG_20200809_211056_721-300x300.jpg 300w, https:\/\/media.ryttarutbildning.se\/2020\/08\/IMG_20200809_211056_721-150x150.jpg 150w, https:\/\/media.ryttarutbildning.se\/2020\/08\/IMG_20200809_211056_721-768x768.jpg 768w, https:\/\/media.ryttarutbildning.se\/2020\/08\/IMG_20200809_211056_721-1536x1536.jpg 1536w, https:\/\/media.ryttarutbildning.se\/2020\/08\/IMG_20200809_211056_721-2048x2048.jpg 2048w\" sizes=\"auto, (max-width: 1024px) 100vw, 1024px\" \/><\/figure>\n\n\n\n<p>P\u00e5 eftermiddagen idag hade jag en kurs med tv\u00e5 ridpass, och efter det red jag sj\u00e4lv tv\u00e5 h\u00e4star. <br><br>N\u00e4sta vecka \u00e4r Sofia tillbaka igen och d\u00e5 ska jag ta itu med saker som jag ligger efter med, mail, fakturering etc. Veckan h\u00e5rdstartar dock med tr\u00e4ning f\u00f6r Karin m\u00e5n-tis, s\u00e5 det var nog bra med en lite lugn helg! <\/p>\n","protected":false},"excerpt":{"rendered":"<p>Den h\u00e4r helgen var r\u00e4tt lugn f\u00f6r min del. Ingen flerdagarskurs i alla fall! I fredags hade jag ett g\u00e4ng privatlektioner men slutade tidigt. P\u00e5 eftermiddagen \u00e5kte jag och badade i M\u00e4rsta, f\u00f6ljt av en glass i Sigtuna och sedan middag med en kompis hemma. Gillar kv\u00e4llarna nu n\u00e4r det b\u00f6rjar bli m\u00f6rkare, men fortfarande [&hellip;]<\/p>\n","protected":false},"author":1,"featured_media":0,"comment_status":"open","ping_status":"open","sticky":false,"template":"","format":"standard","meta":{"_exactmetrics_skip_tracking":false,"_exactmetrics_sitenote_active":false,"_exactmetrics_sitenote_note":"","_exactmetrics_sitenote_category":0,"footnotes":""},"categories":[1],"tags":[],"class_list":["post-21415","post","type-post","status-publish","format-standard","hentry","category-uncategorized"],"_links":{"self":[{"href":"https:\/\/ryttarutbildning.se\/index.php?rest_route=\/wp\/v2\/posts\/21415","targetHints":{"allow":["GET"]}}],"collection":[{"href":"https:\/\/ryttarutbildning.se\/index.php?rest_route=\/wp\/v2\/posts"}],"about":[{"href":"https:\/\/ryttarutbildning.se\/index.php?rest_route=\/wp\/v2\/types\/post"}],"author":[{"embeddable":true,"href":"https:\/\/ryttarutbildning.se\/index.php?rest_route=\/wp\/v2\/users\/1"}],"replies":[{"embeddable":true,"href":"https:\/\/ryttarutbildning.se\/index.php?rest_route=%2Fwp%2Fv2%2Fcomments&post=21415"}],"version-history":[{"count":0,"href":"https:\/\/ryttarutbildning.se\/index.php?rest_route=\/wp\/v2\/posts\/21415\/revisions"}],"wp:attachment":[{"href":"https:\/\/ryttarutbildning.se\/index.php?rest_route=%2Fwp%2Fv2%2Fmedia&parent=21415"}],"wp:term":[{"taxonomy":"category","embeddable":true,"href":"https:\/\/ryttarutbildning.se\/index.php?rest_route=%2Fwp%2Fv2%2Fcategories&post=21415"},{"taxonomy":"post_tag","embeddable":true,"href":"https:\/\/ryttarutbildning.se\/index.php?rest_route=%2Fwp%2Fv2%2Ftags&post=21415"}],"curies":[{"name":"wp","href":"https:\/\/api.w.org\/{rel}","templated":true}]}}