{"id":21402,"date":"2020-08-07T13:08:52","date_gmt":"2020-08-07T11:08:52","guid":{"rendered":"http:\/\/ryttarutbildning.se\/?p=21402"},"modified":"2020-08-07T13:09:28","modified_gmt":"2020-08-07T11:09:28","slug":"sommaren-sahar-langt","status":"publish","type":"post","link":"https:\/\/ryttarutbildning.se\/?p=21402","title":{"rendered":"Sommaren s\u00e5h\u00e4r l\u00e5ngt"},"content":{"rendered":"\n<p>Sommarkurserna har avl\u00f6st varandra och jag har jobbat r\u00e4tt mycket sista tiden eftersom stalltjejen har semester. Jag har dock f\u00e5tt bra hj\u00e4lp mellan varven och flera h\u00e4star sover ute, s\u00e5 det funkar bra!<br><br>Jag har bl.a. haft n\u00e5gra kv\u00e4llskurser, kurs med tema programridning, och nu i veckan hade jag n\u00e5gra privath\u00e4star som hade gjort en egen bokning. Kul n\u00e4r det kommer ekipage utifr\u00e5n ocks\u00e5! P\u00e5 sommaren \u00e4r det l\u00e4ttare, eftersom jag har boxar &#8221;\u00f6ver&#8221; n\u00e4r mina g\u00e5r p\u00e5 bete. Den h\u00e4r veckan har det varit v\u00e4ldigt mycket privatlektioner och n\u00e4sta vecka blir det ocks\u00e5 ett g\u00e4ng s\u00e5dana. Annars t\u00e4nkte jag att n\u00e4sta vecka skulle vara lite lugn s\u00e5 jag hinner f\u00f6rbereda mig f\u00f6r terminsstarten den 17 augusti, men jag vet inte hur det blir med det d\u00e4r &#8221;lugna&#8221;. \ud83d\ude09<\/p>\n\n\n\n<p>Jag har ocks\u00e5 ridit en del (s\u00e5klart) och i det h\u00e4nseendet \u00e4r jag glad att juli inte har varit s\u00e5 varm. Jag har f\u00f6rs\u00f6kt variera lite f\u00f6r h\u00e4starna och rida ute s\u00e5 mycket jag kan, men \u00e4ven om det l\u00e5ter mysigt s\u00e5 kan det ibland bli sv\u00e5rt s\u00e5h\u00e4r \u00e5rs pga insekterna&#8230;<\/p>\n\n\n\n<p>Nu t\u00e4nkte jag i alla fall ta en lugn fredag och en ledig l\u00f6rdag (passar bra lagom till v\u00e4rmeb\u00f6ljan). Det g\u00e4ller att ta tillvara sommaren in i det sista! <\/p>\n\n\n\n<figure class=\"wp-block-image size-large\"><img loading=\"lazy\" decoding=\"async\" width=\"1024\" height=\"1024\" src=\"https:\/\/media.ryttarutbildning.se\/2020\/08\/IMG_20200721_131728_182-1024x1024.jpg\" alt=\"\" class=\"wp-image-21403\" srcset=\"https:\/\/media.ryttarutbildning.se\/2020\/08\/IMG_20200721_131728_182-1024x1024.jpg 1024w, https:\/\/media.ryttarutbildning.se\/2020\/08\/IMG_20200721_131728_182-300x300.jpg 300w, https:\/\/media.ryttarutbildning.se\/2020\/08\/IMG_20200721_131728_182-150x150.jpg 150w, https:\/\/media.ryttarutbildning.se\/2020\/08\/IMG_20200721_131728_182-768x767.jpg 768w, https:\/\/media.ryttarutbildning.se\/2020\/08\/IMG_20200721_131728_182.jpg 1321w\" sizes=\"auto, (max-width: 1024px) 100vw, 1024px\" \/><\/figure>\n\n\n\n<p><em>Fina Caribo p\u00e5 \u00e5kern<\/em><\/p>\n","protected":false},"excerpt":{"rendered":"<p>Sommarkurserna har avl\u00f6st varandra och jag har jobbat r\u00e4tt mycket sista tiden eftersom stalltjejen har semester. Jag har dock f\u00e5tt bra hj\u00e4lp mellan varven och flera h\u00e4star sover ute, s\u00e5 det funkar bra! Jag har bl.a. haft n\u00e5gra kv\u00e4llskurser, kurs med tema programridning, och nu i veckan hade jag n\u00e5gra privath\u00e4star som hade gjort en [&hellip;]<\/p>\n","protected":false},"author":1,"featured_media":0,"comment_status":"open","ping_status":"open","sticky":false,"template":"","format":"standard","meta":{"_exactmetrics_skip_tracking":false,"_exactmetrics_sitenote_active":false,"_exactmetrics_sitenote_note":"","_exactmetrics_sitenote_category":0,"footnotes":""},"categories":[1],"tags":[],"class_list":["post-21402","post","type-post","status-publish","format-standard","hentry","category-uncategorized"],"_links":{"self":[{"href":"https:\/\/ryttarutbildning.se\/index.php?rest_route=\/wp\/v2\/posts\/21402","targetHints":{"allow":["GET"]}}],"collection":[{"href":"https:\/\/ryttarutbildning.se\/index.php?rest_route=\/wp\/v2\/posts"}],"about":[{"href":"https:\/\/ryttarutbildning.se\/index.php?rest_route=\/wp\/v2\/types\/post"}],"author":[{"embeddable":true,"href":"https:\/\/ryttarutbildning.se\/index.php?rest_route=\/wp\/v2\/users\/1"}],"replies":[{"embeddable":true,"href":"https:\/\/ryttarutbildning.se\/index.php?rest_route=%2Fwp%2Fv2%2Fcomments&post=21402"}],"version-history":[{"count":0,"href":"https:\/\/ryttarutbildning.se\/index.php?rest_route=\/wp\/v2\/posts\/21402\/revisions"}],"wp:attachment":[{"href":"https:\/\/ryttarutbildning.se\/index.php?rest_route=%2Fwp%2Fv2%2Fmedia&parent=21402"}],"wp:term":[{"taxonomy":"category","embeddable":true,"href":"https:\/\/ryttarutbildning.se\/index.php?rest_route=%2Fwp%2Fv2%2Fcategories&post=21402"},{"taxonomy":"post_tag","embeddable":true,"href":"https:\/\/ryttarutbildning.se\/index.php?rest_route=%2Fwp%2Fv2%2Ftags&post=21402"}],"curies":[{"name":"wp","href":"https:\/\/api.w.org\/{rel}","templated":true}]}}