{"id":21265,"date":"2020-06-15T10:14:56","date_gmt":"2020-06-15T08:14:56","guid":{"rendered":"http:\/\/ryttarutbildning.se\/?p=21265"},"modified":"2020-06-15T10:14:57","modified_gmt":"2020-06-15T08:14:57","slug":"terminsavslutning-3","status":"publish","type":"post","link":"https:\/\/ryttarutbildning.se\/?p=21265","title":{"rendered":"Terminsavslutning"},"content":{"rendered":"\n<p>Veckorna g\u00e5r s\u00e5 fort att jag inte hinner med! F\u00f6rra veckan var det sista veckan p\u00e5 terminen. TACK f\u00f6r fina presenter och gratulationer inf\u00f6r min 40-\u00e5rsdag! <br><br>Flera av er kommer jag tr\u00e4ffa i sommar, och f\u00f6r er som \u00e5terkommer i h\u00f6st startar terminen <strong>17 augusti<\/strong>.<\/p>\n\n\n\n<p>Hoppas att ni alla f\u00e5r en fantastisk sommar! Det t\u00e4nker jag ha, p\u00e5 ett eller annat s\u00e4tt. Vi har \u00e4nnu inte best\u00e4mt om vi \u00e5ker bort eller inte, men jag \u00e4r ledig v 27-28 oavsett. Ni som vill rida privat f\u00e5r \u00e5terkomma med f\u00f6rfr\u00e5gan i mitten av juli. Nu har jag b\u00f6rjat checka ut lite mentalt, och h\u00e4starna beh\u00f6ver ocks\u00e5 vila. \ud83d\ude09 <strong>Trevlig sommar!<\/strong><br><\/p>\n\n\n\n<figure class=\"wp-block-image\"><img loading=\"lazy\" decoding=\"async\" width=\"1024\" height=\"1024\" src=\"https:\/\/media.ryttarutbildning.se\/2020\/06\/IMG_20200612_232310_248-1024x1024.jpg\" alt=\"\" class=\"wp-image-21263\" srcset=\"https:\/\/media.ryttarutbildning.se\/2020\/06\/IMG_20200612_232310_248-1024x1024.jpg 1024w, https:\/\/media.ryttarutbildning.se\/2020\/06\/IMG_20200612_232310_248-150x150.jpg 150w, https:\/\/media.ryttarutbildning.se\/2020\/06\/IMG_20200612_232310_248-300x300.jpg 300w, https:\/\/media.ryttarutbildning.se\/2020\/06\/IMG_20200612_232310_248-768x768.jpg 768w\" sizes=\"auto, (max-width: 1024px) 100vw, 1024px\" \/><\/figure>\n","protected":false},"excerpt":{"rendered":"<p>Veckorna g\u00e5r s\u00e5 fort att jag inte hinner med! F\u00f6rra veckan var det sista veckan p\u00e5 terminen. TACK f\u00f6r fina presenter och gratulationer inf\u00f6r min 40-\u00e5rsdag! Flera av er kommer jag tr\u00e4ffa i sommar, och f\u00f6r er som \u00e5terkommer i h\u00f6st startar terminen 17 augusti. Hoppas att ni alla f\u00e5r en fantastisk sommar! Det t\u00e4nker [&hellip;]<\/p>\n","protected":false},"author":1,"featured_media":0,"comment_status":"open","ping_status":"open","sticky":false,"template":"","format":"standard","meta":{"_exactmetrics_skip_tracking":false,"_exactmetrics_sitenote_active":false,"_exactmetrics_sitenote_note":"","_exactmetrics_sitenote_category":0,"footnotes":""},"categories":[1],"tags":[],"class_list":["post-21265","post","type-post","status-publish","format-standard","hentry","category-uncategorized"],"_links":{"self":[{"href":"https:\/\/ryttarutbildning.se\/index.php?rest_route=\/wp\/v2\/posts\/21265","targetHints":{"allow":["GET"]}}],"collection":[{"href":"https:\/\/ryttarutbildning.se\/index.php?rest_route=\/wp\/v2\/posts"}],"about":[{"href":"https:\/\/ryttarutbildning.se\/index.php?rest_route=\/wp\/v2\/types\/post"}],"author":[{"embeddable":true,"href":"https:\/\/ryttarutbildning.se\/index.php?rest_route=\/wp\/v2\/users\/1"}],"replies":[{"embeddable":true,"href":"https:\/\/ryttarutbildning.se\/index.php?rest_route=%2Fwp%2Fv2%2Fcomments&post=21265"}],"version-history":[{"count":0,"href":"https:\/\/ryttarutbildning.se\/index.php?rest_route=\/wp\/v2\/posts\/21265\/revisions"}],"wp:attachment":[{"href":"https:\/\/ryttarutbildning.se\/index.php?rest_route=%2Fwp%2Fv2%2Fmedia&parent=21265"}],"wp:term":[{"taxonomy":"category","embeddable":true,"href":"https:\/\/ryttarutbildning.se\/index.php?rest_route=%2Fwp%2Fv2%2Fcategories&post=21265"},{"taxonomy":"post_tag","embeddable":true,"href":"https:\/\/ryttarutbildning.se\/index.php?rest_route=%2Fwp%2Fv2%2Ftags&post=21265"}],"curies":[{"name":"wp","href":"https:\/\/api.w.org\/{rel}","templated":true}]}}