{"id":21251,"date":"2020-06-08T22:17:17","date_gmt":"2020-06-08T20:17:17","guid":{"rendered":"http:\/\/ryttarutbildning.se\/?p=21251"},"modified":"2020-06-08T22:17:18","modified_gmt":"2020-06-08T20:17:18","slug":"grodan-just-nu","status":"publish","type":"post","link":"https:\/\/ryttarutbildning.se\/?p=21251","title":{"rendered":"Grodan just nu"},"content":{"rendered":"\n<p>Grodan har jobbat p\u00e5 r\u00e4tt bra under en period, men b\u00f6rjade k\u00e4nnas lite tr\u00f6ttare och d\u00e5 var det dags f\u00f6r ett \u00e5terbes\u00f6k. P\u00e5 det stora hela ser hon mycket b\u00e4ttre ut, men hon har fortfarande sv\u00e5rt med h\u00f6ger bak tyv\u00e4rr. L\u00e5ng historia kort s\u00e5 verkar det mest vara en svaghet \/ muskul\u00e4rt. En h\u00e4lta kan man bed\u00f6va bort, och vi har inte riktigt lyckats med det. Sist fick hon prova ett system d\u00e4r man kan m\u00e4ta r\u00f6relserna och l\u00e4sa av det via en dator, och skillnaden mellan h\u00f6ger och v\u00e4nster bak uppe vid korset \u00e4r 2 mm &#8211; vilket ju \u00e4r &#8221;ingenting&#8221; och inom normalvariation. Det hon g\u00f6r \u00e4r dock att hon sticker in h\u00f6ger bak lite mer under magen. Eftersom det inte sl\u00e4pper med bed\u00f6vning s\u00e5 verkar det med andra ord inte g\u00f6ra s\u00e4rskilt ont, utan mer vara en svaghet (som s\u00e4kert h\u00e4nger ihop med gammal sm\u00e4rta \/ sp\u00e4nning, men en del har vi lyckats f\u00e5 bukt med.)<br><br>P\u00e5 s\u00e4tt och vis \u00e4r det ju positivt att hon inte verkar ha ont, men \u00e5 andra sidan \u00e4r det irriterande att det inte \u00e4r konkret. Att behandla h\u00f6ften muskul\u00e4rt har gett visst resultat i alla fall. Sedan m\u00e5ste hon ju tr\u00e4na om det ska bli skillnad p\u00e5 sikt. Det \u00c4R b\u00e4ttre, men vid det h\u00e4r laget \u00e4r jag lite less p\u00e5 att bara jogga. Egentligen kanske det f\u00e5r b\u00e4ra eller brista nu helt enkelt&#8230; Ig\u00e5r var hon allm\u00e4nt sp\u00e4nd och jag t\u00e4nkte verkligen att jag ger upp nu, men idag var hon ist\u00e4llet riktigt fin. Ig\u00e5r kan hon lika bra ha varit sp\u00e4nd av att ha vilat n\u00e5gra dagar och inte vara l\u00f6sgjord, men n\u00e4r man har en skadehistorik s\u00e5 blir det ju l\u00e4tt att man bara k\u00e4nner efter och utg\u00e5r ifr\u00e5n att allt h\u00e4nger ihop med det &#8211; vilket det s\u00e5klart inte m\u00e5ste vara. Alla h\u00e4star har ju bra och d\u00e5liga dagar.<\/p>\n\n\n\n<p>Planen just nu \u00e4r i alla fall att rida m\u00e5naden ut, och tr\u00e4na s\u00e5 gott jag kan. Sadeln \u00e4r justerad lite nu ocks\u00e5, och idag k\u00e4ndes det i alla fall som att det gjorde skillnad &#8211; l\u00e4ttare f\u00f6r mig att sitta r\u00e4tt och hon fick mer plats att komma upp med fronten. I juli f\u00e5r hon vila tv\u00e5 veckor, och sedan kommer vi behandla ryggen och <a href=\"https:\/\/ryttarutbildning.se\/?p=3573\">blistra bakkn\u00e4na<\/a> innan ig\u00e5ngs\u00e4ttningen. Jag ska ocks\u00e5 g\u00f6ra lite avsuttna \u00f6vningar med henne som jag kan skriva mer om ifall jag kommer ih\u00e5g! <\/p>\n\n\n\n<p>P\u00e5 s\u00e4tt och vis k\u00e4nns det som om jag kanske f\u00e5r sl\u00e4ppa det h\u00e4r snart &#8211; men \u00e5 andra sidan \u00e4r det egentligen f\u00f6rst nu vi har f\u00e5tt n\u00e5gra resultat \u00f6verhuvudtaget. Allts\u00e5 kanske jag f\u00e5r bita ihop ett tag till!<\/p>\n\n\n\n<figure class=\"wp-block-image\"><img loading=\"lazy\" decoding=\"async\" width=\"815\" height=\"1024\" src=\"https:\/\/media.ryttarutbildning.se\/2020\/06\/20200608_215830-815x1024.jpg\" alt=\"\" class=\"wp-image-21252\" srcset=\"https:\/\/media.ryttarutbildning.se\/2020\/06\/20200608_215830-815x1024.jpg 815w, https:\/\/media.ryttarutbildning.se\/2020\/06\/20200608_215830-239x300.jpg 239w, https:\/\/media.ryttarutbildning.se\/2020\/06\/20200608_215830-768x965.jpg 768w\" sizes=\"auto, (max-width: 815px) 100vw, 815px\" \/><\/figure>\n","protected":false},"excerpt":{"rendered":"<p>Grodan har jobbat p\u00e5 r\u00e4tt bra under en period, men b\u00f6rjade k\u00e4nnas lite tr\u00f6ttare och d\u00e5 var det dags f\u00f6r ett \u00e5terbes\u00f6k. P\u00e5 det stora hela ser hon mycket b\u00e4ttre ut, men hon har fortfarande sv\u00e5rt med h\u00f6ger bak tyv\u00e4rr. L\u00e5ng historia kort s\u00e5 verkar det mest vara en svaghet \/ muskul\u00e4rt. En h\u00e4lta kan [&hellip;]<\/p>\n","protected":false},"author":1,"featured_media":0,"comment_status":"open","ping_status":"open","sticky":false,"template":"","format":"standard","meta":{"_exactmetrics_skip_tracking":false,"_exactmetrics_sitenote_active":false,"_exactmetrics_sitenote_note":"","_exactmetrics_sitenote_category":0,"footnotes":""},"categories":[1],"tags":[],"class_list":["post-21251","post","type-post","status-publish","format-standard","hentry","category-uncategorized"],"_links":{"self":[{"href":"https:\/\/ryttarutbildning.se\/index.php?rest_route=\/wp\/v2\/posts\/21251","targetHints":{"allow":["GET"]}}],"collection":[{"href":"https:\/\/ryttarutbildning.se\/index.php?rest_route=\/wp\/v2\/posts"}],"about":[{"href":"https:\/\/ryttarutbildning.se\/index.php?rest_route=\/wp\/v2\/types\/post"}],"author":[{"embeddable":true,"href":"https:\/\/ryttarutbildning.se\/index.php?rest_route=\/wp\/v2\/users\/1"}],"replies":[{"embeddable":true,"href":"https:\/\/ryttarutbildning.se\/index.php?rest_route=%2Fwp%2Fv2%2Fcomments&post=21251"}],"version-history":[{"count":0,"href":"https:\/\/ryttarutbildning.se\/index.php?rest_route=\/wp\/v2\/posts\/21251\/revisions"}],"wp:attachment":[{"href":"https:\/\/ryttarutbildning.se\/index.php?rest_route=%2Fwp%2Fv2%2Fmedia&parent=21251"}],"wp:term":[{"taxonomy":"category","embeddable":true,"href":"https:\/\/ryttarutbildning.se\/index.php?rest_route=%2Fwp%2Fv2%2Fcategories&post=21251"},{"taxonomy":"post_tag","embeddable":true,"href":"https:\/\/ryttarutbildning.se\/index.php?rest_route=%2Fwp%2Fv2%2Ftags&post=21251"}],"curies":[{"name":"wp","href":"https:\/\/api.w.org\/{rel}","templated":true}]}}