{"id":21006,"date":"2020-04-05T18:22:14","date_gmt":"2020-04-05T16:22:14","guid":{"rendered":"http:\/\/ryttarutbildning.se\/?p=21006"},"modified":"2020-04-05T18:22:15","modified_gmt":"2020-04-05T16:22:15","slug":"utvardering-av-grodans-vecka","status":"publish","type":"post","link":"https:\/\/ryttarutbildning.se\/?p=21006","title":{"rendered":"Utv\u00e4rdering av Grodans vecka"},"content":{"rendered":"\n<p>Nu har jag b\u00f6rjat rida igen. Som jag skrev i ett tidigare inl\u00e4gg s\u00e5 \u00e4r Grodan behandlad i h\u00f6ften och det blev ju en kortare paus efter det.<\/p>\n\n\n\n<p>F\u00f6rra s\u00f6ndagen var hon riktigt fin p\u00e5 t\u00f6m (det tar dock en stund att v\u00e4rma upp, f\u00f6rst \u00e4r hon r\u00e4tt kort i steget men det blir b\u00e4ttre n\u00e4r hon \u00e4r varm).<br>Veckan som har g\u00e5tt har hon jobbat s\u00e5h\u00e4r:<br><strong>M\u00e5ndag<\/strong>: t\u00f6mk\u00f6rning igen. Inte alls lika fin d\u00e5, tyv\u00e4rr, men tror att hon hade f\u00e5tt tr\u00e4ningsv\u00e4rk efter s\u00f6ndagen.<br><strong>Tisdag:<\/strong> endast promenad med h\u00e4nsyn till m\u00e5ndagen (nu g\u00e4ller det att inte f\u00e5 henne tr\u00f6tt&#8230;.)<br><strong>Onsdag: <\/strong>t\u00f6mk\u00f6rning, \u00e4ven med galopp (f\u00f6rsta g\u00e5ngen under denna period) &#8211; mycket b\u00e4ttre \u00e4n m\u00e5ndagen. Jag k\u00f6r dock korta pass, ca 30 min (inkl skritten f\u00f6re och efter)!<br><strong>Torsdag:<\/strong> uppsuttet, endast skritt eftersom det var f\u00f6rsta g\u00e5ngen efter behandlingen.<br><strong>Fredag:<\/strong> uppsuttet, \u00e4ven med lite trav p\u00e5 raka sp\u00e5r och stora volter. Hade tejp p\u00e5 h\u00f6ften enligt rekommendation. K\u00e4ndes r\u00e4tt bra och rakare. Men det \u00e4r &#8221;jobbigt&#8221; att rida eftersom jag m\u00e5ste fokusera extremt mycket sj\u00e4lv p\u00e5 att hj\u00e4lpa henne p\u00e5 r\u00e4tt s\u00e4tt.<br><strong>L\u00f6rdag<\/strong>: vila<br><strong>S\u00f6ndag<\/strong>: uteritt med skritt och trav. Kanske l\u00e5ter l\u00f6jligt att vara glad \u00f6ver en liten promenad i skogen, men n\u00e4r hon har m\u00e5tt d\u00e5ligt \u00e4r hon odr\u00e4glig att rida ut p\u00e5, och idag var hon exemplarisk vilket \u00e4r ett gott tecken!<\/p>\n\n\n\n<p>N\u00e4sta vecka \u00e4r planen att \u00f6ka kraven lite. Mer \u00f6verg\u00e5ngar under passen, och \u00e4ven galopp uppsuttet minst en dag. Jag kanske \u00e4r \u00f6verdrivet f\u00f6rsiktig, men hellre det \u00e4n tv\u00e4rtom!<\/p>\n\n\n\n<figure class=\"wp-block-image\"><img decoding=\"async\" src=\"https:\/\/media.ryttarutbildning.se\/2019\/08\/IMG_6576.jpg\" alt=\"\"\/><\/figure>\n","protected":false},"excerpt":{"rendered":"<p>Nu har jag b\u00f6rjat rida igen. Som jag skrev i ett tidigare inl\u00e4gg s\u00e5 \u00e4r Grodan behandlad i h\u00f6ften och det blev ju en kortare paus efter det. F\u00f6rra s\u00f6ndagen var hon riktigt fin p\u00e5 t\u00f6m (det tar dock en stund att v\u00e4rma upp, f\u00f6rst \u00e4r hon r\u00e4tt kort i steget men det blir b\u00e4ttre [&hellip;]<\/p>\n","protected":false},"author":1,"featured_media":0,"comment_status":"open","ping_status":"open","sticky":false,"template":"","format":"standard","meta":{"_exactmetrics_skip_tracking":false,"_exactmetrics_sitenote_active":false,"_exactmetrics_sitenote_note":"","_exactmetrics_sitenote_category":0,"footnotes":""},"categories":[1],"tags":[],"class_list":["post-21006","post","type-post","status-publish","format-standard","hentry","category-uncategorized"],"_links":{"self":[{"href":"https:\/\/ryttarutbildning.se\/index.php?rest_route=\/wp\/v2\/posts\/21006","targetHints":{"allow":["GET"]}}],"collection":[{"href":"https:\/\/ryttarutbildning.se\/index.php?rest_route=\/wp\/v2\/posts"}],"about":[{"href":"https:\/\/ryttarutbildning.se\/index.php?rest_route=\/wp\/v2\/types\/post"}],"author":[{"embeddable":true,"href":"https:\/\/ryttarutbildning.se\/index.php?rest_route=\/wp\/v2\/users\/1"}],"replies":[{"embeddable":true,"href":"https:\/\/ryttarutbildning.se\/index.php?rest_route=%2Fwp%2Fv2%2Fcomments&post=21006"}],"version-history":[{"count":0,"href":"https:\/\/ryttarutbildning.se\/index.php?rest_route=\/wp\/v2\/posts\/21006\/revisions"}],"wp:attachment":[{"href":"https:\/\/ryttarutbildning.se\/index.php?rest_route=%2Fwp%2Fv2%2Fmedia&parent=21006"}],"wp:term":[{"taxonomy":"category","embeddable":true,"href":"https:\/\/ryttarutbildning.se\/index.php?rest_route=%2Fwp%2Fv2%2Fcategories&post=21006"},{"taxonomy":"post_tag","embeddable":true,"href":"https:\/\/ryttarutbildning.se\/index.php?rest_route=%2Fwp%2Fv2%2Ftags&post=21006"}],"curies":[{"name":"wp","href":"https:\/\/api.w.org\/{rel}","templated":true}]}}