{"id":20990,"date":"2020-04-01T19:00:32","date_gmt":"2020-04-01T17:00:32","guid":{"rendered":"http:\/\/ryttarutbildning.se\/?p=20990"},"modified":"2020-04-01T19:00:33","modified_gmt":"2020-04-01T17:00:33","slug":"blogg-torka","status":"publish","type":"post","link":"https:\/\/ryttarutbildning.se\/?p=20990","title":{"rendered":"Blogg-torka"},"content":{"rendered":"\n<p>Jag har varit r\u00e4tt d\u00e5lig p\u00e5 att blogga senaste tiden, och har f\u00e5tt \u00f6nskem\u00e5l om sk\u00e4rpning. \ud83d\ude09 Jag har inte k\u00e4nt mig s\u00e5 inspirerad faktiskt, av flera sk\u00e4l. Word-press som jag anv\u00e4nder f\u00f6r hemsida och blogg har uppdaterats till det s\u00e4mre &#8211; det \u00e4r konstigt att det alltid g\u00e5r \u00e5t det h\u00e5llet &#8211; vilket har skapat viss irritation hos mig. Jag kan t.ex. inte l\u00e4gga upp flera bilder samtidigt vilket g\u00f6r att det tar mer tid och jag fattar inte po\u00e4ngen med den &#8221;f\u00f6rb\u00e4ttringen&#8221;. Min gamla dator har kraschat s\u00e5 alla foton ligger p\u00e5 den h\u00e5rddisken vilket g\u00f6r att jag ocks\u00e5 har sv\u00e5rt att \u00e5teranv\u00e4nda gamla bilder vid behov. (Jag hoppas jag kan r\u00e4dda dem, bara jag tar tag i det.) Nya bilder vore kanske \u00e4nd\u00e5 p\u00e5 sin plats, men d\u00e5 har minneskortet till kameran ocks\u00e5 g\u00e5tt s\u00f6nder, och endast mobilbilder \u00e4r s\u00e5d\u00e4r kul i l\u00e4ngden. Jag har ju fotograferat r\u00e4tt mycket i perioder, men det \u00e4r sv\u00e5rt utan minneskort (som i och f\u00f6r sig borde vara l\u00e4tt att skaffa&#8230;). St\u00f6rsta anledningen till uteblivna (nya) bilder \u00e4r dock noll inspiration den h\u00e4r &#8221;vintern&#8221;. Vanligtvis har jag sv\u00e5rt att l\u00e5ta bli kameran n\u00e4r det \u00e4r sn\u00f6, frost och kanske sol till och med. Men den h\u00e4r vintern har ju endast bjudit p\u00e5 lera, lera och lera och det \u00e4r inte sp\u00e4nnande alls eller n\u00e5got man vill dokumentera. Det var lite samma sak den d\u00e4r hemska, varma sommaren n\u00e4r allt bara var brunt och fult ute &#8211; det blev inte m\u00e5nga bilder d\u00e5 heller.<\/p>\n\n\n\n<p>Jag har inte heller kvar statistiken p\u00e5 hur m\u00e5nga som l\u00e4ser (borde kanske g\u00e5 att fixa), och egentligen kanske det inte spelar s\u00e5 stor roll, men min k\u00e4nsla \u00e4r ju att jag skriver f\u00f6r bara min egen skull (och kanske mamma l\u00e4ser) och d\u00e5 k\u00e4nns det ju lite bortkastat. (Jag VET att ni \u00e4r flera som l\u00e4ser, men man f\u00e5r liksom mer direkt respons p\u00e5 Instagram t.ex&#8230;)<\/p>\n\n\n\n<p>Ja, det var alla mina urs\u00e4kter. Jag ska dock f\u00f6rs\u00f6ka b\u00e4ttra mig p\u00e5 den h\u00e4r punkten, men jag kanske beh\u00f6ver lite hj\u00e4lp p\u00e5 traven!  Jag skriver ju faktiskt f\u00f6r ER skull, <strong>s\u00e5 kom g\u00e4rna med id\u00e9er om vad ni vill l\u00e4sa om<\/strong>! Jag bidrar g\u00e4rna med n\u00e5gon annan l\u00e4sning \u00e4n nyhetsrapportering om sjukdomsl\u00e4get&#8230; <br><\/p>\n\n\n\n<figure class=\"wp-block-image\"><img loading=\"lazy\" decoding=\"async\" width=\"1024\" height=\"727\" src=\"https:\/\/media.ryttarutbildning.se\/2020\/04\/1923-1024x727.jpg\" alt=\"\" class=\"wp-image-20993\" srcset=\"https:\/\/media.ryttarutbildning.se\/2020\/04\/1923-1024x727.jpg 1024w, https:\/\/media.ryttarutbildning.se\/2020\/04\/1923-300x213.jpg 300w, https:\/\/media.ryttarutbildning.se\/2020\/04\/1923-768x545.jpg 768w, https:\/\/media.ryttarutbildning.se\/2020\/04\/1923-423x300.jpg 423w, https:\/\/media.ryttarutbildning.se\/2020\/04\/1923.jpg 1772w\" sizes=\"auto, (max-width: 1024px) 100vw, 1024px\" \/><\/figure>\n","protected":false},"excerpt":{"rendered":"<p>Jag har varit r\u00e4tt d\u00e5lig p\u00e5 att blogga senaste tiden, och har f\u00e5tt \u00f6nskem\u00e5l om sk\u00e4rpning. \ud83d\ude09 Jag har inte k\u00e4nt mig s\u00e5 inspirerad faktiskt, av flera sk\u00e4l. Word-press som jag anv\u00e4nder f\u00f6r hemsida och blogg har uppdaterats till det s\u00e4mre &#8211; det \u00e4r konstigt att det alltid g\u00e5r \u00e5t det h\u00e5llet &#8211; vilket har [&hellip;]<\/p>\n","protected":false},"author":1,"featured_media":0,"comment_status":"open","ping_status":"open","sticky":false,"template":"","format":"standard","meta":{"_exactmetrics_skip_tracking":false,"_exactmetrics_sitenote_active":false,"_exactmetrics_sitenote_note":"","_exactmetrics_sitenote_category":0,"footnotes":""},"categories":[1],"tags":[],"class_list":["post-20990","post","type-post","status-publish","format-standard","hentry","category-uncategorized"],"_links":{"self":[{"href":"https:\/\/ryttarutbildning.se\/index.php?rest_route=\/wp\/v2\/posts\/20990","targetHints":{"allow":["GET"]}}],"collection":[{"href":"https:\/\/ryttarutbildning.se\/index.php?rest_route=\/wp\/v2\/posts"}],"about":[{"href":"https:\/\/ryttarutbildning.se\/index.php?rest_route=\/wp\/v2\/types\/post"}],"author":[{"embeddable":true,"href":"https:\/\/ryttarutbildning.se\/index.php?rest_route=\/wp\/v2\/users\/1"}],"replies":[{"embeddable":true,"href":"https:\/\/ryttarutbildning.se\/index.php?rest_route=%2Fwp%2Fv2%2Fcomments&post=20990"}],"version-history":[{"count":0,"href":"https:\/\/ryttarutbildning.se\/index.php?rest_route=\/wp\/v2\/posts\/20990\/revisions"}],"wp:attachment":[{"href":"https:\/\/ryttarutbildning.se\/index.php?rest_route=%2Fwp%2Fv2%2Fmedia&parent=20990"}],"wp:term":[{"taxonomy":"category","embeddable":true,"href":"https:\/\/ryttarutbildning.se\/index.php?rest_route=%2Fwp%2Fv2%2Fcategories&post=20990"},{"taxonomy":"post_tag","embeddable":true,"href":"https:\/\/ryttarutbildning.se\/index.php?rest_route=%2Fwp%2Fv2%2Ftags&post=20990"}],"curies":[{"name":"wp","href":"https:\/\/api.w.org\/{rel}","templated":true}]}}