{"id":20946,"date":"2020-03-16T14:07:59","date_gmt":"2020-03-16T12:07:59","guid":{"rendered":"http:\/\/ryttarutbildning.se\/?p=20946"},"modified":"2020-03-16T14:27:50","modified_gmt":"2020-03-16T12:27:50","slug":"ny-vecka-11","status":"publish","type":"post","link":"https:\/\/ryttarutbildning.se\/?p=20946","title":{"rendered":"Ny vecka"},"content":{"rendered":"\n<p>M\u00e5ndag och ny vecka. Jag lever i min lilla bubbla p\u00e5 landet och hade antagligen inte m\u00e4rkt av corona om det inte fanns sociala medier&#8230; Jag k\u00e4nner mig inte orolig f\u00f6r egen del egentligen, men naturligtvis kan jag ocks\u00e5 drabbas ekonomiskt ifall det h\u00e4r blir en l\u00e5ngvarig kris. Och jag tror kanske att det kan bli det i v\u00e4rsta fall. D\u00e4remot k\u00e4nns det sk\u00f6nt att jag erbjuder en tj\u00e4nst d\u00e4r vi till stor del \u00e4r utomhus och det \u00e4r f\u00e5 m\u00e4nniskor inblandade, s\u00e5 inget sk\u00e4l att st\u00e4nga portarna \u00e4n i alla fall. Jag lider dock med de f\u00f6retag som m\u00e5ste avskeda m\u00e4nniskor pga detta, det k\u00e4nns v\u00e4ldigt m\u00e4rkligt.<\/p>\n\n\n\n<p>\u00c4nd\u00e5 hoppas jag att det kan komma n\u00e5got gott ur detta. Vi beh\u00f6ver ta tag i att f\u00e5 Sverige mer sj\u00e4lvf\u00f6rs\u00f6rjande t.ex. Jag vill ju g\u00e4rna tro att detta kan bli en \u00f6gon\u00f6ppnare. Om gr\u00e4nserna st\u00e4nger f\u00f6r inf\u00f6rsel av mat s\u00e5 ligger vi r\u00e4tt illa till, och det g\u00e4ller att planera f\u00f6r framtiden. Jag tror n\u00e4mligen att s\u00e5dana h\u00e4r smittor kan bli vanligare fram\u00f6ver. Och vi kommer beh\u00f6va minska p\u00e5 v\u00e5rt resande. Det h\u00e4r skulle (teoretiskt sett) kunna vara ett f\u00f6rsta steg till den omst\u00e4llning som kr\u00e4vs f\u00f6r hela v\u00e4rlden om vi ska klara klimatkrisen. Jag hoppas att detta \u00e4nd\u00e5 kan leda till ett annat s\u00e4tt att t\u00e4nka kring fr\u00e5gor som vi faktiskt m\u00e5ste ta tag i, \u00e4ven om v\u00e4gen dit \u00e4r tuff. <\/p>\n\n\n\n<p>Jag har \u00e4nnu inte f\u00e5tt n\u00e5gra &#8221;corona-avbokningar&#8221; och hoppas jag slipper det. Ni \u00e4r v\u00e4lkomna som vanligt, men stanna hemma om ni \u00e4r sjuka, s\u00e5klart. Jag utg\u00e5r ifr\u00e5n att alla \u00e4r f\u00f6rsiktiga helt enkelt. <\/p>\n\n\n\n<p>Det \u00e5terst\u00e5r att se hur h\u00e4stbranschen eventuellt drabbas. St\u00f6rre evenemang \u00e4r ju inst\u00e4llda, men jag vet inte hur det blir med mindre t\u00e4vlingar. teoretiskt sett b\u00f6r de ju g\u00e5 att genomf\u00f6ra, men vissa kanske st\u00e4ller in \u00e4nd\u00e5? Ridsportf\u00f6rbundet rekommenderar att man inte har publik och att alla endast f\u00e5r ta med sig en medhj\u00e4lpare och det l\u00e5ter ju som en bra kompromiss. Och s\u00e5 hoppas jag att det inte blir som i Italien, d\u00e4r stallen tydligen \u00e4r st\u00e4ngda nu f\u00f6r h\u00e4starnas \u00e4gare. Stall\u00e4garen blir d\u00e5 tvungen att sk\u00f6ta allt. Men f\u00f6rhoppningsvis ska det inte g\u00e5 s\u00e5 l\u00e5ngt!<\/p>\n\n\n\n<figure class=\"wp-block-image\"><img loading=\"lazy\" decoding=\"async\" width=\"1024\" height=\"681\" src=\"https:\/\/media.ryttarutbildning.se\/2020\/03\/2006-1024x681.jpg\" alt=\"\" class=\"wp-image-20947\" srcset=\"https:\/\/media.ryttarutbildning.se\/2020\/03\/2006-1024x681.jpg 1024w, https:\/\/media.ryttarutbildning.se\/2020\/03\/2006-300x200.jpg 300w, https:\/\/media.ryttarutbildning.se\/2020\/03\/2006-768x511.jpg 768w, https:\/\/media.ryttarutbildning.se\/2020\/03\/2006-451x300.jpg 451w, https:\/\/media.ryttarutbildning.se\/2020\/03\/2006.jpg 1772w\" sizes=\"auto, (max-width: 1024px) 100vw, 1024px\" \/><\/figure>\n\n\n\n<p><em>Foto: Roffe Andersson<\/em><br><\/p>\n","protected":false},"excerpt":{"rendered":"<p>M\u00e5ndag och ny vecka. Jag lever i min lilla bubbla p\u00e5 landet och hade antagligen inte m\u00e4rkt av corona om det inte fanns sociala medier&#8230; Jag k\u00e4nner mig inte orolig f\u00f6r egen del egentligen, men naturligtvis kan jag ocks\u00e5 drabbas ekonomiskt ifall det h\u00e4r blir en l\u00e5ngvarig kris. Och jag tror kanske att det kan [&hellip;]<\/p>\n","protected":false},"author":1,"featured_media":0,"comment_status":"open","ping_status":"open","sticky":false,"template":"","format":"standard","meta":{"_exactmetrics_skip_tracking":false,"_exactmetrics_sitenote_active":false,"_exactmetrics_sitenote_note":"","_exactmetrics_sitenote_category":0,"footnotes":""},"categories":[1],"tags":[],"class_list":["post-20946","post","type-post","status-publish","format-standard","hentry","category-uncategorized"],"_links":{"self":[{"href":"https:\/\/ryttarutbildning.se\/index.php?rest_route=\/wp\/v2\/posts\/20946","targetHints":{"allow":["GET"]}}],"collection":[{"href":"https:\/\/ryttarutbildning.se\/index.php?rest_route=\/wp\/v2\/posts"}],"about":[{"href":"https:\/\/ryttarutbildning.se\/index.php?rest_route=\/wp\/v2\/types\/post"}],"author":[{"embeddable":true,"href":"https:\/\/ryttarutbildning.se\/index.php?rest_route=\/wp\/v2\/users\/1"}],"replies":[{"embeddable":true,"href":"https:\/\/ryttarutbildning.se\/index.php?rest_route=%2Fwp%2Fv2%2Fcomments&post=20946"}],"version-history":[{"count":0,"href":"https:\/\/ryttarutbildning.se\/index.php?rest_route=\/wp\/v2\/posts\/20946\/revisions"}],"wp:attachment":[{"href":"https:\/\/ryttarutbildning.se\/index.php?rest_route=%2Fwp%2Fv2%2Fmedia&parent=20946"}],"wp:term":[{"taxonomy":"category","embeddable":true,"href":"https:\/\/ryttarutbildning.se\/index.php?rest_route=%2Fwp%2Fv2%2Fcategories&post=20946"},{"taxonomy":"post_tag","embeddable":true,"href":"https:\/\/ryttarutbildning.se\/index.php?rest_route=%2Fwp%2Fv2%2Ftags&post=20946"}],"curies":[{"name":"wp","href":"https:\/\/api.w.org\/{rel}","templated":true}]}}