{"id":20895,"date":"2020-03-07T09:22:30","date_gmt":"2020-03-07T07:22:30","guid":{"rendered":"http:\/\/ryttarutbildning.se\/?p=20895"},"modified":"2020-03-07T09:22:30","modified_gmt":"2020-03-07T07:22:30","slug":"besok-fran-norge","status":"publish","type":"post","link":"https:\/\/ryttarutbildning.se\/?p=20895","title":{"rendered":"Bes\u00f6k fr\u00e5n Norge"},"content":{"rendered":"\n<p>Under veckan har jag haft bes\u00f6k av Tone och Trine fr\u00e5n Norge. De hade gjort en privat bokning med fyra ridpass och \u00e4ven ett yogapass. Det \u00e4r s\u00e5 kul att f\u00e5 l\u00e5ngv\u00e4ga kunder, det \u00e4r verkligen ett bra kvitto p\u00e5 verksamheten. De red v\u00e4ldigt fint p\u00e5 Qurre, Don Mistral och Anea. \u00c4r stolt \u00f6ver att h\u00e4starna kan ge s\u00e5 bra ridupplevelser, n\u00e4r man ser det s\u00e5 k\u00e4nns det verkligen v\u00e4rt allt jobb som jag l\u00e4gger ner! <br><br>Tove har skrivit s\u00e5h\u00e4r p\u00e5 Lofotens Ridklubbs hemsida:<br><br><br><em>&#8221;Trine og jeg har akkurat v\u00e6rt hos Suvi R\u00e4s\u00e4nen som driver SR H\u00e4st och Ryttarutbildning og har f\u00e5tt undervisning av henne og p\u00e5 hennes hester som er utdannet opp til middels og Intermediere niv\u00e5 i dressur. Hun samarbeider med Helena Starkenberg som driver\u00a0<\/em><a rel=\"noreferrer noopener\" href=\"https:\/\/ryttarform.com\/?fbclid=IwAR2HY3kYYcSkswX7F4kzv5mD05ewfbFtznA0Wd99Yf_yiZJYPYnAsABoFYI\" target=\"_blank\"><em>https:\/\/ryttarform.com\/<\/em><\/a><em>, s\u00e5 vi fikk ogs\u00e5 ei \u00f8kt yoga som er tilpasset ryttere av en ryttere.<\/em><\/p>\n\n\n\n<p><em>Herlighet &#8211; det har v\u00e6rt s\u00e5 l\u00e6rerikt! Det \u00e5 f\u00e5 lov til \u00e5 ri s\u00e5 korrekt utdannede hester &#8211; som ogs\u00e5 tok imot oss fremmede ryttere med en s\u00e5nn vennlighet og arbeidsglede har v\u00e6rt s\u00e5 stort! Suvi ser hver rytter, og tilpasser ridetimen til den enkeltes niv\u00e5 og \u00f8nsker. Hun f\u00e5r fram det beste i hver rytter fordi hun ogs\u00e5 kjenner hestene s\u00e5 godt, og fordi de er s\u00e5 godt utdannet. Man utvikles som rytter, fordi man b\u00e5de l\u00e6rer av hestene og Suvi. Kombinasjonen med yoga fra rytter og trener Helena er gull for b\u00e5de meg som aldri har trent yoga, og for Trine som har trent en del tidligere.<\/em><\/p>\n\n\n\n<p><em>Nevnte jeg supergod mat og hjemmekoselig overnatting\u00a0&#x1f603;?&#8221;<\/em>Nu har jag och Helena eventuellt en<\/p>\n\n\n\n<p><br>Nu har jag och Helena en inbjudan att h\u00e5lla kurs i Lofoten tillsammans! Vi f\u00e5r v\u00e4l se om det g\u00e5r att l\u00f6sa praktiskt, men det hade varit himla kul om det gick. Det tar ju n\u00e5gra dagar om man ska iv\u00e4g s\u00e5 l\u00e5ngt, men det kan det vara v\u00e4rt tycker jag. (Jag \u00e5ker t\u00e5g i s\u00e5 fall, eftersom jag inte flyger av milj\u00f6sk\u00e4l. Men det g\u00e5r uppenbarligen att l\u00f6sa &#8211; Tove och Trine kom faktiskt med t\u00e5g!). Har alltid velat \u00e5ka till Norge, s\u00e5 hoppas att det kan bli av.<\/p>\n\n\n\n<figure class=\"wp-block-image\"><img loading=\"lazy\" decoding=\"async\" width=\"1024\" height=\"1024\" src=\"https:\/\/media.ryttarutbildning.se\/2020\/03\/IMG_20200305_220250_639-1024x1024.jpg\" alt=\"\" class=\"wp-image-20900\" srcset=\"https:\/\/media.ryttarutbildning.se\/2020\/03\/IMG_20200305_220250_639-1024x1024.jpg 1024w, https:\/\/media.ryttarutbildning.se\/2020\/03\/IMG_20200305_220250_639-150x150.jpg 150w, https:\/\/media.ryttarutbildning.se\/2020\/03\/IMG_20200305_220250_639-300x300.jpg 300w, https:\/\/media.ryttarutbildning.se\/2020\/03\/IMG_20200305_220250_639-768x768.jpg 768w, https:\/\/media.ryttarutbildning.se\/2020\/03\/IMG_20200305_220250_639.jpg 2034w\" sizes=\"auto, (max-width: 1024px) 100vw, 1024px\" \/><\/figure>\n","protected":false},"excerpt":{"rendered":"<p>Under veckan har jag haft bes\u00f6k av Tone och Trine fr\u00e5n Norge. De hade gjort en privat bokning med fyra ridpass och \u00e4ven ett yogapass. Det \u00e4r s\u00e5 kul att f\u00e5 l\u00e5ngv\u00e4ga kunder, det \u00e4r verkligen ett bra kvitto p\u00e5 verksamheten. De red v\u00e4ldigt fint p\u00e5 Qurre, Don Mistral och Anea. \u00c4r stolt \u00f6ver att [&hellip;]<\/p>\n","protected":false},"author":1,"featured_media":0,"comment_status":"open","ping_status":"open","sticky":false,"template":"","format":"standard","meta":{"_exactmetrics_skip_tracking":false,"_exactmetrics_sitenote_active":false,"_exactmetrics_sitenote_note":"","_exactmetrics_sitenote_category":0,"footnotes":""},"categories":[1],"tags":[],"class_list":["post-20895","post","type-post","status-publish","format-standard","hentry","category-uncategorized"],"_links":{"self":[{"href":"https:\/\/ryttarutbildning.se\/index.php?rest_route=\/wp\/v2\/posts\/20895","targetHints":{"allow":["GET"]}}],"collection":[{"href":"https:\/\/ryttarutbildning.se\/index.php?rest_route=\/wp\/v2\/posts"}],"about":[{"href":"https:\/\/ryttarutbildning.se\/index.php?rest_route=\/wp\/v2\/types\/post"}],"author":[{"embeddable":true,"href":"https:\/\/ryttarutbildning.se\/index.php?rest_route=\/wp\/v2\/users\/1"}],"replies":[{"embeddable":true,"href":"https:\/\/ryttarutbildning.se\/index.php?rest_route=%2Fwp%2Fv2%2Fcomments&post=20895"}],"version-history":[{"count":0,"href":"https:\/\/ryttarutbildning.se\/index.php?rest_route=\/wp\/v2\/posts\/20895\/revisions"}],"wp:attachment":[{"href":"https:\/\/ryttarutbildning.se\/index.php?rest_route=%2Fwp%2Fv2%2Fmedia&parent=20895"}],"wp:term":[{"taxonomy":"category","embeddable":true,"href":"https:\/\/ryttarutbildning.se\/index.php?rest_route=%2Fwp%2Fv2%2Fcategories&post=20895"},{"taxonomy":"post_tag","embeddable":true,"href":"https:\/\/ryttarutbildning.se\/index.php?rest_route=%2Fwp%2Fv2%2Ftags&post=20895"}],"curies":[{"name":"wp","href":"https:\/\/api.w.org\/{rel}","templated":true}]}}