{"id":20830,"date":"2020-02-07T15:44:48","date_gmt":"2020-02-07T13:44:48","guid":{"rendered":"http:\/\/ryttarutbildning.se\/?p=20830"},"modified":"2020-02-07T15:45:19","modified_gmt":"2020-02-07T13:45:19","slug":"traning-med-qurre","status":"publish","type":"post","link":"https:\/\/ryttarutbildning.se\/?p=20830","title":{"rendered":"Tr\u00e4ning med Qurre"},"content":{"rendered":"\n<p>Ig\u00e5r var jag och tr\u00e4nade med Qurre hos Nina. Jag har lagt lite extra tid p\u00e5 honom en period, eftersom jag har f\u00f6r avsikt att g\u00f6ra en start till. Dessutom vill jag att han ska bli starkare och b\u00e4ra sig b\u00e4ttre. Jag har jobbat med att han ska &#8221;v\u00e4nta&#8221;, bli mer avsp\u00e4nd och inte &#8221;springa ifr\u00e5n jobbet&#8221; som han g\u00e4rna g\u00f6r. Ig\u00e5r var han lite sp\u00e4nd till en b\u00f6rjan, vilket kanske berodde p\u00e5 ny milj\u00f6, men mot slutet var han riktigt fin. Han \u00e4r hur som helst en stj\u00e4rna att \u00e5ka iv\u00e4g med, hur enkel som helst!<br><br>H\u00e4r \u00e4r ett kort klipp fr\u00e5n ig\u00e5r. Jag skulle vilja rida lite st\u00f6rre galopp, men d\u00e5 tycker jag att han tappar balans, s\u00e5 det f\u00e5r bli ett l\u00e5ngsiktigt m\u00e5l.<\/p>\n\n\n\n<figure class=\"wp-block-embed-youtube wp-block-embed is-type-video is-provider-youtube wp-embed-aspect-4-3 wp-has-aspect-ratio\"><div class=\"wp-block-embed__wrapper\">\n<iframe loading=\"lazy\" title=\"7 februari 2020\" width=\"500\" height=\"375\" src=\"https:\/\/www.youtube.com\/embed\/NinK9wsNN2I?feature=oembed\" frameborder=\"0\" allow=\"accelerometer; autoplay; clipboard-write; encrypted-media; gyroscope; picture-in-picture; web-share\" referrerpolicy=\"strict-origin-when-cross-origin\" allowfullscreen><\/iframe>\n<\/div><\/figure>\n\n\n\n<p><br><br><\/p>\n\n\n\n<p><br><\/p>\n","protected":false},"excerpt":{"rendered":"<p>Ig\u00e5r var jag och tr\u00e4nade med Qurre hos Nina. Jag har lagt lite extra tid p\u00e5 honom en period, eftersom jag har f\u00f6r avsikt att g\u00f6ra en start till. Dessutom vill jag att han ska bli starkare och b\u00e4ra sig b\u00e4ttre. Jag har jobbat med att han ska &#8221;v\u00e4nta&#8221;, bli mer avsp\u00e4nd och inte &#8221;springa [&hellip;]<\/p>\n","protected":false},"author":1,"featured_media":0,"comment_status":"open","ping_status":"open","sticky":false,"template":"","format":"standard","meta":{"_exactmetrics_skip_tracking":false,"_exactmetrics_sitenote_active":false,"_exactmetrics_sitenote_note":"","_exactmetrics_sitenote_category":0,"footnotes":""},"categories":[1],"tags":[],"class_list":["post-20830","post","type-post","status-publish","format-standard","hentry","category-uncategorized"],"_links":{"self":[{"href":"https:\/\/ryttarutbildning.se\/index.php?rest_route=\/wp\/v2\/posts\/20830","targetHints":{"allow":["GET"]}}],"collection":[{"href":"https:\/\/ryttarutbildning.se\/index.php?rest_route=\/wp\/v2\/posts"}],"about":[{"href":"https:\/\/ryttarutbildning.se\/index.php?rest_route=\/wp\/v2\/types\/post"}],"author":[{"embeddable":true,"href":"https:\/\/ryttarutbildning.se\/index.php?rest_route=\/wp\/v2\/users\/1"}],"replies":[{"embeddable":true,"href":"https:\/\/ryttarutbildning.se\/index.php?rest_route=%2Fwp%2Fv2%2Fcomments&post=20830"}],"version-history":[{"count":0,"href":"https:\/\/ryttarutbildning.se\/index.php?rest_route=\/wp\/v2\/posts\/20830\/revisions"}],"wp:attachment":[{"href":"https:\/\/ryttarutbildning.se\/index.php?rest_route=%2Fwp%2Fv2%2Fmedia&parent=20830"}],"wp:term":[{"taxonomy":"category","embeddable":true,"href":"https:\/\/ryttarutbildning.se\/index.php?rest_route=%2Fwp%2Fv2%2Fcategories&post=20830"},{"taxonomy":"post_tag","embeddable":true,"href":"https:\/\/ryttarutbildning.se\/index.php?rest_route=%2Fwp%2Fv2%2Ftags&post=20830"}],"curies":[{"name":"wp","href":"https:\/\/api.w.org\/{rel}","templated":true}]}}