{"id":20689,"date":"2019-12-15T20:44:46","date_gmt":"2019-12-15T18:44:46","guid":{"rendered":"http:\/\/ryttarutbildning.se\/?p=20689"},"modified":"2019-12-15T20:44:47","modified_gmt":"2019-12-15T18:44:47","slug":"fullspackad-helg","status":"publish","type":"post","link":"https:\/\/ryttarutbildning.se\/?p=20689","title":{"rendered":"Fullsp\u00e4ckad helg"},"content":{"rendered":"\n<p>Den h\u00e4r helgen har varit v\u00e4ldigt intensiv. Jag och Helena har haft v\u00e5r elfte (!) kurs ihop med dressyr och yoga. Denna g\u00e5ng red \u00e4ven Helena med, och jag hade bokat fullt redan, s\u00e5 det var fem deltagare och d\u00e4rmed dubbla pass dessutom. En av deltagarna \u00e4r h\u00e4r fr\u00e5n Norge (j\u00e4ttekul!) och hon har bokat extra pass \u00e4ven i torsdags samt p\u00e5 m\u00e5ndag eftersom det \u00e4r l\u00e5ngt att \u00e5ka. Nu hade jag en del hj\u00e4lp i stallet av eleverna tack och lov, annars hade nog det h\u00e4r blivit sv\u00e5rt att f\u00e5 ihop! <br><br>I l\u00f6rdags var det \u00e4ven granhuggning, men det var mest Torbj\u00f6rn som fick h\u00e5lla i den biten. (I det h\u00e4rliga regnv\u00e4dret &#8211; har aldrig varit med om en s\u00e5 lerig december, det \u00e4r hemskt!)<br><br>Kursen avslutade idag med lunch. Efter det hann jag kl\u00e4mma in en kort uteritt med Grodan, och sedan har vi haft en gemensam julfika med alla inackorderingar. Vi har kl\u00e4mt i oss overkligt mycket kakor, bullar och kn\u00e4ck nu&#8230; <br>J\u00e4ttekul att alla kunde komma! <br><br>Nu laddar vi f\u00f6r terminens sista vecka och sedan en aning lugnare runt jul och ny\u00e5r (hoppas jag). Om du \u00e4r sugen p\u00e5 uteritt 24-26 dec g\u00e5r det bra att h\u00f6ra av sig! <\/p>\n\n\n\n<figure class=\"wp-block-image\"><img loading=\"lazy\" decoding=\"async\" width=\"720\" height=\"429\" src=\"https:\/\/media.ryttarutbildning.se\/2019\/12\/FB_IMG_1576434175432.jpg\" alt=\"\" class=\"wp-image-20690\" srcset=\"https:\/\/media.ryttarutbildning.se\/2019\/12\/FB_IMG_1576434175432.jpg 720w, https:\/\/media.ryttarutbildning.se\/2019\/12\/FB_IMG_1576434175432-300x179.jpg 300w, https:\/\/media.ryttarutbildning.se\/2019\/12\/FB_IMG_1576434175432-500x298.jpg 500w\" sizes=\"auto, (max-width: 720px) 100vw, 720px\" \/><\/figure>\n\n\n\n<p><br><br><\/p>\n","protected":false},"excerpt":{"rendered":"<p>Den h\u00e4r helgen har varit v\u00e4ldigt intensiv. Jag och Helena har haft v\u00e5r elfte (!) kurs ihop med dressyr och yoga. Denna g\u00e5ng red \u00e4ven Helena med, och jag hade bokat fullt redan, s\u00e5 det var fem deltagare och d\u00e4rmed dubbla pass dessutom. En av deltagarna \u00e4r h\u00e4r fr\u00e5n Norge (j\u00e4ttekul!) och hon har bokat [&hellip;]<\/p>\n","protected":false},"author":1,"featured_media":0,"comment_status":"open","ping_status":"open","sticky":false,"template":"","format":"standard","meta":{"_exactmetrics_skip_tracking":false,"_exactmetrics_sitenote_active":false,"_exactmetrics_sitenote_note":"","_exactmetrics_sitenote_category":0,"footnotes":""},"categories":[1],"tags":[],"class_list":["post-20689","post","type-post","status-publish","format-standard","hentry","category-uncategorized"],"_links":{"self":[{"href":"https:\/\/ryttarutbildning.se\/index.php?rest_route=\/wp\/v2\/posts\/20689","targetHints":{"allow":["GET"]}}],"collection":[{"href":"https:\/\/ryttarutbildning.se\/index.php?rest_route=\/wp\/v2\/posts"}],"about":[{"href":"https:\/\/ryttarutbildning.se\/index.php?rest_route=\/wp\/v2\/types\/post"}],"author":[{"embeddable":true,"href":"https:\/\/ryttarutbildning.se\/index.php?rest_route=\/wp\/v2\/users\/1"}],"replies":[{"embeddable":true,"href":"https:\/\/ryttarutbildning.se\/index.php?rest_route=%2Fwp%2Fv2%2Fcomments&post=20689"}],"version-history":[{"count":0,"href":"https:\/\/ryttarutbildning.se\/index.php?rest_route=\/wp\/v2\/posts\/20689\/revisions"}],"wp:attachment":[{"href":"https:\/\/ryttarutbildning.se\/index.php?rest_route=%2Fwp%2Fv2%2Fmedia&parent=20689"}],"wp:term":[{"taxonomy":"category","embeddable":true,"href":"https:\/\/ryttarutbildning.se\/index.php?rest_route=%2Fwp%2Fv2%2Fcategories&post=20689"},{"taxonomy":"post_tag","embeddable":true,"href":"https:\/\/ryttarutbildning.se\/index.php?rest_route=%2Fwp%2Fv2%2Ftags&post=20689"}],"curies":[{"name":"wp","href":"https:\/\/api.w.org\/{rel}","templated":true}]}}