{"id":20410,"date":"2019-09-23T08:42:22","date_gmt":"2019-09-23T06:42:22","guid":{"rendered":"http:\/\/ryttarutbildning.se\/?p=20410"},"modified":"2019-09-23T09:21:45","modified_gmt":"2019-09-23T07:21:45","slug":"helgen-71","status":"publish","type":"post","link":"https:\/\/ryttarutbildning.se\/?p=20410","title":{"rendered":"Helgen"},"content":{"rendered":"\n<p>&#8230;m\u00e5ndag igen. Veckorna g\u00e5r s\u00e5 sjukt fort! I fredags hade jag en eftermiddagskurs, s\u00e5 att jag i helgen kunde fokusera p\u00e5 annat \u00e4n kurser. Har haft n\u00e5gra privatlektioner under helgen, men ingen &#8221;riktig&#8221; kurs.<br>Tanken var att t\u00e4vla p\u00e5 s\u00f6ndagen, men nu blev jag tvungen att \u00e5ka tillbaka med fuxen till J\u00f6nk\u00f6ping, vilket tog n\u00e4stan hela dagen. Torbj\u00f6rn var s\u00e5 himla sn\u00e4ll och f\u00f6ljde med och k\u00f6rde en stor del av v\u00e4gen. S\u00e5 himla tr\u00e5kigt att beh\u00f6va l\u00e4mna tillbaka den h\u00e4sten, som jag tyckte var b\u00e5de trevlig i s\u00e4ttet och rolig att rida, men det \u00e4r bara att sl\u00e4ppa det. <\/p>\n\n\n\n<p>I l\u00f6rdags provade jag n\u00e5got helt nytt, n\u00e4mligen att d\u00f6ma f\u00e4ltt\u00e4vlansdressyr. Niv\u00e5n var betydligt h\u00f6gre \u00e4n v\u00e4ntat, riktigt roligt! Det var flera fina och trevliga h\u00e4star och prydliga ritter, vilket var j\u00e4ttekul. Vilket arrangemang att styra upp dessutom! Hoppning och dressyr p\u00e5 l\u00f6rdagen och terr\u00e4ng p\u00e5 s\u00f6ndagen, b\u00e5de h\u00e4st och ponny. Dressyren reds p\u00e5 tre banor samtidigt, och jag d\u00f6mde tv\u00e5 h\u00e4stklasser med ca 20 i varje, s\u00e5 det b\u00f6r ha varit runt 60 starter p\u00e5 h\u00e4st och lika mycket p\u00e5 ponny p\u00e5 eftermiddagen?<\/p>\n\n\n\n<p>Dressyren rids p\u00e5 gr\u00e4s (tur med v\u00e4dret i helgen) och det \u00e4r s\u00e4rskilda program. Jag skulle s\u00e4ga att de h\u00e4r programmen l\u00e5g p\u00e5 LB-niv\u00e5, det ena med en enkel sk\u00e4nkelvikning ocks\u00e5. Det var trevliga program med m\u00f6jlighet att rida l\u00e4tt i vissa delar. Jag har en hel del \u00e5sikter om hur v\u00e5ra dressyrprogram \u00e4r uppbyggda kan jag s\u00e4ga, men det kan vi ta i ett annat inl\u00e4gg. Sammanfattningsvis skulle jag vilja se fler program som liknar dessa, som \u00e4r lite mer f\u00f6rl\u00e5tande och underl\u00e4ttar f\u00f6r h\u00e4st och ryttare, ist\u00e4llet f\u00f6r tv\u00e4rtom, som jag tycker att det kan vara ibland. Hur som helst var det j\u00e4tteroligt att f\u00e5 en inblick i f\u00e4ltt\u00e4vlan! Dessutom sprang jag p\u00e5 en gammal klasskompis fr\u00e5n mellan &#8211; och h\u00f6gstadiet (eller faktiskt min b\u00e4sta kompis p\u00e5 den tiden), vilket var m\u00e4rkligt med tanke p\u00e5 hur m\u00e5nga som befann sig p\u00e5 t\u00e4vlingsplatsen! Hon var d\u00e4r med sin h\u00e4st men det var inte jag som d\u00f6mde henne s\u00e5 hann inte se hennes ritt tyv\u00e4rr.<\/p>\n\n\n\n<p>Nu ska jag ta itu med mina m\u00e5ndagssysslor, vilket brukar inneb\u00e4ra att komma ifatt med mail och s\u00e5dant s\u00e5 att jag har lite \u00f6verblick inf\u00f6r den nya veckan.  Efter lunch blir det ridning och s\u00e5 lektioner ikv\u00e4ll som vanligt. Hoppas ni f\u00e5r en bra start p\u00e5 veckan!<\/p>\n\n\n\n<figure class=\"wp-block-image\"><img loading=\"lazy\" decoding=\"async\" width=\"813\" height=\"813\" src=\"https:\/\/media.ryttarutbildning.se\/2019\/09\/IMG_20190921_194522_280.jpg\" alt=\"\" class=\"wp-image-20411\" srcset=\"https:\/\/media.ryttarutbildning.se\/2019\/09\/IMG_20190921_194522_280.jpg 813w, https:\/\/media.ryttarutbildning.se\/2019\/09\/IMG_20190921_194522_280-150x150.jpg 150w, https:\/\/media.ryttarutbildning.se\/2019\/09\/IMG_20190921_194522_280-300x300.jpg 300w, https:\/\/media.ryttarutbildning.se\/2019\/09\/IMG_20190921_194522_280-768x768.jpg 768w\" sizes=\"auto, (max-width: 813px) 100vw, 813px\" \/><\/figure>\n\n\n\n<p><em>Ellinor har varit och t\u00e4vlat med Zalmiac i helgen ocks\u00e5, en LA3 d\u00e4r de kom 2:a p\u00e5 66,14%. Bra jobbat! S\u00e5 kul n\u00e4r tr\u00e4ningen ger resultat. \ud83d\ude42<\/em><\/p>\n","protected":false},"excerpt":{"rendered":"<p>&#8230;m\u00e5ndag igen. Veckorna g\u00e5r s\u00e5 sjukt fort! I fredags hade jag en eftermiddagskurs, s\u00e5 att jag i helgen kunde fokusera p\u00e5 annat \u00e4n kurser. Har haft n\u00e5gra privatlektioner under helgen, men ingen &#8221;riktig&#8221; kurs.Tanken var att t\u00e4vla p\u00e5 s\u00f6ndagen, men nu blev jag tvungen att \u00e5ka tillbaka med fuxen till J\u00f6nk\u00f6ping, vilket tog n\u00e4stan hela [&hellip;]<\/p>\n","protected":false},"author":1,"featured_media":0,"comment_status":"open","ping_status":"open","sticky":false,"template":"","format":"standard","meta":{"_exactmetrics_skip_tracking":false,"_exactmetrics_sitenote_active":false,"_exactmetrics_sitenote_note":"","_exactmetrics_sitenote_category":0,"footnotes":""},"categories":[1],"tags":[],"class_list":["post-20410","post","type-post","status-publish","format-standard","hentry","category-uncategorized"],"_links":{"self":[{"href":"https:\/\/ryttarutbildning.se\/index.php?rest_route=\/wp\/v2\/posts\/20410","targetHints":{"allow":["GET"]}}],"collection":[{"href":"https:\/\/ryttarutbildning.se\/index.php?rest_route=\/wp\/v2\/posts"}],"about":[{"href":"https:\/\/ryttarutbildning.se\/index.php?rest_route=\/wp\/v2\/types\/post"}],"author":[{"embeddable":true,"href":"https:\/\/ryttarutbildning.se\/index.php?rest_route=\/wp\/v2\/users\/1"}],"replies":[{"embeddable":true,"href":"https:\/\/ryttarutbildning.se\/index.php?rest_route=%2Fwp%2Fv2%2Fcomments&post=20410"}],"version-history":[{"count":0,"href":"https:\/\/ryttarutbildning.se\/index.php?rest_route=\/wp\/v2\/posts\/20410\/revisions"}],"wp:attachment":[{"href":"https:\/\/ryttarutbildning.se\/index.php?rest_route=%2Fwp%2Fv2%2Fmedia&parent=20410"}],"wp:term":[{"taxonomy":"category","embeddable":true,"href":"https:\/\/ryttarutbildning.se\/index.php?rest_route=%2Fwp%2Fv2%2Fcategories&post=20410"},{"taxonomy":"post_tag","embeddable":true,"href":"https:\/\/ryttarutbildning.se\/index.php?rest_route=%2Fwp%2Fv2%2Ftags&post=20410"}],"curies":[{"name":"wp","href":"https:\/\/api.w.org\/{rel}","templated":true}]}}