{"id":20117,"date":"2019-07-28T17:15:01","date_gmt":"2019-07-28T15:15:01","guid":{"rendered":"http:\/\/ryttarutbildning.se\/?p=20117"},"modified":"2019-07-28T17:15:01","modified_gmt":"2019-07-28T15:15:01","slug":"helgens-kurs-9","status":"publish","type":"post","link":"https:\/\/ryttarutbildning.se\/?p=20117","title":{"rendered":"Helgens kurs"},"content":{"rendered":"<p>Sommarkurserna avl\u00f6ser varandra (men jag f\u00f6rs\u00f6ker \u00e5ka iv\u00e4g och bada och tr\u00e4ffa v\u00e4nner ocks\u00e5 i de sm\u00e5 luckorna). Den h\u00e4r helgen var det dags f\u00f6r \u00e4nnu en kurs med yoga och dressyr med fokus p\u00e5 sits och inverkan. Dessa kurser \u00e4r v\u00e4ldigt uppskattade och vi planerar en till under h\u00f6sten (den i oktober \u00e4r redan fullbokad) &#8211; h\u00e5ll utkik!<\/p>\n<p>Det var en r\u00e4tt varm helg men det har varit lite bl\u00e5sigt s\u00e5 det har \u00e4nd\u00e5 fungerat bra! Yogan har vi haft utomhus till ljudet av vinden i tr\u00e4den, syrsorna och svalorna &#8211; vilket ger en extra dimension!\u00a0<a href=\"https:\/\/media.ryttarutbildning.se\/2019\/07\/IMG_5660.jpg\"><img loading=\"lazy\" decoding=\"async\" class=\"aligncenter size-full wp-image-20121\" src=\"https:\/\/media.ryttarutbildning.se\/2019\/07\/IMG_5660.jpg\" alt=\"\" width=\"2352\" height=\"1568\" srcset=\"https:\/\/media.ryttarutbildning.se\/2019\/07\/IMG_5660.jpg 2352w, https:\/\/media.ryttarutbildning.se\/2019\/07\/IMG_5660-300x200.jpg 300w, https:\/\/media.ryttarutbildning.se\/2019\/07\/IMG_5660-768x512.jpg 768w, https:\/\/media.ryttarutbildning.se\/2019\/07\/IMG_5660-1024x683.jpg 1024w, https:\/\/media.ryttarutbildning.se\/2019\/07\/IMG_5660-450x300.jpg 450w\" sizes=\"auto, (max-width: 2352px) 100vw, 2352px\" \/><\/a> <a href=\"https:\/\/media.ryttarutbildning.se\/2019\/07\/IMG_5687.jpg\"><img loading=\"lazy\" decoding=\"async\" class=\"aligncenter size-full wp-image-20125\" src=\"https:\/\/media.ryttarutbildning.se\/2019\/07\/IMG_5687.jpg\" alt=\"\" width=\"2352\" height=\"1568\" srcset=\"https:\/\/media.ryttarutbildning.se\/2019\/07\/IMG_5687.jpg 2352w, https:\/\/media.ryttarutbildning.se\/2019\/07\/IMG_5687-300x200.jpg 300w, https:\/\/media.ryttarutbildning.se\/2019\/07\/IMG_5687-768x512.jpg 768w, https:\/\/media.ryttarutbildning.se\/2019\/07\/IMG_5687-1024x683.jpg 1024w, https:\/\/media.ryttarutbildning.se\/2019\/07\/IMG_5687-450x300.jpg 450w\" sizes=\"auto, (max-width: 2352px) 100vw, 2352px\" \/><\/a><em>Caribo och Sofia<br \/>\n<a href=\"https:\/\/media.ryttarutbildning.se\/2019\/07\/IMG_5672.jpg\"><img loading=\"lazy\" decoding=\"async\" class=\"aligncenter size-full wp-image-20123\" src=\"https:\/\/media.ryttarutbildning.se\/2019\/07\/IMG_5672.jpg\" alt=\"\" width=\"2352\" height=\"1568\" srcset=\"https:\/\/media.ryttarutbildning.se\/2019\/07\/IMG_5672.jpg 2352w, https:\/\/media.ryttarutbildning.se\/2019\/07\/IMG_5672-300x200.jpg 300w, https:\/\/media.ryttarutbildning.se\/2019\/07\/IMG_5672-768x512.jpg 768w, https:\/\/media.ryttarutbildning.se\/2019\/07\/IMG_5672-1024x683.jpg 1024w, https:\/\/media.ryttarutbildning.se\/2019\/07\/IMG_5672-450x300.jpg 450w\" sizes=\"auto, (max-width: 2352px) 100vw, 2352px\" \/><\/a> <a href=\"https:\/\/media.ryttarutbildning.se\/2019\/07\/IMG_5704.jpg\"><img loading=\"lazy\" decoding=\"async\" class=\"aligncenter size-full wp-image-20126\" src=\"https:\/\/media.ryttarutbildning.se\/2019\/07\/IMG_5704.jpg\" alt=\"\" width=\"2352\" height=\"1568\" srcset=\"https:\/\/media.ryttarutbildning.se\/2019\/07\/IMG_5704.jpg 2352w, https:\/\/media.ryttarutbildning.se\/2019\/07\/IMG_5704-300x200.jpg 300w, https:\/\/media.ryttarutbildning.se\/2019\/07\/IMG_5704-768x512.jpg 768w, https:\/\/media.ryttarutbildning.se\/2019\/07\/IMG_5704-1024x683.jpg 1024w, https:\/\/media.ryttarutbildning.se\/2019\/07\/IMG_5704-450x300.jpg 450w\" sizes=\"auto, (max-width: 2352px) 100vw, 2352px\" \/><\/a>Qurre och Marika<br \/>\n<a href=\"https:\/\/media.ryttarutbildning.se\/2019\/07\/IMG_5642.jpg\"><img loading=\"lazy\" decoding=\"async\" class=\"aligncenter size-full wp-image-20120\" src=\"https:\/\/media.ryttarutbildning.se\/2019\/07\/IMG_5642.jpg\" alt=\"\" width=\"2352\" height=\"1568\" srcset=\"https:\/\/media.ryttarutbildning.se\/2019\/07\/IMG_5642.jpg 2352w, https:\/\/media.ryttarutbildning.se\/2019\/07\/IMG_5642-300x200.jpg 300w, https:\/\/media.ryttarutbildning.se\/2019\/07\/IMG_5642-768x512.jpg 768w, https:\/\/media.ryttarutbildning.se\/2019\/07\/IMG_5642-1024x683.jpg 1024w, https:\/\/media.ryttarutbildning.se\/2019\/07\/IMG_5642-450x300.jpg 450w\" sizes=\"auto, (max-width: 2352px) 100vw, 2352px\" \/><\/a> <a href=\"https:\/\/media.ryttarutbildning.se\/2019\/07\/IMG_5665.jpg\"><img loading=\"lazy\" decoding=\"async\" class=\"aligncenter size-full wp-image-20122\" src=\"https:\/\/media.ryttarutbildning.se\/2019\/07\/IMG_5665.jpg\" alt=\"\" width=\"2352\" height=\"1568\" srcset=\"https:\/\/media.ryttarutbildning.se\/2019\/07\/IMG_5665.jpg 2352w, https:\/\/media.ryttarutbildning.se\/2019\/07\/IMG_5665-300x200.jpg 300w, https:\/\/media.ryttarutbildning.se\/2019\/07\/IMG_5665-768x512.jpg 768w, https:\/\/media.ryttarutbildning.se\/2019\/07\/IMG_5665-1024x683.jpg 1024w, https:\/\/media.ryttarutbildning.se\/2019\/07\/IMG_5665-450x300.jpg 450w\" sizes=\"auto, (max-width: 2352px) 100vw, 2352px\" \/><\/a><\/em><i>Jag l\u00e5nade Zalmiac i helgen och det var Annika som fick \u00e4ran att rida honom.<br \/>\n<a href=\"https:\/\/media.ryttarutbildning.se\/2019\/07\/IMG_5618.jpg\"><img loading=\"lazy\" decoding=\"async\" class=\"aligncenter size-full wp-image-20118\" src=\"https:\/\/media.ryttarutbildning.se\/2019\/07\/IMG_5618.jpg\" alt=\"\" width=\"2352\" height=\"1568\" srcset=\"https:\/\/media.ryttarutbildning.se\/2019\/07\/IMG_5618.jpg 2352w, https:\/\/media.ryttarutbildning.se\/2019\/07\/IMG_5618-300x200.jpg 300w, https:\/\/media.ryttarutbildning.se\/2019\/07\/IMG_5618-768x512.jpg 768w, https:\/\/media.ryttarutbildning.se\/2019\/07\/IMG_5618-1024x683.jpg 1024w, https:\/\/media.ryttarutbildning.se\/2019\/07\/IMG_5618-450x300.jpg 450w\" sizes=\"auto, (max-width: 2352px) 100vw, 2352px\" \/><\/a><a href=\"https:\/\/media.ryttarutbildning.se\/2019\/07\/IMG_5675.jpg\"><img loading=\"lazy\" decoding=\"async\" class=\"aligncenter size-full wp-image-20124\" src=\"https:\/\/media.ryttarutbildning.se\/2019\/07\/IMG_5675.jpg\" alt=\"\" width=\"2352\" height=\"1568\" srcset=\"https:\/\/media.ryttarutbildning.se\/2019\/07\/IMG_5675.jpg 2352w, https:\/\/media.ryttarutbildning.se\/2019\/07\/IMG_5675-300x200.jpg 300w, https:\/\/media.ryttarutbildning.se\/2019\/07\/IMG_5675-768x512.jpg 768w, https:\/\/media.ryttarutbildning.se\/2019\/07\/IMG_5675-1024x683.jpg 1024w, https:\/\/media.ryttarutbildning.se\/2019\/07\/IMG_5675-450x300.jpg 450w\" sizes=\"auto, (max-width: 2352px) 100vw, 2352px\" \/><\/a>Marie kom med egen h\u00e4st<br \/>\n<a href=\"https:\/\/media.ryttarutbildning.se\/2019\/07\/IMG_5726.jpg\"><img loading=\"lazy\" decoding=\"async\" class=\"aligncenter size-full wp-image-20127\" src=\"https:\/\/media.ryttarutbildning.se\/2019\/07\/IMG_5726.jpg\" alt=\"\" width=\"2352\" height=\"1568\" srcset=\"https:\/\/media.ryttarutbildning.se\/2019\/07\/IMG_5726.jpg 2352w, https:\/\/media.ryttarutbildning.se\/2019\/07\/IMG_5726-300x200.jpg 300w, https:\/\/media.ryttarutbildning.se\/2019\/07\/IMG_5726-768x512.jpg 768w, https:\/\/media.ryttarutbildning.se\/2019\/07\/IMG_5726-1024x683.jpg 1024w, https:\/\/media.ryttarutbildning.se\/2019\/07\/IMG_5726-450x300.jpg 450w\" sizes=\"auto, (max-width: 2352px) 100vw, 2352px\" \/><\/a>En h\u00e4rlig sommarkv\u00e4ll!<br \/>\n<a href=\"https:\/\/media.ryttarutbildning.se\/2019\/07\/IMG_5937.jpg\"><img loading=\"lazy\" decoding=\"async\" class=\"aligncenter size-full wp-image-20130\" src=\"https:\/\/media.ryttarutbildning.se\/2019\/07\/IMG_5937.jpg\" alt=\"\" width=\"2352\" height=\"1568\" srcset=\"https:\/\/media.ryttarutbildning.se\/2019\/07\/IMG_5937.jpg 2352w, https:\/\/media.ryttarutbildning.se\/2019\/07\/IMG_5937-300x200.jpg 300w, https:\/\/media.ryttarutbildning.se\/2019\/07\/IMG_5937-768x512.jpg 768w, https:\/\/media.ryttarutbildning.se\/2019\/07\/IMG_5937-1024x683.jpg 1024w, https:\/\/media.ryttarutbildning.se\/2019\/07\/IMG_5937-450x300.jpg 450w\" sizes=\"auto, (max-width: 2352px) 100vw, 2352px\" \/><\/a><a href=\"https:\/\/media.ryttarutbildning.se\/2019\/07\/IMG_5873.jpg\"><img loading=\"lazy\" decoding=\"async\" class=\"aligncenter size-full wp-image-20128\" src=\"https:\/\/media.ryttarutbildning.se\/2019\/07\/IMG_5873.jpg\" alt=\"\" width=\"2352\" height=\"1568\" srcset=\"https:\/\/media.ryttarutbildning.se\/2019\/07\/IMG_5873.jpg 2352w, https:\/\/media.ryttarutbildning.se\/2019\/07\/IMG_5873-300x200.jpg 300w, https:\/\/media.ryttarutbildning.se\/2019\/07\/IMG_5873-768x512.jpg 768w, https:\/\/media.ryttarutbildning.se\/2019\/07\/IMG_5873-1024x683.jpg 1024w, https:\/\/media.ryttarutbildning.se\/2019\/07\/IMG_5873-450x300.jpg 450w\" sizes=\"auto, (max-width: 2352px) 100vw, 2352px\" \/><\/a><a href=\"https:\/\/media.ryttarutbildning.se\/2019\/07\/IMG_6010.jpg\"><img loading=\"lazy\" decoding=\"async\" class=\"aligncenter size-full wp-image-20132\" src=\"https:\/\/media.ryttarutbildning.se\/2019\/07\/IMG_6010.jpg\" alt=\"\" width=\"2352\" height=\"1568\" srcset=\"https:\/\/media.ryttarutbildning.se\/2019\/07\/IMG_6010.jpg 2352w, https:\/\/media.ryttarutbildning.se\/2019\/07\/IMG_6010-300x200.jpg 300w, https:\/\/media.ryttarutbildning.se\/2019\/07\/IMG_6010-768x512.jpg 768w, https:\/\/media.ryttarutbildning.se\/2019\/07\/IMG_6010-1024x683.jpg 1024w, https:\/\/media.ryttarutbildning.se\/2019\/07\/IMG_6010-450x300.jpg 450w\" sizes=\"auto, (max-width: 2352px) 100vw, 2352px\" \/><\/a>Sitstr\u00e4ning p\u00e5 lina p\u00e5 l\u00f6rdagen.<br \/>\n<a href=\"https:\/\/media.ryttarutbildning.se\/2019\/07\/IMG_6177.jpg\"><img loading=\"lazy\" decoding=\"async\" class=\"aligncenter size-full wp-image-20134\" src=\"https:\/\/media.ryttarutbildning.se\/2019\/07\/IMG_6177.jpg\" alt=\"\" width=\"2352\" height=\"1568\" srcset=\"https:\/\/media.ryttarutbildning.se\/2019\/07\/IMG_6177.jpg 2352w, https:\/\/media.ryttarutbildning.se\/2019\/07\/IMG_6177-300x200.jpg 300w, https:\/\/media.ryttarutbildning.se\/2019\/07\/IMG_6177-768x512.jpg 768w, https:\/\/media.ryttarutbildning.se\/2019\/07\/IMG_6177-1024x683.jpg 1024w, https:\/\/media.ryttarutbildning.se\/2019\/07\/IMG_6177-450x300.jpg 450w\" sizes=\"auto, (max-width: 2352px) 100vw, 2352px\" \/><\/a>Anea och Grodan. Anea har g\u00e5tt tv\u00e5 privatlektioner i helgen och det syns knappt att hon har vilat. Utom p\u00e5 kroppsformen kanske&#8230;<br \/>\n<a href=\"https:\/\/media.ryttarutbildning.se\/2019\/07\/IMG_6600.jpg\"><img loading=\"lazy\" decoding=\"async\" class=\"aligncenter size-full wp-image-20136\" src=\"https:\/\/media.ryttarutbildning.se\/2019\/07\/IMG_6600.jpg\" alt=\"\" width=\"2352\" height=\"1568\" srcset=\"https:\/\/media.ryttarutbildning.se\/2019\/07\/IMG_6600.jpg 2352w, https:\/\/media.ryttarutbildning.se\/2019\/07\/IMG_6600-300x200.jpg 300w, https:\/\/media.ryttarutbildning.se\/2019\/07\/IMG_6600-768x512.jpg 768w, https:\/\/media.ryttarutbildning.se\/2019\/07\/IMG_6600-1024x683.jpg 1024w, https:\/\/media.ryttarutbildning.se\/2019\/07\/IMG_6600-450x300.jpg 450w\" sizes=\"auto, (max-width: 2352px) 100vw, 2352px\" \/><\/a>Jag hann kl\u00e4mma in ett ridpass p\u00e5 Grodan ocks\u00e5.<br \/>\n<a href=\"https:\/\/media.ryttarutbildning.se\/2019\/07\/IMG_6712.jpg\"><img loading=\"lazy\" decoding=\"async\" class=\"aligncenter size-full wp-image-20137\" src=\"https:\/\/media.ryttarutbildning.se\/2019\/07\/IMG_6712.jpg\" alt=\"\" width=\"2352\" height=\"1568\" srcset=\"https:\/\/media.ryttarutbildning.se\/2019\/07\/IMG_6712.jpg 2352w, https:\/\/media.ryttarutbildning.se\/2019\/07\/IMG_6712-300x200.jpg 300w, https:\/\/media.ryttarutbildning.se\/2019\/07\/IMG_6712-768x512.jpg 768w, https:\/\/media.ryttarutbildning.se\/2019\/07\/IMG_6712-1024x683.jpg 1024w, https:\/\/media.ryttarutbildning.se\/2019\/07\/IMG_6712-450x300.jpg 450w\" sizes=\"auto, (max-width: 2352px) 100vw, 2352px\" \/><\/a>Middag i kv\u00e4llssolen<br \/>\n<a href=\"https:\/\/media.ryttarutbildning.se\/2019\/07\/IMG_6716.jpg\"><img loading=\"lazy\" decoding=\"async\" class=\"aligncenter size-full wp-image-20138\" src=\"https:\/\/media.ryttarutbildning.se\/2019\/07\/IMG_6716.jpg\" alt=\"\" width=\"2352\" height=\"1568\" srcset=\"https:\/\/media.ryttarutbildning.se\/2019\/07\/IMG_6716.jpg 2352w, https:\/\/media.ryttarutbildning.se\/2019\/07\/IMG_6716-300x200.jpg 300w, https:\/\/media.ryttarutbildning.se\/2019\/07\/IMG_6716-768x512.jpg 768w, https:\/\/media.ryttarutbildning.se\/2019\/07\/IMG_6716-1024x683.jpg 1024w, https:\/\/media.ryttarutbildning.se\/2019\/07\/IMG_6716-450x300.jpg 450w\" sizes=\"auto, (max-width: 2352px) 100vw, 2352px\" \/><\/a>Sommarens enklaste och godaste efterr\u00e4tt. Jordgubbarna \u00e4r sjukt goda just nu!<br \/>\n<a href=\"https:\/\/media.ryttarutbildning.se\/2019\/07\/IMG_6718-e1564326387117.jpg\"><img loading=\"lazy\" decoding=\"async\" class=\"aligncenter size-full wp-image-20139\" src=\"https:\/\/media.ryttarutbildning.se\/2019\/07\/IMG_6718-e1564326387117.jpg\" alt=\"\" width=\"1568\" height=\"2352\" srcset=\"https:\/\/media.ryttarutbildning.se\/2019\/07\/IMG_6718-e1564326387117.jpg 1568w, https:\/\/media.ryttarutbildning.se\/2019\/07\/IMG_6718-e1564326387117-200x300.jpg 200w, https:\/\/media.ryttarutbildning.se\/2019\/07\/IMG_6718-e1564326387117-768x1152.jpg 768w, https:\/\/media.ryttarutbildning.se\/2019\/07\/IMG_6718-e1564326387117-683x1024.jpg 683w\" sizes=\"auto, (max-width: 1568px) 100vw, 1568px\" \/><\/a>Det m\u00e4rks dock att det b\u00f6rjar bli m\u00f6rkare lite tidigare nu&#8230;<\/p>\n<p><\/i><strong>Tack alla inblandade f\u00f6r en trevlig helg! N\u00e4sta tillf\u00e4lle att haka p\u00e5 \u00e4r en endagskurs den 19 oktober. Den vi lade upp i augusti blev full s\u00e5 snabbt s\u00e5 vi har lagt till ytterligare att datum. Mer info p\u00e5 hemsidan under kurs-fliken!<\/strong><br \/>\n<i><br \/>\n<\/i><\/p>\n","protected":false},"excerpt":{"rendered":"<p>Sommarkurserna avl\u00f6ser varandra (men jag f\u00f6rs\u00f6ker \u00e5ka iv\u00e4g och bada och tr\u00e4ffa v\u00e4nner ocks\u00e5 i de sm\u00e5 luckorna). Den h\u00e4r helgen var det dags f\u00f6r \u00e4nnu en kurs med yoga och dressyr med fokus p\u00e5 sits och inverkan. Dessa kurser \u00e4r v\u00e4ldigt uppskattade och vi planerar en till under h\u00f6sten (den i oktober \u00e4r redan [&hellip;]<\/p>\n","protected":false},"author":1,"featured_media":0,"comment_status":"open","ping_status":"open","sticky":false,"template":"","format":"standard","meta":{"_exactmetrics_skip_tracking":false,"_exactmetrics_sitenote_active":false,"_exactmetrics_sitenote_note":"","_exactmetrics_sitenote_category":0,"footnotes":""},"categories":[18,8],"tags":[],"class_list":["post-20117","post","type-post","status-publish","format-standard","hentry","category-min-dag","category-privat-ovrigt"],"_links":{"self":[{"href":"https:\/\/ryttarutbildning.se\/index.php?rest_route=\/wp\/v2\/posts\/20117","targetHints":{"allow":["GET"]}}],"collection":[{"href":"https:\/\/ryttarutbildning.se\/index.php?rest_route=\/wp\/v2\/posts"}],"about":[{"href":"https:\/\/ryttarutbildning.se\/index.php?rest_route=\/wp\/v2\/types\/post"}],"author":[{"embeddable":true,"href":"https:\/\/ryttarutbildning.se\/index.php?rest_route=\/wp\/v2\/users\/1"}],"replies":[{"embeddable":true,"href":"https:\/\/ryttarutbildning.se\/index.php?rest_route=%2Fwp%2Fv2%2Fcomments&post=20117"}],"version-history":[{"count":0,"href":"https:\/\/ryttarutbildning.se\/index.php?rest_route=\/wp\/v2\/posts\/20117\/revisions"}],"wp:attachment":[{"href":"https:\/\/ryttarutbildning.se\/index.php?rest_route=%2Fwp%2Fv2%2Fmedia&parent=20117"}],"wp:term":[{"taxonomy":"category","embeddable":true,"href":"https:\/\/ryttarutbildning.se\/index.php?rest_route=%2Fwp%2Fv2%2Fcategories&post=20117"},{"taxonomy":"post_tag","embeddable":true,"href":"https:\/\/ryttarutbildning.se\/index.php?rest_route=%2Fwp%2Fv2%2Ftags&post=20117"}],"curies":[{"name":"wp","href":"https:\/\/api.w.org\/{rel}","templated":true}]}}