{"id":20007,"date":"2019-06-14T10:19:03","date_gmt":"2019-06-14T08:19:03","guid":{"rendered":"http:\/\/ryttarutbildning.se\/?p=20007"},"modified":"2019-06-14T10:19:03","modified_gmt":"2019-06-14T08:19:03","slug":"bild-nostalgi","status":"publish","type":"post","link":"https:\/\/ryttarutbildning.se\/?p=20007","title":{"rendered":"Bild-nostalgi"},"content":{"rendered":"<p>Jag bad om att f\u00e5 lite gamla bilder p\u00e5 mina f\u00f6rsta h\u00e4star, och jag fick en hel h\u00f6g, vad kul! H\u00e4r \u00e4r ett urval:<br \/>\n<a href=\"https:\/\/media.ryttarutbildning.se\/2019\/06\/62179842_10156432744431332_3395453783889674240_n.jpg\"><img loading=\"lazy\" decoding=\"async\" class=\"aligncenter  wp-image-20008\" src=\"https:\/\/media.ryttarutbildning.se\/2019\/06\/62179842_10156432744431332_3395453783889674240_n.jpg\" alt=\"\" width=\"530\" height=\"506\" \/><\/a><em>Lotta Zimmermann hade den h\u00e4r bilden p\u00e5 Nogge och hennes h\u00e4st Valente n\u00e4r de stod p\u00e5 Antuna. Nogge var Valentes f\u00f6rsta hagkompis!<br \/>\n<a href=\"https:\/\/media.ryttarutbildning.se\/2019\/06\/62212134_10157674325454050_754828832845856768_n.jpg\"><img loading=\"lazy\" decoding=\"async\" class=\"aligncenter size-full wp-image-20009\" src=\"https:\/\/media.ryttarutbildning.se\/2019\/06\/62212134_10157674325454050_754828832845856768_n.jpg\" alt=\"\" width=\"595\" height=\"884\" srcset=\"https:\/\/media.ryttarutbildning.se\/2019\/06\/62212134_10157674325454050_754828832845856768_n.jpg 595w, https:\/\/media.ryttarutbildning.se\/2019\/06\/62212134_10157674325454050_754828832845856768_n-202x300.jpg 202w\" sizes=\"auto, (max-width: 595px) 100vw, 595px\" \/><\/a>H\u00e4r \u00e4r en bild fr\u00e5n Nogges tidigare \u00e4gare Eva-Lena Lettesj\u00f6, n\u00e4r de t\u00e4vlade hoppning.<br \/>\n<a href=\"https:\/\/media.ryttarutbildning.se\/2019\/06\/62378844_10157189107581221_1233174214073122816_n.jpg\"><img loading=\"lazy\" decoding=\"async\" class=\"aligncenter size-full wp-image-20021\" src=\"https:\/\/media.ryttarutbildning.se\/2019\/06\/62378844_10157189107581221_1233174214073122816_n.jpg\" alt=\"\" width=\"720\" height=\"960\" srcset=\"https:\/\/media.ryttarutbildning.se\/2019\/06\/62378844_10157189107581221_1233174214073122816_n.jpg 720w, https:\/\/media.ryttarutbildning.se\/2019\/06\/62378844_10157189107581221_1233174214073122816_n-225x300.jpg 225w\" sizes=\"auto, (max-width: 720px) 100vw, 720px\" \/><\/a><a href=\"https:\/\/media.ryttarutbildning.se\/2019\/06\/62343013_10157189087976221_2712063618819555328_n.jpg\"><img loading=\"lazy\" decoding=\"async\" class=\"aligncenter size-full wp-image-20013\" src=\"https:\/\/media.ryttarutbildning.se\/2019\/06\/62343013_10157189087976221_2712063618819555328_n.jpg\" alt=\"\" width=\"720\" height=\"960\" srcset=\"https:\/\/media.ryttarutbildning.se\/2019\/06\/62343013_10157189087976221_2712063618819555328_n.jpg 720w, https:\/\/media.ryttarutbildning.se\/2019\/06\/62343013_10157189087976221_2712063618819555328_n-225x300.jpg 225w\" sizes=\"auto, (max-width: 720px) 100vw, 720px\" \/><\/a>N\u00e5gra fina bilder p\u00e5 Iffi och Anna Barck.<br \/>\n<a href=\"https:\/\/media.ryttarutbildning.se\/2019\/06\/62246650_10156489174684503_8607422311554875392_n.jpg\"><img loading=\"lazy\" decoding=\"async\" class=\"aligncenter size-full wp-image-20011\" src=\"https:\/\/media.ryttarutbildning.se\/2019\/06\/62246650_10156489174684503_8607422311554875392_n.jpg\" alt=\"\" width=\"720\" height=\"540\" srcset=\"https:\/\/media.ryttarutbildning.se\/2019\/06\/62246650_10156489174684503_8607422311554875392_n.jpg 720w, https:\/\/media.ryttarutbildning.se\/2019\/06\/62246650_10156489174684503_8607422311554875392_n-300x225.jpg 300w, https:\/\/media.ryttarutbildning.se\/2019\/06\/62246650_10156489174684503_8607422311554875392_n-400x300.jpg 400w\" sizes=\"auto, (max-width: 720px) 100vw, 720px\" \/><\/a>H\u00e4r \u00e4r Wirja och Malin H\u00e4ll-L\u00f6fvenius i stallet p\u00e5 Helmer Ridcenter.<br \/>\n<a href=\"https:\/\/media.ryttarutbildning.se\/2019\/06\/62310965_10156489180504503_6982298792322138112_n.jpg\"><img loading=\"lazy\" decoding=\"async\" class=\"aligncenter size-full wp-image-20012\" src=\"https:\/\/media.ryttarutbildning.se\/2019\/06\/62310965_10156489180504503_6982298792322138112_n.jpg\" alt=\"\" width=\"720\" height=\"516\" srcset=\"https:\/\/media.ryttarutbildning.se\/2019\/06\/62310965_10156489180504503_6982298792322138112_n.jpg 720w, https:\/\/media.ryttarutbildning.se\/2019\/06\/62310965_10156489180504503_6982298792322138112_n-300x215.jpg 300w, https:\/\/media.ryttarutbildning.se\/2019\/06\/62310965_10156489180504503_6982298792322138112_n-419x300.jpg 419w\" sizes=\"auto, (max-width: 720px) 100vw, 720px\" \/><\/a> <a href=\"https:\/\/media.ryttarutbildning.se\/2019\/06\/64314671_10156489182029503_651497159564197888_n.jpg\"><img loading=\"lazy\" decoding=\"async\" class=\"aligncenter size-full wp-image-20018\" src=\"https:\/\/media.ryttarutbildning.se\/2019\/06\/64314671_10156489182029503_651497159564197888_n.jpg\" alt=\"\" width=\"720\" height=\"540\" srcset=\"https:\/\/media.ryttarutbildning.se\/2019\/06\/64314671_10156489182029503_651497159564197888_n.jpg 720w, https:\/\/media.ryttarutbildning.se\/2019\/06\/64314671_10156489182029503_651497159564197888_n-300x225.jpg 300w, https:\/\/media.ryttarutbildning.se\/2019\/06\/64314671_10156489182029503_651497159564197888_n-400x300.jpg 400w\" sizes=\"auto, (max-width: 720px) 100vw, 720px\" \/><\/a>H\u00e4r \u00e4r Malin p\u00e5 friesern Maiko, som jag l\u00e5nade ibland till mina kurser.<br \/>\n<a href=\"https:\/\/media.ryttarutbildning.se\/2019\/06\/63081786_10156489124714503_6726930542391984128_n.jpg\"><img loading=\"lazy\" decoding=\"async\" class=\"aligncenter size-full wp-image-20016\" src=\"https:\/\/media.ryttarutbildning.se\/2019\/06\/63081786_10156489124714503_6726930542391984128_n.jpg\" alt=\"\" width=\"480\" height=\"720\" srcset=\"https:\/\/media.ryttarutbildning.se\/2019\/06\/63081786_10156489124714503_6726930542391984128_n.jpg 480w, https:\/\/media.ryttarutbildning.se\/2019\/06\/63081786_10156489124714503_6726930542391984128_n-200x300.jpg 200w\" sizes=\"auto, (max-width: 480px) 100vw, 480px\" \/><\/a>Malin och Nogge p\u00e5 utebanan p\u00e5 Helmers.<br \/>\n<a href=\"https:\/\/media.ryttarutbildning.se\/2019\/06\/64460249_10156489175364503_5473351084724453376_n.jpg\"><img loading=\"lazy\" decoding=\"async\" class=\"aligncenter size-full wp-image-20019\" src=\"https:\/\/media.ryttarutbildning.se\/2019\/06\/64460249_10156489175364503_5473351084724453376_n.jpg\" alt=\"\" width=\"540\" height=\"720\" srcset=\"https:\/\/media.ryttarutbildning.se\/2019\/06\/64460249_10156489175364503_5473351084724453376_n.jpg 540w, https:\/\/media.ryttarutbildning.se\/2019\/06\/64460249_10156489175364503_5473351084724453376_n-225x300.jpg 225w\" sizes=\"auto, (max-width: 540px) 100vw, 540px\" \/><\/a> <a href=\"https:\/\/media.ryttarutbildning.se\/2019\/06\/64469512_10156489176514503_4697465092378198016_n.jpg\"><img loading=\"lazy\" decoding=\"async\" class=\"aligncenter size-full wp-image-20020\" src=\"https:\/\/media.ryttarutbildning.se\/2019\/06\/64469512_10156489176514503_4697465092378198016_n.jpg\" alt=\"\" width=\"540\" height=\"720\" srcset=\"https:\/\/media.ryttarutbildning.se\/2019\/06\/64469512_10156489176514503_4697465092378198016_n.jpg 540w, https:\/\/media.ryttarutbildning.se\/2019\/06\/64469512_10156489176514503_4697465092378198016_n-225x300.jpg 225w\" sizes=\"auto, (max-width: 540px) 100vw, 540px\" \/><\/a>Gitta Lindh och Arramiz<br \/>\n<a href=\"https:\/\/media.ryttarutbildning.se\/2019\/06\/247966_10152166350925497_1955357350_n.jpg\"><img loading=\"lazy\" decoding=\"async\" class=\"aligncenter size-full wp-image-20022\" src=\"https:\/\/media.ryttarutbildning.se\/2019\/06\/247966_10152166350925497_1955357350_n.jpg\" alt=\"\" width=\"960\" height=\"637\" srcset=\"https:\/\/media.ryttarutbildning.se\/2019\/06\/247966_10152166350925497_1955357350_n.jpg 960w, https:\/\/media.ryttarutbildning.se\/2019\/06\/247966_10152166350925497_1955357350_n-300x199.jpg 300w, https:\/\/media.ryttarutbildning.se\/2019\/06\/247966_10152166350925497_1955357350_n-768x510.jpg 768w, https:\/\/media.ryttarutbildning.se\/2019\/06\/247966_10152166350925497_1955357350_n-452x300.jpg 452w\" sizes=\"auto, (max-width: 960px) 100vw, 960px\" \/><\/a>Iffi och Amanda Fog p\u00e5 sitstr\u00e4ning. H\u00e4r fanns det fortfarande ingen sarg&#8230;<br \/>\n<a href=\"https:\/\/media.ryttarutbildning.se\/2019\/06\/62557993_10214484296923647_2967989523008454656_n.jpg\"><img loading=\"lazy\" decoding=\"async\" class=\"aligncenter size-full wp-image-20015\" src=\"https:\/\/media.ryttarutbildning.se\/2019\/06\/62557993_10214484296923647_2967989523008454656_n.jpg\" alt=\"\" width=\"540\" height=\"960\" srcset=\"https:\/\/media.ryttarutbildning.se\/2019\/06\/62557993_10214484296923647_2967989523008454656_n.jpg 540w, https:\/\/media.ryttarutbildning.se\/2019\/06\/62557993_10214484296923647_2967989523008454656_n-169x300.jpg 169w\" sizes=\"auto, (max-width: 540px) 100vw, 540px\" \/><\/a>Iffi p\u00e5 uteritt med Helena Magnusson<br \/>\n<a href=\"https:\/\/media.ryttarutbildning.se\/2019\/06\/62242499_10214489885543359_5699938406616793088_n.jpg\"><img loading=\"lazy\" decoding=\"async\" class=\"aligncenter size-full wp-image-20010\" src=\"https:\/\/media.ryttarutbildning.se\/2019\/06\/62242499_10214489885543359_5699938406616793088_n.jpg\" alt=\"\" width=\"540\" height=\"960\" srcset=\"https:\/\/media.ryttarutbildning.se\/2019\/06\/62242499_10214489885543359_5699938406616793088_n.jpg 540w, https:\/\/media.ryttarutbildning.se\/2019\/06\/62242499_10214489885543359_5699938406616793088_n-169x300.jpg 169w\" sizes=\"auto, (max-width: 540px) 100vw, 540px\" \/><\/a>Nogge p\u00e5 t\u00e4vling med Jenny Arvidsson<br \/>\n<a href=\"https:\/\/media.ryttarutbildning.se\/2019\/06\/62510023_10156479273523763_1939833893477679104_n.jpg\"><img loading=\"lazy\" decoding=\"async\" class=\"aligncenter size-full wp-image-20014\" src=\"https:\/\/media.ryttarutbildning.se\/2019\/06\/62510023_10156479273523763_1939833893477679104_n.jpg\" alt=\"\" width=\"960\" height=\"742\" srcset=\"https:\/\/media.ryttarutbildning.se\/2019\/06\/62510023_10156479273523763_1939833893477679104_n.jpg 960w, https:\/\/media.ryttarutbildning.se\/2019\/06\/62510023_10156479273523763_1939833893477679104_n-300x232.jpg 300w, https:\/\/media.ryttarutbildning.se\/2019\/06\/62510023_10156479273523763_1939833893477679104_n-768x594.jpg 768w, https:\/\/media.ryttarutbildning.se\/2019\/06\/62510023_10156479273523763_1939833893477679104_n-388x300.jpg 388w\" sizes=\"auto, (max-width: 960px) 100vw, 960px\" \/><\/a> <a href=\"https:\/\/media.ryttarutbildning.se\/2019\/06\/64278481_10156479274253763_970547847369850880_n.jpg\"><img loading=\"lazy\" decoding=\"async\" class=\"aligncenter size-full wp-image-20017\" src=\"https:\/\/media.ryttarutbildning.se\/2019\/06\/64278481_10156479274253763_970547847369850880_n.jpg\" alt=\"\" width=\"960\" height=\"830\" srcset=\"https:\/\/media.ryttarutbildning.se\/2019\/06\/64278481_10156479274253763_970547847369850880_n.jpg 960w, https:\/\/media.ryttarutbildning.se\/2019\/06\/64278481_10156479274253763_970547847369850880_n-300x259.jpg 300w, https:\/\/media.ryttarutbildning.se\/2019\/06\/64278481_10156479274253763_970547847369850880_n-768x664.jpg 768w, https:\/\/media.ryttarutbildning.se\/2019\/06\/64278481_10156479274253763_970547847369850880_n-347x300.jpg 347w\" sizes=\"auto, (max-width: 960px) 100vw, 960px\" \/><\/a>Helena Starkenberg och Iffi<\/em><\/p>\n<p><strong>Tack alla f\u00f6r bilderna! Det v\u00e4cker en hel massa minnen, jag blir n\u00e4stan lite t\u00e5r\u00f6gd. Det \u00e4r helt sjukt vad mycket man hinner p\u00e5 tio \u00e5r, b\u00e5de bra och d\u00e5liga saker, tre olika stall, flera fina h\u00e4star och m\u00e5nga elever och kurser som har passerat. \u00c4r dock mycket tacksam \u00f6ver att en del av er elever till och med har varit med \u00e4nda sedan tiden p\u00e5 Helmer ridcenter, det \u00e4r verkligen ett fint kvitto! &lt;3<\/strong><\/p>\n","protected":false},"excerpt":{"rendered":"<p>Jag bad om att f\u00e5 lite gamla bilder p\u00e5 mina f\u00f6rsta h\u00e4star, och jag fick en hel h\u00f6g, vad kul! H\u00e4r \u00e4r ett urval: Lotta Zimmermann hade den h\u00e4r bilden p\u00e5 Nogge och hennes h\u00e4st Valente n\u00e4r de stod p\u00e5 Antuna. Nogge var Valentes f\u00f6rsta hagkompis! H\u00e4r \u00e4r en bild fr\u00e5n Nogges tidigare \u00e4gare Eva-Lena [&hellip;]<\/p>\n","protected":false},"author":1,"featured_media":0,"comment_status":"open","ping_status":"open","sticky":false,"template":"","format":"standard","meta":{"_exactmetrics_skip_tracking":false,"_exactmetrics_sitenote_active":false,"_exactmetrics_sitenote_note":"","_exactmetrics_sitenote_category":0,"footnotes":""},"categories":[9,7],"tags":[],"class_list":["post-20007","post","type-post","status-publish","format-standard","hentry","category-driva-foretag","category-hastarna"],"_links":{"self":[{"href":"https:\/\/ryttarutbildning.se\/index.php?rest_route=\/wp\/v2\/posts\/20007","targetHints":{"allow":["GET"]}}],"collection":[{"href":"https:\/\/ryttarutbildning.se\/index.php?rest_route=\/wp\/v2\/posts"}],"about":[{"href":"https:\/\/ryttarutbildning.se\/index.php?rest_route=\/wp\/v2\/types\/post"}],"author":[{"embeddable":true,"href":"https:\/\/ryttarutbildning.se\/index.php?rest_route=\/wp\/v2\/users\/1"}],"replies":[{"embeddable":true,"href":"https:\/\/ryttarutbildning.se\/index.php?rest_route=%2Fwp%2Fv2%2Fcomments&post=20007"}],"version-history":[{"count":0,"href":"https:\/\/ryttarutbildning.se\/index.php?rest_route=\/wp\/v2\/posts\/20007\/revisions"}],"wp:attachment":[{"href":"https:\/\/ryttarutbildning.se\/index.php?rest_route=%2Fwp%2Fv2%2Fmedia&parent=20007"}],"wp:term":[{"taxonomy":"category","embeddable":true,"href":"https:\/\/ryttarutbildning.se\/index.php?rest_route=%2Fwp%2Fv2%2Fcategories&post=20007"},{"taxonomy":"post_tag","embeddable":true,"href":"https:\/\/ryttarutbildning.se\/index.php?rest_route=%2Fwp%2Fv2%2Ftags&post=20007"}],"curies":[{"name":"wp","href":"https:\/\/api.w.org\/{rel}","templated":true}]}}