{"id":19828,"date":"2019-05-13T08:49:44","date_gmt":"2019-05-13T06:49:44","guid":{"rendered":"http:\/\/ryttarutbildning.se\/?p=19828"},"modified":"2019-05-13T08:49:44","modified_gmt":"2019-05-13T06:49:44","slug":"en-bra-helg-3","status":"publish","type":"post","link":"https:\/\/ryttarutbildning.se\/?p=19828","title":{"rendered":"En bra helg!"},"content":{"rendered":"<p>M\u00e5ndag och ny vecka. F\u00f6rra veckan, och \u00e4ven helgen, var v\u00e4ldigt lugn. Jag fick f\u00f6r mig att jag skulle skriva upp alla jobbtimmar, och jag landade p\u00e5 60 timmar ungef\u00e4r. Som egenf\u00f6retagare tycker jag att det var ganska lite, men jag undrar hur mycket det \u00e4r en vecka som jag sj\u00e4lv upplever som intensiv? Jag ska f\u00f6rs\u00f6ka skriva upp \u00e4ven denna vecka, helt enkelt f\u00f6r att jag ibland undrar vart tiden tar v\u00e4gen&#8230; Det b\u00e4sta med det h\u00e4r jobbet \u00e4r \u00e4nd\u00e5 att slippa \u00e5ka n\u00e5gonstans &#8211; det sparar ju m\u00e4ngder av tid j\u00e4mf\u00f6rt med den som har restid till jobbet!<\/p>\n<p>Helgen var kursfri, men jag har haft en del privatlektioner, vilket var sk\u00f6nt som omv\u00e4xling. Kurserna \u00e4r roliga, men det kan ocks\u00e5 bli ganska intensivt. I fredags var jag inne i stan p\u00e5 kv\u00e4llen och \u00e5t p\u00e5 <a href=\"https:\/\/www.eataly.se\/\">Eataly<\/a> med en kompis. D\u00e4r finns en matmarknad och flera restauranger, och vi \u00e5t p\u00e5 den som heter Prima. Tydligen hade den bara varit \u00f6ppen en vecka. Personalen var \u00f6verraskande trevliga och genuint intresserade, vilket s\u00e5klart gav extra po\u00e4ng, f\u00f6rutom att maten ocks\u00e5 var v\u00e4ldigt god. Hoppas personalen orkar h\u00e5lla \u00e5ngan uppe (det var som sagt f\u00f6rsta veckan&#8230;)! Det \u00e4r inte s\u00e5 ofta man f\u00e5r presenterat f\u00f6r sig exakt vad drinken inneh\u00e5ller och hur den \u00e4r gjord&#8230; Det var mysigt inrett ocks\u00e5 och k\u00e4ndes personligt, s\u00e5 dit g\u00e5r jag g\u00e4rna igen!<br \/>\nJag har \u00e4ven hunnit med lunch p\u00e5 Nut House och fika hos en (relativt) ny granne, som ocks\u00e5 \u00e4r i h\u00e4stsv\u00e4ngen och h\u00e5ller p\u00e5 att renovera sin g\u00e5rd. Roligt att g\u00e5rdarna h\u00e5lls vid liv! S\u00e5 p\u00e5 det stora hela k\u00e4ndes helgen ganska &#8221;ledig&#8221; trots en del jobb.<\/p>\n<p>Redo f\u00f6r ny vecka allts\u00e5 &#8211; och den h\u00e4r veckan ser ut att kunna bli rolig. P\u00e5 dagens schema st\u00e5r till att b\u00f6rja med fem h\u00e4star att rida, varav en \u00e4r en ny h\u00e4st i stallet s\u00e5 det \u00e4r sp\u00e4nnande. Det har kommit tv\u00e5 nya h\u00e4star hit (inackorderingar) sista veckan, s\u00e5 nu \u00e4r stallet \u00f6verfullt igen. Jag vill inte anv\u00e4nda lilla stallet i on\u00f6dan, s\u00e5 Affe och Boromir har f\u00e5tt g\u00e5 ut p\u00e5 tidigt bete. Just i natt kanske det inte var s\u00e5 kul f\u00f6r dem, men det \u00e4r \u00e4nd\u00e5 tillr\u00e4ckligt varmt och bra v\u00e4der nu. De f\u00e5r komma in och vila upp sig p\u00e5 dagtid, och d\u00e5 f\u00e5r de ocks\u00e5 lite extra mat. S\u00e5 himla sk\u00f6nt att ha bra beteshagar s\u00e5 att man kan g\u00f6ra s\u00e5h\u00e4r!<a href=\"https:\/\/media.ryttarutbildning.se\/2019\/05\/33038432_10157944580518636_1353896497699094528_n.jpg\"><img loading=\"lazy\" decoding=\"async\" class=\"aligncenter size-full wp-image-19829\" src=\"https:\/\/media.ryttarutbildning.se\/2019\/05\/33038432_10157944580518636_1353896497699094528_n.jpg\" alt=\"\" width=\"960\" height=\"960\" srcset=\"https:\/\/media.ryttarutbildning.se\/2019\/05\/33038432_10157944580518636_1353896497699094528_n.jpg 960w, https:\/\/media.ryttarutbildning.se\/2019\/05\/33038432_10157944580518636_1353896497699094528_n-150x150.jpg 150w, https:\/\/media.ryttarutbildning.se\/2019\/05\/33038432_10157944580518636_1353896497699094528_n-300x300.jpg 300w, https:\/\/media.ryttarutbildning.se\/2019\/05\/33038432_10157944580518636_1353896497699094528_n-768x768.jpg 768w\" sizes=\"auto, (max-width: 960px) 100vw, 960px\" \/><\/a><\/p>\n<p>&nbsp;<\/p>\n<p>&nbsp;<\/p>\n","protected":false},"excerpt":{"rendered":"<p>M\u00e5ndag och ny vecka. F\u00f6rra veckan, och \u00e4ven helgen, var v\u00e4ldigt lugn. Jag fick f\u00f6r mig att jag skulle skriva upp alla jobbtimmar, och jag landade p\u00e5 60 timmar ungef\u00e4r. Som egenf\u00f6retagare tycker jag att det var ganska lite, men jag undrar hur mycket det \u00e4r en vecka som jag sj\u00e4lv upplever som intensiv? Jag [&hellip;]<\/p>\n","protected":false},"author":1,"featured_media":0,"comment_status":"open","ping_status":"open","sticky":false,"template":"","format":"standard","meta":{"_exactmetrics_skip_tracking":false,"_exactmetrics_sitenote_active":false,"_exactmetrics_sitenote_note":"","_exactmetrics_sitenote_category":0,"footnotes":""},"categories":[7,18,8],"tags":[],"class_list":["post-19828","post","type-post","status-publish","format-standard","hentry","category-hastarna","category-min-dag","category-privat-ovrigt"],"_links":{"self":[{"href":"https:\/\/ryttarutbildning.se\/index.php?rest_route=\/wp\/v2\/posts\/19828","targetHints":{"allow":["GET"]}}],"collection":[{"href":"https:\/\/ryttarutbildning.se\/index.php?rest_route=\/wp\/v2\/posts"}],"about":[{"href":"https:\/\/ryttarutbildning.se\/index.php?rest_route=\/wp\/v2\/types\/post"}],"author":[{"embeddable":true,"href":"https:\/\/ryttarutbildning.se\/index.php?rest_route=\/wp\/v2\/users\/1"}],"replies":[{"embeddable":true,"href":"https:\/\/ryttarutbildning.se\/index.php?rest_route=%2Fwp%2Fv2%2Fcomments&post=19828"}],"version-history":[{"count":0,"href":"https:\/\/ryttarutbildning.se\/index.php?rest_route=\/wp\/v2\/posts\/19828\/revisions"}],"wp:attachment":[{"href":"https:\/\/ryttarutbildning.se\/index.php?rest_route=%2Fwp%2Fv2%2Fmedia&parent=19828"}],"wp:term":[{"taxonomy":"category","embeddable":true,"href":"https:\/\/ryttarutbildning.se\/index.php?rest_route=%2Fwp%2Fv2%2Fcategories&post=19828"},{"taxonomy":"post_tag","embeddable":true,"href":"https:\/\/ryttarutbildning.se\/index.php?rest_route=%2Fwp%2Fv2%2Ftags&post=19828"}],"curies":[{"name":"wp","href":"https:\/\/api.w.org\/{rel}","templated":true}]}}