{"id":19473,"date":"2019-02-26T19:49:33","date_gmt":"2019-02-26T17:49:33","guid":{"rendered":"http:\/\/ryttarutbildning.se\/?p=19473"},"modified":"2019-02-26T19:49:33","modified_gmt":"2019-02-26T17:49:33","slug":"grodans-veckoplanering","status":"publish","type":"post","link":"https:\/\/ryttarutbildning.se\/?p=19473","title":{"rendered":"Grodans veckoplanering"},"content":{"rendered":"<p>Den h\u00e4r veckan blir en kort vecka, jag har n\u00e4mligen t\u00e4nkt vara ledig (h\u00f6r och h\u00e4pna!) fre-s\u00f6n. D\u00e5 kommer \u00e4ven Grodan att f\u00e5 vila n\u00e5gra dagar i rad. Normalt sett brukar hon f\u00e5 en vilodag p\u00e5 en vecka, men ibland tror jag att det kan vara bra med n\u00e5gra dagars \u00e5terh\u00e4mtning. Nu har hon dessutom f\u00e5tt tr\u00e4na lite mer och p\u00e5 ett annat s\u00e4tt, s\u00e5 det kan nog vara bra.<\/p>\n<p>Den h\u00e4r veckan blir det dessutom tv\u00e5 tr\u00e4ningar borta. Ig\u00e5r var jag hos Karin igen, och hon verkade tycka att vi har gjort lite f\u00f6rb\u00e4ttringar &#8211; fr\u00e4mst i galoppen. Det \u00e4r ju ocks\u00e5 den l\u00e4ttaste g\u00e5ngarten p\u00e5 henne&#8230; I skritten m\u00e5ste jag sj\u00e4lv se till att inte stressa p\u00e5, och i traven g\u00e4ller det att f\u00e5 l\u00e4ngre steg och lugnare takt. Det blir b\u00e4ttre, men det \u00e4r sv\u00e5rt &#8211; f\u00f6r henne \u00e4r det l\u00e4ttare med lite kortare och snabbare steg.<br \/>\nMaria och Velle var ocks\u00e5 med den h\u00e4r g\u00e5ngen (och han ska tr\u00e4na p\u00e5 att ta kortare steg!), s\u00e5 idag skrittade vi bara ut med b\u00e5da h\u00e4starna i solen. Det k\u00e4ndes som en bra &#8221;vilodag&#8221; efter att ha g\u00e5tt p\u00e5 ett lite tyngre och djupare underlag hos Karin.<\/p>\n<p>Imorgon hade jag t\u00e4nkt tr\u00e4na f\u00f6r Nina, men det blir p\u00e5 torsdag ist\u00e4llet. Det passar egentligen r\u00e4tt bra s\u00e5 att jag hinner k\u00e4nna lite sj\u00e4lv p\u00e5 henne efter g\u00e5rdagen, och dessutom ska hon skos imorgon (vilket jag hade gl\u00f6mt&#8230;). Sedan blir det som sagt tre vilodagar och sedan nya tag n\u00e4sta vecka. Om underlaget h\u00e5ller sig ok ute ska jag f\u00f6rs\u00f6ka f\u00e5 in mer och lite l\u00e4ngre uteritter fram\u00f6ver &#8211; jag tror att hon beh\u00f6ver det. I s\u00f6ndags var hon s\u00e5 pigg n\u00e4r jag skulle galoppera ute att jag trodde hon skulle f\u00f6rs\u00f6ka hitta p\u00e5 n\u00e5t galet. Det gjorde hon inte, men jag vill att hon ska vara koncentrerad ute och inte som ett popcorn!<\/p>\n<p><a href=\"https:\/\/media.ryttarutbildning.se\/2019\/02\/DSC_5618-1.jpg\"><img loading=\"lazy\" decoding=\"async\" class=\"aligncenter size-full wp-image-19471\" src=\"https:\/\/media.ryttarutbildning.se\/2019\/02\/DSC_5618-1.jpg\" alt=\"\" width=\"2393\" height=\"1777\" srcset=\"https:\/\/media.ryttarutbildning.se\/2019\/02\/DSC_5618-1.jpg 2393w, https:\/\/media.ryttarutbildning.se\/2019\/02\/DSC_5618-1-300x223.jpg 300w, https:\/\/media.ryttarutbildning.se\/2019\/02\/DSC_5618-1-768x570.jpg 768w, https:\/\/media.ryttarutbildning.se\/2019\/02\/DSC_5618-1-1024x760.jpg 1024w, https:\/\/media.ryttarutbildning.se\/2019\/02\/DSC_5618-1-404x300.jpg 404w\" sizes=\"auto, (max-width: 2393px) 100vw, 2393px\" \/><\/a><em>Energin verkar aldrig ta slut, men man beh\u00f6ver l\u00e4gga in vilopauser \u00e4nd\u00e5&#8230;<\/em><\/p>\n","protected":false},"excerpt":{"rendered":"<p>Den h\u00e4r veckan blir en kort vecka, jag har n\u00e4mligen t\u00e4nkt vara ledig (h\u00f6r och h\u00e4pna!) fre-s\u00f6n. D\u00e5 kommer \u00e4ven Grodan att f\u00e5 vila n\u00e5gra dagar i rad. Normalt sett brukar hon f\u00e5 en vilodag p\u00e5 en vecka, men ibland tror jag att det kan vara bra med n\u00e5gra dagars \u00e5terh\u00e4mtning. Nu har hon dessutom [&hellip;]<\/p>\n","protected":false},"author":1,"featured_media":0,"comment_status":"open","ping_status":"open","sticky":false,"template":"","format":"standard","meta":{"_exactmetrics_skip_tracking":false,"_exactmetrics_sitenote_active":false,"_exactmetrics_sitenote_note":"","_exactmetrics_sitenote_category":0,"footnotes":""},"categories":[7,5],"tags":[],"class_list":["post-19473","post","type-post","status-publish","format-standard","hentry","category-hastarna","category-traning-och-tavling"],"_links":{"self":[{"href":"https:\/\/ryttarutbildning.se\/index.php?rest_route=\/wp\/v2\/posts\/19473","targetHints":{"allow":["GET"]}}],"collection":[{"href":"https:\/\/ryttarutbildning.se\/index.php?rest_route=\/wp\/v2\/posts"}],"about":[{"href":"https:\/\/ryttarutbildning.se\/index.php?rest_route=\/wp\/v2\/types\/post"}],"author":[{"embeddable":true,"href":"https:\/\/ryttarutbildning.se\/index.php?rest_route=\/wp\/v2\/users\/1"}],"replies":[{"embeddable":true,"href":"https:\/\/ryttarutbildning.se\/index.php?rest_route=%2Fwp%2Fv2%2Fcomments&post=19473"}],"version-history":[{"count":0,"href":"https:\/\/ryttarutbildning.se\/index.php?rest_route=\/wp\/v2\/posts\/19473\/revisions"}],"wp:attachment":[{"href":"https:\/\/ryttarutbildning.se\/index.php?rest_route=%2Fwp%2Fv2%2Fmedia&parent=19473"}],"wp:term":[{"taxonomy":"category","embeddable":true,"href":"https:\/\/ryttarutbildning.se\/index.php?rest_route=%2Fwp%2Fv2%2Fcategories&post=19473"},{"taxonomy":"post_tag","embeddable":true,"href":"https:\/\/ryttarutbildning.se\/index.php?rest_route=%2Fwp%2Fv2%2Ftags&post=19473"}],"curies":[{"name":"wp","href":"https:\/\/api.w.org\/{rel}","templated":true}]}}