{"id":19330,"date":"2019-02-07T13:45:11","date_gmt":"2019-02-07T11:45:11","guid":{"rendered":"http:\/\/ryttarutbildning.se\/?p=19330"},"modified":"2019-02-07T13:45:11","modified_gmt":"2019-02-07T11:45:11","slug":"ar-tva-antuna","status":"publish","type":"post","link":"https:\/\/ryttarutbildning.se\/?p=19330","title":{"rendered":"\u00c5r tv\u00e5: Antuna"},"content":{"rendered":"<p>H\u00e4r kommer forts\u00e4ttningen p\u00e5 tillbakablickar. <a href=\"https:\/\/ryttarutbildning.se\/?p=19257\">F\u00f6rra inl\u00e4gget<\/a> handlade om mitt f\u00f6rsta \u00e5r n\u00e4r jag hade h\u00e4starna p\u00e5 Helmer Ridcenter i Str\u00e4ngn\u00e4s. Planen var hela tiden att f\u00f6rs\u00f6ka hitta n\u00e5got stall n\u00e4rmare Stockholm, dels f\u00f6r att jag \u00e4r h\u00e4rifr\u00e5n,och dels f\u00f6r att det finns ett st\u00f6rre kundunderlag h\u00e4r. Jag \u00e4r ursprungligen fr\u00e5n s\u00f6dra sidan av stan, men jag hade en k\u00e4nsla av att det skulle finnas en st\u00f6rre kundkrets norr om stan, s\u00e5 det var i dessa trakter jag letade. Jag tittade \u00e4ven p\u00e5 priserna och tyckte att det verkade som om det var lite dyrare att b\u00e5de rida p\u00e5 ridskola, samt ha h\u00e4sten inackorderad, p\u00e5 norrsidan. Och eftersom jag ville kunna ta lite mer betalt s\u00e5 tyckte jag att det var en bra strategi att f\u00f6rs\u00f6ka hamna h\u00e4r.<br \/>\n<a href=\"https:\/\/media.ryttarutbildning.se\/2019\/02\/DSC_0085.jpg\"><img loading=\"lazy\" decoding=\"async\" class=\"aligncenter size-full wp-image-19340\" src=\"https:\/\/media.ryttarutbildning.se\/2019\/02\/DSC_0085.jpg\" alt=\"\" width=\"3872\" height=\"2592\" srcset=\"https:\/\/media.ryttarutbildning.se\/2019\/02\/DSC_0085.jpg 3872w, https:\/\/media.ryttarutbildning.se\/2019\/02\/DSC_0085-300x201.jpg 300w, https:\/\/media.ryttarutbildning.se\/2019\/02\/DSC_0085-768x514.jpg 768w, https:\/\/media.ryttarutbildning.se\/2019\/02\/DSC_0085-1024x685.jpg 1024w, https:\/\/media.ryttarutbildning.se\/2019\/02\/DSC_0085-448x300.jpg 448w\" sizes=\"auto, (max-width: 3872px) 100vw, 3872px\" \/><\/a> <a href=\"https:\/\/media.ryttarutbildning.se\/2019\/02\/IMG_7774.jpg\"><img loading=\"lazy\" decoding=\"async\" class=\"aligncenter size-full wp-image-19348\" src=\"https:\/\/media.ryttarutbildning.se\/2019\/02\/IMG_7774.jpg\" alt=\"\" width=\"2848\" height=\"4272\" srcset=\"https:\/\/media.ryttarutbildning.se\/2019\/02\/IMG_7774.jpg 2848w, https:\/\/media.ryttarutbildning.se\/2019\/02\/IMG_7774-200x300.jpg 200w, https:\/\/media.ryttarutbildning.se\/2019\/02\/IMG_7774-768x1152.jpg 768w, https:\/\/media.ryttarutbildning.se\/2019\/02\/IMG_7774-683x1024.jpg 683w\" sizes=\"auto, (max-width: 2848px) 100vw, 2848px\" \/><\/a><em>Undervisning sommartid p\u00e5 utebanan, och p\u00e5 vintern i ridhuset &#8211; som var j\u00e4ttefint<\/em><\/p>\n<p>Kruxet var att det var skitsv\u00e5rt att hitta ett bra stall! Det var antingen fel l\u00e4ge, fel storlek, inget ridhus, f\u00f6r dyrt&#8230; osv. Jag tr\u00e4ffade Torbj\u00f6rn ca ett \u00e5r innan jag startade f\u00f6retaget, och vi b\u00f6rjade gemensamt titta p\u00e5 egen g\u00e5rd som ett alternativ. Jag hade dock inte fattat att vi letade p\u00e5 allvar, jag trodde att det var ett s\u00f6ndagsn\u00f6je att g\u00e5 p\u00e5 visning typ. Nu var vi inte p\u00e5 s\u00e5 m\u00e5nga st\u00e4llen faktiskt, utan vi hittade Wreta i Vallentuna r\u00e4tt fort. Jag trodde fortfarande att det var lite p\u00e5 skoj, men d\u00e5 hade jag inte riktigt fattat \u00e4n att Torbj\u00f6rn aldrig g\u00f6r n\u00e5got &#8221;p\u00e5 skoj&#8221;&#8230; Vi best\u00e4mde att vi skulle satsa och k\u00f6pa en egen g\u00e5rd, trots att vi inte ens hade bott ihop innan.<br \/>\n<a href=\"https:\/\/media.ryttarutbildning.se\/2019\/02\/DSC_0155.jpg\"><img loading=\"lazy\" decoding=\"async\" class=\"aligncenter size-full wp-image-19343\" src=\"https:\/\/media.ryttarutbildning.se\/2019\/02\/DSC_0155.jpg\" alt=\"\" width=\"2592\" height=\"3872\" srcset=\"https:\/\/media.ryttarutbildning.se\/2019\/02\/DSC_0155.jpg 2592w, https:\/\/media.ryttarutbildning.se\/2019\/02\/DSC_0155-201x300.jpg 201w, https:\/\/media.ryttarutbildning.se\/2019\/02\/DSC_0155-768x1147.jpg 768w, https:\/\/media.ryttarutbildning.se\/2019\/02\/DSC_0155-685x1024.jpg 685w\" sizes=\"auto, (max-width: 2592px) 100vw, 2592px\" \/><\/a> <a href=\"https:\/\/media.ryttarutbildning.se\/2019\/02\/DSC_0149.jpg\"><img loading=\"lazy\" decoding=\"async\" class=\"aligncenter size-full wp-image-19342\" src=\"https:\/\/media.ryttarutbildning.se\/2019\/02\/DSC_0149.jpg\" alt=\"\" width=\"2592\" height=\"3872\" srcset=\"https:\/\/media.ryttarutbildning.se\/2019\/02\/DSC_0149.jpg 2592w, https:\/\/media.ryttarutbildning.se\/2019\/02\/DSC_0149-201x300.jpg 201w, https:\/\/media.ryttarutbildning.se\/2019\/02\/DSC_0149-768x1147.jpg 768w, https:\/\/media.ryttarutbildning.se\/2019\/02\/DSC_0149-685x1024.jpg 685w\" sizes=\"auto, (max-width: 2592px) 100vw, 2592px\" \/><\/a><em>Anea p\u00e5 bild ett, och Caprice p\u00e5 bild tv\u00e5. Hon skadade sig och fick st\u00e5 p\u00e5 boxvila ett halv\u00e5r&#8230;<\/em><\/p>\n<p>Det kluriga var att ha h\u00e4starna n\u00e5gonstans under tiden som vi byggde stall och ridhus &#8211; den lilla detaljen saknades n\u00e4mligen. Men jag hade en s\u00e5dan tur att jag i samma veva fick m\u00f6jligheten att hyra in h\u00e4starna p\u00e5 en anl\u00e4ggning som just hade startat upp i Upplands V\u00e4sby, n\u00e4mligen Antuna g\u00e5rd. D\u00e5 drevs det av ett f\u00f6retag som hette ID Horses, och som inte \u00e4r kvar d\u00e4r l\u00e4ngre. Det var m\u00e5nga boxar att fylla f\u00f6r dem, s\u00e5 jag tror att de var r\u00e4tt glada att hyra ut flera till en person. Vi avtalade att jag fick ha ett begr\u00e4nsat antal lektioner under veckorna, men att andra fick rida samtidigt. Det var en n\u00f6dl\u00f6sning f\u00f6r att f\u00e5 det praktiska att fungera medan vi byggde. Det som var superbra var att det var tillr\u00e4ckligt n\u00e4ra mellan Antuna och Wreta s\u00e5 att jag kunde \u00e5ka varje dag. Det var ocks\u00e5 bra att det var full service, s\u00e5 jag beh\u00f6vde inte passa n\u00e5got annat mer \u00e4n mina lektioner egentligen, vilket underl\u00e4ttade f\u00f6r att kunna f\u00e5 bygget h\u00e4r att fungera. D\u00e4remot fick jag ju betala d\u00e4refter&#8230; Verksamheten gick v\u00e4l p\u00e5 ett ungef\u00e4r plus\/minus noll d\u00e5, eftersom det blev dyrt att ha den uppstallningskostnaden.<a href=\"https:\/\/media.ryttarutbildning.se\/2019\/02\/DSC_0139.jpg\"><img loading=\"lazy\" decoding=\"async\" class=\"aligncenter size-full wp-image-19341\" src=\"https:\/\/media.ryttarutbildning.se\/2019\/02\/DSC_0139.jpg\" alt=\"\" width=\"3872\" height=\"2592\" srcset=\"https:\/\/media.ryttarutbildning.se\/2019\/02\/DSC_0139.jpg 3872w, https:\/\/media.ryttarutbildning.se\/2019\/02\/DSC_0139-300x201.jpg 300w, https:\/\/media.ryttarutbildning.se\/2019\/02\/DSC_0139-768x514.jpg 768w, https:\/\/media.ryttarutbildning.se\/2019\/02\/DSC_0139-1024x685.jpg 1024w, https:\/\/media.ryttarutbildning.se\/2019\/02\/DSC_0139-448x300.jpg 448w\" sizes=\"auto, (max-width: 3872px) 100vw, 3872px\" \/><\/a> <a href=\"https:\/\/media.ryttarutbildning.se\/2019\/02\/DSC_0015.jpg\"><img loading=\"lazy\" decoding=\"async\" class=\"aligncenter size-full wp-image-19338\" src=\"https:\/\/media.ryttarutbildning.se\/2019\/02\/DSC_0015.jpg\" alt=\"\" width=\"2242\" height=\"2592\" srcset=\"https:\/\/media.ryttarutbildning.se\/2019\/02\/DSC_0015.jpg 2242w, https:\/\/media.ryttarutbildning.se\/2019\/02\/DSC_0015-259x300.jpg 259w, https:\/\/media.ryttarutbildning.se\/2019\/02\/DSC_0015-768x888.jpg 768w, https:\/\/media.ryttarutbildning.se\/2019\/02\/DSC_0015-886x1024.jpg 886w\" sizes=\"auto, (max-width: 2242px) 100vw, 2242px\" \/><\/a><\/p>\n<p><em>Helena och Maritza<\/em><\/p>\n<p>F\u00f6r att ha r\u00e5d med mina egna utgifter s\u00e5 fick jag ta ett extra jobb (!) som st\u00e4derska under tiden. Jag hade turen att ha en gammal kontakt (via h\u00e4starna) som hade en st\u00e4dfirma. Jag kunde l\u00e4gga timmarna ganska fritt under veckan, s\u00e5 det gick att pussla ihop h\u00e4stverksamheten med att st\u00e4da och att bygga upp g\u00e5rden. H\u00e4r b\u00f6rjar jag \u00e5terigen k\u00e4nna att jag inte kan ha varit riktigt klok? Men med ett tydligt m\u00e5lframf\u00f6r \u00f6gonen s\u00e5 var det bara att jobba p\u00e5.<a href=\"https:\/\/media.ryttarutbildning.se\/2019\/02\/IMG_7708.jpg\"><img loading=\"lazy\" decoding=\"async\" class=\"aligncenter size-full wp-image-19347\" src=\"https:\/\/media.ryttarutbildning.se\/2019\/02\/IMG_7708.jpg\" alt=\"\" width=\"2862\" height=\"2377\" srcset=\"https:\/\/media.ryttarutbildning.se\/2019\/02\/IMG_7708.jpg 2862w, https:\/\/media.ryttarutbildning.se\/2019\/02\/IMG_7708-300x249.jpg 300w, https:\/\/media.ryttarutbildning.se\/2019\/02\/IMG_7708-768x638.jpg 768w, https:\/\/media.ryttarutbildning.se\/2019\/02\/IMG_7708-1024x850.jpg 1024w, https:\/\/media.ryttarutbildning.se\/2019\/02\/IMG_7708-361x300.jpg 361w\" sizes=\"auto, (max-width: 2862px) 100vw, 2862px\" \/><\/a><\/p>\n<p><em>Wirja p\u00e5 kurs<\/em><\/p>\n<p>Tiden p\u00e5 Antuna var ganska turbulent. De som drev anl\u00e4ggningen var trevliga och ville v\u00e4l, men hade nog inte anat att h\u00e4stfolk inte \u00e4r riktigt kloka. Redan innan jag kom dit hade n\u00e5gra av de andra inackorderingarna tydligt motsatt sig att jag skulle f\u00e5 h\u00e5lla mina lektioner (ca 6 st i veckan&#8230;) s\u00e5 jag k\u00e4nde mig inte direkt v\u00e4lkommen. N\u00e5gra verkade medvetet rida i v\u00e4gen f\u00f6r mina elever f\u00f6r att st\u00f6ra. M\u00e5nga h\u00e4lsade inte p\u00e5 mig \u00f6verhuvudtaget. Ett stallm\u00f6te vid ett tillf\u00e4lle \u00e4gnade ungef\u00e4r en halvtimme \u00e5t att beklaga sig \u00f6ver min hemska verksamhet och jag hade inte m\u00f6jlighet att &#8221;f\u00f6rsvara&#8221; mig eftersom de som drev anl\u00e4ggningen inte sj\u00e4lva tog parti i fr\u00e5gan utan &#8221;l\u00e4t alla komma till tals&#8221; (m\u00e4rkligt ledarskap enligt mig). Jag var s\u00e4ker p\u00e5 att jag d\u00e5 skulle bli uppsagd men s\u00e5 blev det dock inte. Men, jag har aldrig k\u00e4nt mig s\u00e5 illa omtyckt n\u00e5gonstans, n\u00e5gon g\u00e5ng. Det var en stor stress att f\u00f6rs\u00f6ka sk\u00f6ta sitt f\u00f6retag under de f\u00f6ruts\u00e4ttningarna, och att kunna h\u00e5lla en bra kvalitet p\u00e5 undervisningen och vara professionell mot mina kunder. Ibland var det tr\u00e5ngt i ridhuset och vi kunde bara rida p\u00e5 en volt hela lektionen. Dessutom fanns det inget ridhus till en b\u00f6rjan, utan det byggdes under tiden. Det blev klart precis en vecka innan f\u00f6rsta sn\u00f6n kom&#8230;<br \/>\nEn h\u00e4st jag precis hade k\u00f6pt skadade sig dessutom i boxen och slet av en sena, och det fanns inte mycket kapital att ta av f\u00f6r att l\u00f6sa det problemet. Jag lyckades dock k\u00f6pa en gammal h\u00e4st till en billig peng f\u00f6r att klara situationen. Jag kan sammanfatta det \u00e5ret med ett ord: STRESS.<a href=\"https:\/\/media.ryttarutbildning.se\/2019\/02\/IMG_7659.jpg\"><img loading=\"lazy\" decoding=\"async\" class=\"aligncenter size-full wp-image-19345\" src=\"https:\/\/media.ryttarutbildning.se\/2019\/02\/IMG_7659.jpg\" alt=\"\" width=\"2235\" height=\"3352\" srcset=\"https:\/\/media.ryttarutbildning.se\/2019\/02\/IMG_7659.jpg 2235w, https:\/\/media.ryttarutbildning.se\/2019\/02\/IMG_7659-200x300.jpg 200w, https:\/\/media.ryttarutbildning.se\/2019\/02\/IMG_7659-768x1152.jpg 768w, https:\/\/media.ryttarutbildning.se\/2019\/02\/IMG_7659-683x1024.jpg 683w\" sizes=\"auto, (max-width: 2235px) 100vw, 2235px\" \/><\/a><\/p>\n<p><em>Anea och\u00a0 Elisabeth p\u00e5 v\u00e4g in fr\u00e5n hagen. T\u00e5get gick precis utanf\u00f6r hagar och ridhus<\/em><\/p>\n<p>Vill dock po\u00e4ngtera att det var andra inackorderingar som var besv\u00e4rliga mot mig, inte de jag hyrde av. Jag tror att ID Horses gjorde s\u00e5 gott de kunde, men de hade nog inte riktigt insikt i hur h\u00e4stm\u00e4nniskor i grupp kan uppf\u00f6ra sig. Som tur var hade de en bra stallchef, annars hade det inte fungerat alls.<\/p>\n<p>\u00c4ven om det h\u00e4r \u00e5ret var v\u00e4ldigt jobbigt och p\u00e5frestande s\u00e5 var det s\u00e5klart en bra, tillf\u00e4llig l\u00f6sning. Jag lyckades h\u00e5lla ig\u00e5ng verksamheten under tiden som vi byggde h\u00e4r hemma, och det fungerade eftersom jag visste att det var en begr\u00e4nsad period. Sj\u00e4lva byggprocessen h\u00e4r \u00e4r en annan historia f\u00f6rst\u00e5s, den tar vi i ett annat inl\u00e4gg!<br \/>\n<a href=\"https:\/\/media.ryttarutbildning.se\/2019\/02\/IMG_7663.jpg\"><img loading=\"lazy\" decoding=\"async\" class=\"aligncenter size-full wp-image-19346\" src=\"https:\/\/media.ryttarutbildning.se\/2019\/02\/IMG_7663.jpg\" alt=\"\" width=\"2436\" height=\"3654\" srcset=\"https:\/\/media.ryttarutbildning.se\/2019\/02\/IMG_7663.jpg 2436w, https:\/\/media.ryttarutbildning.se\/2019\/02\/IMG_7663-200x300.jpg 200w, https:\/\/media.ryttarutbildning.se\/2019\/02\/IMG_7663-768x1152.jpg 768w, https:\/\/media.ryttarutbildning.se\/2019\/02\/IMG_7663-683x1024.jpg 683w\" sizes=\"auto, (max-width: 2436px) 100vw, 2436px\" \/><\/a><em>Nogge<\/em><\/p>\n","protected":false},"excerpt":{"rendered":"<p>H\u00e4r kommer forts\u00e4ttningen p\u00e5 tillbakablickar. F\u00f6rra inl\u00e4gget handlade om mitt f\u00f6rsta \u00e5r n\u00e4r jag hade h\u00e4starna p\u00e5 Helmer Ridcenter i Str\u00e4ngn\u00e4s. Planen var hela tiden att f\u00f6rs\u00f6ka hitta n\u00e5got stall n\u00e4rmare Stockholm, dels f\u00f6r att jag \u00e4r h\u00e4rifr\u00e5n,och dels f\u00f6r att det finns ett st\u00f6rre kundunderlag h\u00e4r. Jag \u00e4r ursprungligen fr\u00e5n s\u00f6dra sidan av stan, [&hellip;]<\/p>\n","protected":false},"author":1,"featured_media":0,"comment_status":"open","ping_status":"open","sticky":false,"template":"","format":"standard","meta":{"_exactmetrics_skip_tracking":false,"_exactmetrics_sitenote_active":false,"_exactmetrics_sitenote_note":"","_exactmetrics_sitenote_category":0,"footnotes":""},"categories":[14,9,8],"tags":[],"class_list":["post-19330","post","type-post","status-publish","format-standard","hentry","category-asikter-och-tankar","category-driva-foretag","category-privat-ovrigt"],"_links":{"self":[{"href":"https:\/\/ryttarutbildning.se\/index.php?rest_route=\/wp\/v2\/posts\/19330","targetHints":{"allow":["GET"]}}],"collection":[{"href":"https:\/\/ryttarutbildning.se\/index.php?rest_route=\/wp\/v2\/posts"}],"about":[{"href":"https:\/\/ryttarutbildning.se\/index.php?rest_route=\/wp\/v2\/types\/post"}],"author":[{"embeddable":true,"href":"https:\/\/ryttarutbildning.se\/index.php?rest_route=\/wp\/v2\/users\/1"}],"replies":[{"embeddable":true,"href":"https:\/\/ryttarutbildning.se\/index.php?rest_route=%2Fwp%2Fv2%2Fcomments&post=19330"}],"version-history":[{"count":0,"href":"https:\/\/ryttarutbildning.se\/index.php?rest_route=\/wp\/v2\/posts\/19330\/revisions"}],"wp:attachment":[{"href":"https:\/\/ryttarutbildning.se\/index.php?rest_route=%2Fwp%2Fv2%2Fmedia&parent=19330"}],"wp:term":[{"taxonomy":"category","embeddable":true,"href":"https:\/\/ryttarutbildning.se\/index.php?rest_route=%2Fwp%2Fv2%2Fcategories&post=19330"},{"taxonomy":"post_tag","embeddable":true,"href":"https:\/\/ryttarutbildning.se\/index.php?rest_route=%2Fwp%2Fv2%2Ftags&post=19330"}],"curies":[{"name":"wp","href":"https:\/\/api.w.org\/{rel}","templated":true}]}}