{"id":19210,"date":"2019-01-17T14:54:58","date_gmt":"2019-01-17T12:54:58","guid":{"rendered":"http:\/\/ryttarutbildning.se\/?p=19210"},"modified":"2019-01-17T14:56:40","modified_gmt":"2019-01-17T12:56:40","slug":"jag-fattar-anda-inte-att-jag-gjorde-det","status":"publish","type":"post","link":"https:\/\/ryttarutbildning.se\/?p=19210","title":{"rendered":"Jag fattar \u00e4nd\u00e5 inte att jag gjorde det"},"content":{"rendered":"<p>I mitt <a href=\"https:\/\/ryttarutbildning.se\/?p=19205\">f\u00f6rra inl\u00e4gg<\/a> skrev jag lite om dr\u00f6mmen om att starta eget. Nu i efterhand s\u00e5 verkar det s\u00e5 himla l\u00e4tt att bara dra ig\u00e5ng en s\u00e5dan sak, men om jag verkligen t\u00e4nker igenom det med min rationella del av hj\u00e4rnan s\u00e5 fattar jag inte att jag gjorde det. Jag fattar inte heller att ingen (f\u00f6r\u00e4lder t.ex?) f\u00f6rs\u00f6kte tala mig tillr\u00e4tta. Faktiskt var det ingen som f\u00f6rs\u00f6kte stoppa mig, vilket jag \u00e4r glad \u00f6ver, men ocks\u00e5 en aning f\u00f6rbryllad.<\/p>\n<p>Jag t\u00e4nkte skriva lite mer om hur jag praktiskt gick tillv\u00e4ga. Saken \u00e4r den att jag hade levt s\u00e5 l\u00e4nge med det h\u00e4r m\u00e5let framf\u00f6r \u00f6gonen, och mentalt f\u00f6rberett mig under flera \u00e5r, s\u00e5 d\u00e4rf\u00f6r k\u00e4ndes det s\u00e5 sj\u00e4lvklart att k\u00f6ra! Dessutom har tanken p\u00e5 det h\u00e4r alltid varit min &#8221;stora k\u00e4rlek&#8221; och d\u00e5 finns det liksom inga alternativ, eller n\u00e5got som kan stoppa en fr\u00e5n att f\u00f6rs\u00f6ka. Man bara m\u00e5ste g\u00f6ra det.<\/p>\n<p>Saker jag har gjorde innan f\u00f6r att f\u00f6rbereda mig var t.ex. att l\u00e4sa p\u00e5 om f\u00f6retagsekonomi, f\u00f6rs\u00f6ka f\u00e5 inblick i hur man driver f\u00f6retag p\u00e5 de arbetsplatser jag hade innan, kolla upp liknande verksamheter p\u00e5 marknaden etc. Jag jobbade p\u00e5 ridskola under flera \u00e5r och hade ganska mycket frihet att h\u00e5lla egna kurser och planera mina lektioner vilket ocks\u00e5 gav erfarenhet. Det jag beh\u00f6vde f\u00f6r att k\u00e4nna mig s\u00e4krare inf\u00f6r att ha egna h\u00e4star som dessutom skulle &#8221;h\u00e5lla m\u00e5ttet&#8221; och ridas till \/ utbildas, var mer ridkunskaper p\u00e5 v\u00e4lutbildade h\u00e4star. Jag hade turen att f\u00e5 jobb hos Pether Markne och Per Sandgaard p\u00e5 Arphus g\u00e5rd i Str\u00e4ngn\u00e4s. Jag hade t\u00e4nkt stanna ett \u00e5r, men det blev tv\u00e5 v\u00e4ldigt l\u00e4rorika \u00e5r som jag har haft enorm nytta av!<br \/>\n<a href=\"https:\/\/media.ryttarutbildning.se\/2019\/01\/DSC_1371.jpg\"><img loading=\"lazy\" decoding=\"async\" class=\"aligncenter size-full wp-image-19212\" src=\"https:\/\/media.ryttarutbildning.se\/2019\/01\/DSC_1371.jpg\" alt=\"\" width=\"1425\" height=\"1275\" srcset=\"https:\/\/media.ryttarutbildning.se\/2019\/01\/DSC_1371.jpg 1425w, https:\/\/media.ryttarutbildning.se\/2019\/01\/DSC_1371-300x268.jpg 300w, https:\/\/media.ryttarutbildning.se\/2019\/01\/DSC_1371-768x687.jpg 768w, https:\/\/media.ryttarutbildning.se\/2019\/01\/DSC_1371-1024x916.jpg 1024w, https:\/\/media.ryttarutbildning.se\/2019\/01\/DSC_1371-335x300.jpg 335w\" sizes=\"auto, (max-width: 1425px) 100vw, 1425px\" \/><\/a><em>En av de h\u00e4starna som jag red mest p\u00e5 Arphus<\/em><\/p>\n<p>Under mina tv\u00e5 \u00e5r p\u00e5 Arphus s\u00e5 b\u00f6rjade jag utforma lite mer konkreta planer kring att starta upp. Jag hade turen att kunna f\u00e5 hj\u00e4lp av Nyf\u00f6retagarcentrum som bl.a. hj\u00e4lpte mig med en aff\u00e4rsplan och budget. Min tanke var att hyra ett litet stall i Stockholmsomr\u00e5det, men det var ju inte alltf\u00f6r l\u00e4tt att hitta. Jag fick tips om att hyra en stalldel p\u00e5 en anl\u00e4ggning i Str\u00e4ngn\u00e4s, och det k\u00e4ndes som ett s\u00e4tt att i alla fall komma ig\u00e5ng, \u00e4ven om det var en tillf\u00e4llig l\u00f6sning.<br \/>\n<a href=\"https:\/\/media.ryttarutbildning.se\/2019\/01\/DSC_2025.jpg\"><img loading=\"lazy\" decoding=\"async\" class=\"aligncenter size-full wp-image-19213\" src=\"https:\/\/media.ryttarutbildning.se\/2019\/01\/DSC_2025.jpg\" alt=\"\" width=\"3008\" height=\"2000\" srcset=\"https:\/\/media.ryttarutbildning.se\/2019\/01\/DSC_2025.jpg 3008w, https:\/\/media.ryttarutbildning.se\/2019\/01\/DSC_2025-300x199.jpg 300w, https:\/\/media.ryttarutbildning.se\/2019\/01\/DSC_2025-768x511.jpg 768w, https:\/\/media.ryttarutbildning.se\/2019\/01\/DSC_2025-1024x681.jpg 1024w, https:\/\/media.ryttarutbildning.se\/2019\/01\/DSC_2025-451x300.jpg 451w\" sizes=\"auto, (max-width: 3008px) 100vw, 3008px\" \/><\/a><em>Helmer Ridcenter d\u00e4r jag hyrde ett litet stall i b\u00f6rjan.<\/em><\/p>\n<p>F\u00f6r att starta upp beh\u00f6vdes \u00e4ven startkapital. Jag hade i princip inga pengar, s\u00e5 det som g\u00e4llde var att ta ett l\u00e5n. Jag tror att mina f\u00f6r\u00e4ldrar l\u00e5nade mig 50.000 som egen insats och resten l\u00e5nade jag av banken. Jag hade nog tur att hitta en bankman (som var en kvinna) som faktiskt trodde p\u00e5 min aff\u00e4rsid\u00e9. F\u00f6r banken kanske det inte heller var en s\u00e5 stor risk, f\u00f6r det handlade om &#8221;endast&#8221; 250.000 kr &#8211; men f\u00f6r mig var det en enorm summa. Man tj\u00e4nar inte j\u00e4ttebra p\u00e5 h\u00e4stjobb s\u00e5 fram till dess hade jag i princip levt som en student hela livet &#8211; dvs man r\u00e4knar tiokronor i slutet av m\u00e5naden och hoppas man har r\u00e5d med middag sista dagarna innan l\u00f6nen kommer.<\/p>\n<p>Jag fick l\u00e5net beviljat och hade d\u00e4rmed 300.000 kr som skulle r\u00e4cka till ink\u00f6p av 3-4 h\u00e4star, utrustning till dessa, hyra f\u00f6r boxarna (1500 per box), samt foder och str\u00f6 l\u00f6pande i b\u00f6rjan, innan jag hade kommit ig\u00e5ng med f\u00f6rs\u00e4ljningen. Jag hade en h\u00e4st &#8221;med mig&#8221;, Anea, som jag d\u00e5 hade p\u00e5 foder. Och s\u00e5 fick jag som tur var l\u00e5na en h\u00e4st av en v\u00e4n, s\u00e5 jag beh\u00f6vde bara k\u00f6pa tre h\u00e4star, d\u00e5 jag hade r\u00e4knat p\u00e5 att jag skulle beh\u00f6va fem. Jag f\u00e5r ont i magen av att t\u00e4nka p\u00e5 hur lite pengar jag egentligen hade f\u00f6r att komma ig\u00e5ng. Jag hade r\u00e4knat med att en h\u00e4st fick kosta max 50.000 kr, men bara d\u00e4r gick ju i s\u00e5 fall 150.000 kr iv\u00e4g p\u00e5 en g\u00e5ng! Med tanke p\u00e5 vad sadlar etc kostar s\u00e5 \u00e4r det ett mirakel att jag klarade f\u00f6rsta \u00e5ret. Tack och lov fick jag \u00e4ven ett starta eget-bidrag f\u00f6rsta 6 m\u00e5naderna, s\u00e5 jag kunde betala min egen hyra och min mat&#8230;<\/p>\n<p><strong>1 juli 2009 registrerades mitt f\u00f6retag, och sedan fanns det allts\u00e5 ingen \u00e5terv\u00e4ndo. Det fick b\u00e4ra eller brista.<\/strong><br \/>\n<a href=\"https:\/\/media.ryttarutbildning.se\/2019\/01\/DSC_2059.jpg\"><img loading=\"lazy\" decoding=\"async\" class=\"aligncenter size-full wp-image-19214\" src=\"https:\/\/media.ryttarutbildning.se\/2019\/01\/DSC_2059.jpg\" alt=\"\" width=\"3008\" height=\"2000\" srcset=\"https:\/\/media.ryttarutbildning.se\/2019\/01\/DSC_2059.jpg 3008w, https:\/\/media.ryttarutbildning.se\/2019\/01\/DSC_2059-300x199.jpg 300w, https:\/\/media.ryttarutbildning.se\/2019\/01\/DSC_2059-768x511.jpg 768w, https:\/\/media.ryttarutbildning.se\/2019\/01\/DSC_2059-1024x681.jpg 1024w, https:\/\/media.ryttarutbildning.se\/2019\/01\/DSC_2059-451x300.jpg 451w\" sizes=\"auto, (max-width: 3008px) 100vw, 3008px\" \/><\/a><em>Jag och Iffi, en av mina f\u00f6rsta h\u00e4star, och en av mina f\u00f6rsta bilder till hemsidan.<\/em><\/p>\n<p>&nbsp;<\/p>\n","protected":false},"excerpt":{"rendered":"<p>I mitt f\u00f6rra inl\u00e4gg skrev jag lite om dr\u00f6mmen om att starta eget. Nu i efterhand s\u00e5 verkar det s\u00e5 himla l\u00e4tt att bara dra ig\u00e5ng en s\u00e5dan sak, men om jag verkligen t\u00e4nker igenom det med min rationella del av hj\u00e4rnan s\u00e5 fattar jag inte att jag gjorde det. Jag fattar inte heller att [&hellip;]<\/p>\n","protected":false},"author":1,"featured_media":0,"comment_status":"open","ping_status":"open","sticky":false,"template":"","format":"standard","meta":{"_exactmetrics_skip_tracking":false,"_exactmetrics_sitenote_active":false,"_exactmetrics_sitenote_note":"","_exactmetrics_sitenote_category":0,"footnotes":""},"categories":[9,8],"tags":[],"class_list":["post-19210","post","type-post","status-publish","format-standard","hentry","category-driva-foretag","category-privat-ovrigt"],"_links":{"self":[{"href":"https:\/\/ryttarutbildning.se\/index.php?rest_route=\/wp\/v2\/posts\/19210","targetHints":{"allow":["GET"]}}],"collection":[{"href":"https:\/\/ryttarutbildning.se\/index.php?rest_route=\/wp\/v2\/posts"}],"about":[{"href":"https:\/\/ryttarutbildning.se\/index.php?rest_route=\/wp\/v2\/types\/post"}],"author":[{"embeddable":true,"href":"https:\/\/ryttarutbildning.se\/index.php?rest_route=\/wp\/v2\/users\/1"}],"replies":[{"embeddable":true,"href":"https:\/\/ryttarutbildning.se\/index.php?rest_route=%2Fwp%2Fv2%2Fcomments&post=19210"}],"version-history":[{"count":0,"href":"https:\/\/ryttarutbildning.se\/index.php?rest_route=\/wp\/v2\/posts\/19210\/revisions"}],"wp:attachment":[{"href":"https:\/\/ryttarutbildning.se\/index.php?rest_route=%2Fwp%2Fv2%2Fmedia&parent=19210"}],"wp:term":[{"taxonomy":"category","embeddable":true,"href":"https:\/\/ryttarutbildning.se\/index.php?rest_route=%2Fwp%2Fv2%2Fcategories&post=19210"},{"taxonomy":"post_tag","embeddable":true,"href":"https:\/\/ryttarutbildning.se\/index.php?rest_route=%2Fwp%2Fv2%2Ftags&post=19210"}],"curies":[{"name":"wp","href":"https:\/\/api.w.org\/{rel}","templated":true}]}}