{"id":18281,"date":"2018-09-07T11:18:03","date_gmt":"2018-09-07T09:18:03","guid":{"rendered":"http:\/\/ryttarutbildning.se\/?p=18281"},"modified":"2018-09-07T11:20:37","modified_gmt":"2018-09-07T09:20:37","slug":"redo-for-hosten","status":"publish","type":"post","link":"https:\/\/ryttarutbildning.se\/?p=18281","title":{"rendered":"Redo f\u00f6r h\u00f6sten"},"content":{"rendered":"<p><a href=\"https:\/\/media.ryttarutbildning.se\/2018\/09\/Suvi_Anea_okt17_15.jpg\"><img loading=\"lazy\" decoding=\"async\" class=\"aligncenter size-full wp-image-18282\" src=\"https:\/\/media.ryttarutbildning.se\/2018\/09\/Suvi_Anea_okt17_15.jpg\" alt=\"\" width=\"1903\" height=\"2311\" srcset=\"https:\/\/media.ryttarutbildning.se\/2018\/09\/Suvi_Anea_okt17_15.jpg 1903w, https:\/\/media.ryttarutbildning.se\/2018\/09\/Suvi_Anea_okt17_15-247x300.jpg 247w, https:\/\/media.ryttarutbildning.se\/2018\/09\/Suvi_Anea_okt17_15-768x933.jpg 768w, https:\/\/media.ryttarutbildning.se\/2018\/09\/Suvi_Anea_okt17_15-843x1024.jpg 843w\" sizes=\"auto, (max-width: 1903px) 100vw, 1903px\" \/><\/a>Den l\u00e4ngsta sommaren n\u00e5gonsin b\u00f6rjar ta slut. Det blir nog flera fina dagar kvar att se fram emot, men kanske inte p\u00e5 stranden. H\u00f6sten \u00e4r dock en bra tid p\u00e5 h\u00e4stryggen &#8211; lagom varmt och f\u00f6r min del s\u00e5 rider jag b\u00e4ttre efter sommaren f\u00f6r det mesta. Har m\u00e4rkt att jag \u00e4r mycket tr\u00f6ttare i kroppen p\u00e5 v\u00e5ren efter en l\u00e5ng vinter.<\/p>\n<p>Det finns ganska m\u00e5nga saker jag har funderat \u00f6ver under sommaren, b\u00e5de n\u00e4r det g\u00e4ller hur jag vill att mitt f\u00f6retag ska se ut, hur jag sj\u00e4lv vill ha det och \u00e4ven hur v\u00e4rlden ser ut. Den sista biten k\u00e4nns tyv\u00e4rr r\u00e4tt jobbig. Jag har t\u00e4nkt s\u00e5 m\u00e5nga g\u00e5nger att jag ska f\u00f6rs\u00f6ka s\u00e4tta ord p\u00e5 det, men det \u00e4r inte s\u00e5 l\u00e4tt som man kan tro f\u00f6r jag vet inte i vilken \u00e4nde jag skulle b\u00f6rja eller vad det skulle leda till.<\/p>\n<p><strong>Hur som helst s\u00e5 tror jag de flesta av oss kommer att g\u00e5 och r\u00f6sta p\u00e5 s\u00f6ndag.<\/strong> Personligen ligger milj\u00f6- och klimatfr\u00e5gor mig n\u00e4rmast, f\u00f6r utan en fungerande planet s\u00e5 finns det liksom inga andra fr\u00e5gor enligt mig. Jag tror dock att de flesta t\u00e4nker ganska kortsiktigt s\u00e5 jag k\u00e4nner inget st\u00f6rre hopp inf\u00f6r n\u00e5gon st\u00f6rre f\u00f6r\u00e4ndring, inte i tid i alla fall. (Och s\u00e5 sk\u00e4ms jag eftersom jag nyss fl\u00f6g utomlands &#8211; eftersom jag tycker att vi flyger p\u00e5 tok f\u00f6r mycket &#8211; men det var ju som sagt 15 \u00e5r sedan sist och l\u00e4r dr\u00f6ja till n\u00e4sta g\u00e5ng igen. Men jag tycker i alla fall att man ska t\u00e4nka sig f\u00f6r innan man s\u00e4tter sig p\u00e5 flyget &#8211; sedan kan det naturligtvis vara s\u00e5 att det ibland inte finns n\u00e5got annat alternativ.)<\/p>\n<p>Jaha, det var egentligen inte det jag hade t\u00e4nkt skriva om, inte nu, men jag tror att en del s\u00e5dana h\u00e4r fr\u00e5gor kan komma upp h\u00e4r igen. Jag k\u00e4nner ocks\u00e5 att jag har vissa skyldigheter som f\u00f6retagare (hur liten jag \u00e4n \u00e4r) att driva mitt f\u00f6retag som ett gott exempel, och det finns nog saker att jobba med om man rotar lite mer i skrymslena.<\/p>\n<p><strong>Tankar kring f\u00f6retaget d\u00e5?<\/strong> (Det var det jag skulle skriva om egentligen.) Jag ligger lite l\u00e5gt den h\u00e4r h\u00f6sten med kurser och bokningar. Jag har jobbat v\u00e4ldigt mycket med detta i 10 \u00e5r och jag beh\u00f6ver lite andrum k\u00e4nner jag. Det h\u00e4r \u00e5ret har jag faktiskt gjort lite mer saker privat, haft mer ledig tid och inte t\u00e4vlat s\u00e5 mycket &#8211; lite trist p\u00e5 s\u00e4tt och vis, men kanske n\u00f6dv\u00e4ndigt just nu. Det kan vara s\u00e5 att jag beh\u00f6ver \u00e4ndra p\u00e5 lite sm\u00e5 saker f\u00f6r att det ska bli h\u00e5llbart i m\u00e5nga \u00e5r till, f\u00f6r b\u00e5de mig och mina h\u00e4star.<\/p>\n<p><strong>N\u00e5gra saker jag har funderat p\u00e5:<\/strong><\/p>\n<p>Att l\u00e4gga en grupp dagtid (p\u00e5 sikt). Det kanske inte g\u00e5r alls pga avst\u00e5ndet hit, men om det \u00e4r n\u00e5gon som \u00e4r intresserad av detta i framtiden s\u00e5 vill jag g\u00e4rna veta det.<\/p>\n<p>Kanske n\u00e5gon form av fast privatlektionstid som ev kan delas tv\u00e5 och tv\u00e5 (motsvarande att rida i grupp, fast en v\u00e4ldigt liten &#8221;grupp&#8221;). Samma h\u00e4r &#8211; finns intresse f\u00f6r detta? Generellt verkar det vara ett stort intresse f\u00f6r privatlektioner, och det \u00e4r sv\u00e5rt att m\u00f6ta upp den efterfr\u00e5gan.<\/p>\n<p>Att eventuellt skapa ett &#8221;paket&#8221; f\u00f6r tr\u00e4ning \/ ridning f\u00f6r de med egen h\u00e4st. Vet dock inte i vilken form. <strong>Det jag vill ha mer av p\u00e5 b\u00e5de mina och elevernas h\u00e4star \u00e4r en tydlig riktning, m\u00e5l och mer fokuserad tr\u00e4ning.\u00a0<\/strong>Kom g\u00e4rna med egna id\u00e9er. En del kanske stannar p\u00e5 id\u00e9-stadiet, men i n\u00e5gon form m\u00e5ste man ju alltid f\u00f6r\u00e4ndra och utveckla ett koncept &#8211; <strong>grunden kommer dock att bibeh\u00e5llas, f\u00f6r den \u00e4r bra!\u00a0<\/strong><\/p>\n","protected":false},"excerpt":{"rendered":"<p>Den l\u00e4ngsta sommaren n\u00e5gonsin b\u00f6rjar ta slut. Det blir nog flera fina dagar kvar att se fram emot, men kanske inte p\u00e5 stranden. H\u00f6sten \u00e4r dock en bra tid p\u00e5 h\u00e4stryggen &#8211; lagom varmt och f\u00f6r min del s\u00e5 rider jag b\u00e4ttre efter sommaren f\u00f6r det mesta. Har m\u00e4rkt att jag \u00e4r mycket tr\u00f6ttare i [&hellip;]<\/p>\n","protected":false},"author":1,"featured_media":0,"comment_status":"open","ping_status":"open","sticky":false,"template":"","format":"standard","meta":{"_exactmetrics_skip_tracking":false,"_exactmetrics_sitenote_active":false,"_exactmetrics_sitenote_note":"","_exactmetrics_sitenote_category":0,"footnotes":""},"categories":[14,9,8],"tags":[],"class_list":["post-18281","post","type-post","status-publish","format-standard","hentry","category-asikter-och-tankar","category-driva-foretag","category-privat-ovrigt"],"_links":{"self":[{"href":"https:\/\/ryttarutbildning.se\/index.php?rest_route=\/wp\/v2\/posts\/18281","targetHints":{"allow":["GET"]}}],"collection":[{"href":"https:\/\/ryttarutbildning.se\/index.php?rest_route=\/wp\/v2\/posts"}],"about":[{"href":"https:\/\/ryttarutbildning.se\/index.php?rest_route=\/wp\/v2\/types\/post"}],"author":[{"embeddable":true,"href":"https:\/\/ryttarutbildning.se\/index.php?rest_route=\/wp\/v2\/users\/1"}],"replies":[{"embeddable":true,"href":"https:\/\/ryttarutbildning.se\/index.php?rest_route=%2Fwp%2Fv2%2Fcomments&post=18281"}],"version-history":[{"count":0,"href":"https:\/\/ryttarutbildning.se\/index.php?rest_route=\/wp\/v2\/posts\/18281\/revisions"}],"wp:attachment":[{"href":"https:\/\/ryttarutbildning.se\/index.php?rest_route=%2Fwp%2Fv2%2Fmedia&parent=18281"}],"wp:term":[{"taxonomy":"category","embeddable":true,"href":"https:\/\/ryttarutbildning.se\/index.php?rest_route=%2Fwp%2Fv2%2Fcategories&post=18281"},{"taxonomy":"post_tag","embeddable":true,"href":"https:\/\/ryttarutbildning.se\/index.php?rest_route=%2Fwp%2Fv2%2Ftags&post=18281"}],"curies":[{"name":"wp","href":"https:\/\/api.w.org\/{rel}","templated":true}]}}